{"id":10174,"date":"2022-12-05T01:49:47","date_gmt":"2022-12-04T22:49:47","guid":{"rendered":"https:\/\/antofapop.cl\/?p=10174"},"modified":"2022-12-05T01:49:48","modified_gmt":"2022-12-04T22:49:48","slug":"seremi-de-economia-resalto-rol-de-las-pymes-en-sus-diversos-rubros-e-insto-a-que-las-mujeres-puedan-acceder-a-mayores-espacios-dentro-de-la-economia","status":"publish","type":"post","link":"https:\/\/antofapop.cl\/index.php\/2022\/12\/05\/seremi-de-economia-resalto-rol-de-las-pymes-en-sus-diversos-rubros-e-insto-a-que-las-mujeres-puedan-acceder-a-mayores-espacios-dentro-de-la-economia\/","title":{"rendered":"Seremi de Econom\u00eda resalt\u00f3 rol de las Pymes en sus diversos rubros, e inst\u00f3 a que las mujeres puedan acceder a mayores espacios dentro de la econom\u00eda"},"content":{"rendered":"<div class='booster-block booster-read-block'>\n                <div class=\"twp-read-time\">\n                \t<i class=\"booster-icon twp-clock\"><\/i> <span>Tiempo de Lectura:<\/span>3 Minutos, 33 Segundos                <\/div>\n\n            <\/div>\n<p><em><strong>Fue en un recuento que realiz\u00f3 la autoridad local de lo que han sido las diferentes actividades en distintas comunas en que la autoridad local coment\u00f3 de este trabajo.<\/strong><\/em><\/p>\n\n\n\n<p><em><strong>Conversatorios, encuentro con empresarias, ferias de emprendedores y entrega de \u00e1reas productivas para la pesca artesanal, se tomaron la pen\u00faltima jornada.<\/strong><\/em><\/p>\n\n\n\n<p>Fue en la visita a la Feria de Sercotec, que organiza la direcci\u00f3n regional, donde la Seremi Mar\u00eda Teresa V\u00e9liz, junto con diversos emprendedores entreg\u00f3 un breve recuento de lo que ha sido la Semana de la Pyme 2022 en la regi\u00f3n de Antofagasta, donde participaron m\u00e1s de 800 personas en las diferentes actividades que se desarrollaron en la mayor\u00eda de las comunas.<\/p>\n\n\n\n<p>Esta nueva versi\u00f3n de la Semana de la Pyme, que organiza el Ministerio de Econom\u00eda, Fomento y Turismo, cont\u00f3 con el apoyo de servicios como Corfo, Sercotec, Sernatur, Sernapesca; los servicios de Hacienda, el Ministerio de Agricultura y Banco Estado, permiti\u00f3 que se concretaran cerca de 20 diversas convocatorias donde se pudo mostrar diversas \u00e1reas de desarrollo de los emprendedores, y sobre todo evidenciar la importancia que tienen en el dise\u00f1o de productividad del Gobierno del Presidente Gabriel Boric<\/p>\n\n\n\n<p>Bajo ese contexto, la Seremi Mar\u00eda Teresa Veliz coment\u00f3 que, en t\u00e9rminos generales, \u201chemos visto una buena convocatoria, pues de todas las actividades hemos tenido m\u00e1s de 800 personas participando en las ferias, exposiciones, charlas, lo que ha sido algo que nos ha dejado contentos. Han sido d\u00edas de completo despliegue del territorio, siendo este el primer mensaje del presidente Boric, es estar en los territorios, y el segundo de hacer entender que nuestras pymes est\u00e1n en el coraz\u00f3n del gobierno.<\/p>\n\n\n\n<p>Dentro del abanico de actividades desarrolladas durante la semana, se destacaron diversas charlas, ceremonias de entrega de recursos, firma de convenios de colaboraci\u00f3n, y sobre todo el desarrollo de ferias, siendo estas \u00faltimas lideradas por Sercotec.<\/p>\n\n\n\n<p>\u201cEsta feria navide\u00f1a, es el espacio que hemos decidido para dar visibilidad durante esta temporada a los emprendedores. Sercotec tiene el objetivo de fortalecer, promocionar, reactivar y generar otras ideas de negocios y es un foco que mantendremos el pr\u00f3ximo a\u00f1o\u201d, comento el director regional de Sercotec, Kevyn Galleguillos, quien adem\u00e1s a\u00f1adi\u00f3 que dentro del a\u00f1o en curso se han beneficiado a m\u00e1s de 5000 emprendedores de la regi\u00f3n.<\/p>\n\n\n\n<p><strong>Otras actividades<\/strong><\/p>\n\n\n\n<p>La jornada de este viernes de la Semana de la Pyme 2022, que se desarrolla desde el 28 de noviembre y termina en la regi\u00f3n ma\u00f1ana en la comuna de Tocopilla, tuvo la ocasi\u00f3n de poder convocar a primeras horas de una desayuno junto con diversas empresarias locales, en donde la Seremi de Econom\u00eda, junto con otras colegas mujeres del gobierno, pudieron compartir diversas experiencias, pero sobre todo abrir un espacio de trabajo para que las empresarias tengan mayores espacios de desarrollo en la econom\u00eda local, pero tambi\u00e9n posicionarlas en el escenario de la toma de decisiones.<\/p>\n\n\n\n<p>As\u00ed lo evidenci\u00f3 Paola Quezada de Agencias Redes, quien agradeci\u00f3 el encuentro con la autoridad, \u201cdonde nos reunimos con otras Seremis, y que bueno ver que hemos caminado muy bien a la paridad con muchas autoridades mujeres que saben de nuestras necesidades, dolencias o aspiraciones tambi\u00e9n. No todo es un problema, ya que nosotras hemos sabido abrirnos camino como mujeres (\u2026) hemos podido levantar una asociaci\u00f3n exclusiva de nosotras que busca abrirse paso dentro de una industria que hist\u00f3ricamente ha sido masculinizada, pero que tambi\u00e9n dado muestras de cambios\u201d.<\/p>\n\n\n\n<p>Luego de ello, la Seremi particip\u00f3 de un Webinar junto con la Empresa Portuaria Antofagasta, donde se presentaron diversas l\u00edneas de trabajo del Ministerio, para finalmente cerrar con la Ceremonia de entrega del \u00c1rea de Manejo de Caleta El Lagarto, lo que significa el reconocimiento de un sector protegido que el sindicato local de pescadores artesanales pueda ejercer su labor de manera sustentable.<\/p>\n\n\n\n<p><strong>Consulta ciudadana<\/strong><\/p>\n\n\n\n<p>Como cierre de lo que ha sido esta Semana el Ministerio de Econom\u00eda, Fomento y Turismo, indic\u00f3 que se ampli\u00f3 el plazo de la consulta ciudadana que habilit\u00f3 en su p\u00e1gina, para que las pymes puedan entregar su opini\u00f3n sobre lo que las siguientes pol\u00edticas p\u00fablicas en favor de ellas deban contener.<\/p>\n\n\n\n<p>Para poder acceder a ella solo deben ingresar a la p\u00e1gina&nbsp;<a href=\"http:\/\/www.economia.gob.cl\/\" target=\"_blank\" rel=\"noreferrer noopener\">www.economia.gob.cl<\/a>&nbsp;y hacer click en el banner Consulta Ciudadana 2022.<\/p>\n","protected":false},"excerpt":{"rendered":"<p>Fue en un recuento que realiz\u00f3 la autoridad local de lo que han sido las diferentes actividades en distintas comunas en que la autoridad local coment\u00f3 de este trabajo. Conversatorios,&hellip;<\/p>\n","protected":false},"author":1,"featured_media":0,"comment_status":"closed","ping_status":"closed","sticky":false,"template":"","format":"standard","meta":{"_monsterinsights_skip_tracking":false,"_monsterinsights_sitenote_active":false,"_monsterinsights_sitenote_note":"","_monsterinsights_sitenote_category":0,"footnotes":""},"categories":[659,2405],"tags":[1667,699,1062,747,263,7042,6631,642],"class_list":["post-10174","post","type-post","status-publish","format-standard","hentry","category-emprendimiento","category-region","tag-economia","tag-espacios","tag-mayores","tag-mujeres","tag-pymes","tag-rol","tag-rubros","tag-seremi"],"_links":{"self":[{"href":"https:\/\/antofapop.cl\/index.php\/wp-json\/wp\/v2\/posts\/10174"}],"collection":[{"href":"https:\/\/antofapop.cl\/index.php\/wp-json\/wp\/v2\/posts"}],"about":[{"href":"https:\/\/antofapop.cl\/index.php\/wp-json\/wp\/v2\/types\/post"}],"author":[{"embeddable":true,"href":"https:\/\/antofapop.cl\/index.php\/wp-json\/wp\/v2\/users\/1"}],"replies":[{"embeddable":true,"href":"https:\/\/antofapop.cl\/index.php\/wp-json\/wp\/v2\/comments?post=10174"}],"version-history":[{"count":1,"href":"https:\/\/antofapop.cl\/index.php\/wp-json\/wp\/v2\/posts\/10174\/revisions"}],"predecessor-version":[{"id":10177,"href":"https:\/\/antofapop.cl\/index.php\/wp-json\/wp\/v2\/posts\/10174\/revisions\/10177"}],"wp:attachment":[{"href":"https:\/\/antofapop.cl\/index.php\/wp-json\/wp\/v2\/media?parent=10174"}],"wp:term":[{"taxonomy":"category","embeddable":true,"href":"https:\/\/antofapop.cl\/index.php\/wp-json\/wp\/v2\/categories?post=10174"},{"taxonomy":"post_tag","embeddable":true,"href":"https:\/\/antofapop.cl\/index.php\/wp-json\/wp\/v2\/tags?post=10174"}],"curies":[{"name":"wp","href":"https:\/\/api.w.org\/{rel}","templated":true}]}}