{"id":10260,"date":"2022-12-13T23:17:10","date_gmt":"2022-12-13T20:17:10","guid":{"rendered":"https:\/\/antofapop.cl\/?p=10260"},"modified":"2022-12-13T23:17:11","modified_gmt":"2022-12-13T20:17:11","slug":"orquesta-sinfonica-despide-su-temporada-de-los-60-anos-con-navidad-pop","status":"publish","type":"post","link":"https:\/\/antofapop.cl\/index.php\/2022\/12\/13\/orquesta-sinfonica-despide-su-temporada-de-los-60-anos-con-navidad-pop\/","title":{"rendered":"Orquesta Sinf\u00f3nica despide su temporada de los 60 a\u00f1os con \u201cNavidad Pop\u201d"},"content":{"rendered":"<div class='booster-block booster-read-block'>\n                <div class=\"twp-read-time\">\n                \t<i class=\"booster-icon twp-clock\"><\/i> <span>Tiempo de Lectura:<\/span>1 Minutos, 19 Segundos                <\/div>\n\n            <\/div>\n<p><em><strong>La cita es este viernes 16 en el Teatro Municipal. Contar\u00e1 con la participaci\u00f3n de Luna Cordero y Omar Duk, tomando un repertorio que va desde lo tradicional hasta \u00e9xitos navide\u00f1os de Mariah Carey y Ariana Grande.<\/strong><\/em><\/p>\n\n\n\n<p>Llegamos al final de la temporada con que la <strong>Orquesta Sinf\u00f3nica de Antofagasta<\/strong> conmemor\u00f3 sus 60 a\u00f1os de existencia. Y como es tradici\u00f3n, el concierto final estar\u00e1 dedicado a la Navidad, para que grandes y j\u00f3venes puedan disfrutar en conjunto del trabajo de la una de las m\u00e1s longevas orquestas del pa\u00eds.<\/p>\n\n\n\n<p><strong>\u201cNavidad Pop\u201d<\/strong> se titula el espect\u00e1culo presentado por <strong>Escondida | BHP<\/strong>, y el nombre se refiere a como la m\u00fasica navide\u00f1a ha sido parte del mundo de la m\u00fasica popular, a trav\u00e9s de los \u00e1lbumes navide\u00f1os.<\/p>\n\n\n\n<p>Este evento ser\u00e1 gratuito este <strong>viernes 16 de diciembre, a las 20 horas<\/strong>, en el Teatro Municipal, previa inscripci\u00f3n en a contar del mi\u00e9rcoles 14 en <a href=\"http:\/\/www.culturaantofagasta.cl\">www.culturaantofagasta.cl<\/a><\/p>\n\n\n\n<p>Participar\u00e1n como invitados los cantantes <strong>Omar Duk<\/strong> y <strong>Luna Cordero<\/strong>, quien es ya una habitual colaboradora de la orquesta para repertorios populares. Los arreglos pertenecen a <strong>Dalibor Yutronic<\/strong>, y la direcci\u00f3n estar\u00e1 a cargo del maestro titular <strong>Christian Baeza<\/strong>.<\/p>\n\n\n\n<p>El repertorio conjugar\u00e1 cl\u00e1sicos universales, como \u201cJingle Bells\u201d, \u201cEl Tamborilero\u201d y el infaltable \u201cNoche de Paz\u201d, con canciones m\u00e1s modernas provenientes de los discos navide\u00f1os de artistas pop, como <strong>Mariah Carey<\/strong> (\u201cAll I Want for Christmas is You\u201d) y <strong>Ariana Grande<\/strong> (\u201cSanta Tell Me\u201d). Est\u00e1 \u00faltima, de 2014, no tiene una d\u00e9cada de existencia.<\/p>\n\n\n\n<p><strong>Este concierto ser\u00e1 transmitido adem\u00e1s de manera digital por las redes sociales de Cultura Antofagasta.<\/strong>&nbsp;<\/p>\n","protected":false},"excerpt":{"rendered":"<p>La cita es este viernes 16 en el Teatro Municipal. Contar\u00e1 con la participaci\u00f3n de Luna Cordero y Omar Duk, tomando un repertorio que va desde lo tradicional hasta \u00e9xitos&hellip;<\/p>\n","protected":false},"author":1,"featured_media":0,"comment_status":"closed","ping_status":"closed","sticky":false,"template":"","format":"standard","meta":{"_monsterinsights_skip_tracking":false,"_monsterinsights_sitenote_active":false,"_monsterinsights_sitenote_note":"","_monsterinsights_sitenote_category":0,"footnotes":""},"categories":[2,219],"tags":[919,36,227,4108,443,442,95,444,129],"class_list":["post-10260","post","type-post","status-publish","format-standard","hentry","category-antofagasta","category-cartelera","tag-anos","tag-antofagasta","tag-cca","tag-navidad","tag-orquesta","tag-osa","tag-pop","tag-sinfonica","tag-temporada"],"_links":{"self":[{"href":"https:\/\/antofapop.cl\/index.php\/wp-json\/wp\/v2\/posts\/10260"}],"collection":[{"href":"https:\/\/antofapop.cl\/index.php\/wp-json\/wp\/v2\/posts"}],"about":[{"href":"https:\/\/antofapop.cl\/index.php\/wp-json\/wp\/v2\/types\/post"}],"author":[{"embeddable":true,"href":"https:\/\/antofapop.cl\/index.php\/wp-json\/wp\/v2\/users\/1"}],"replies":[{"embeddable":true,"href":"https:\/\/antofapop.cl\/index.php\/wp-json\/wp\/v2\/comments?post=10260"}],"version-history":[{"count":1,"href":"https:\/\/antofapop.cl\/index.php\/wp-json\/wp\/v2\/posts\/10260\/revisions"}],"predecessor-version":[{"id":10262,"href":"https:\/\/antofapop.cl\/index.php\/wp-json\/wp\/v2\/posts\/10260\/revisions\/10262"}],"wp:attachment":[{"href":"https:\/\/antofapop.cl\/index.php\/wp-json\/wp\/v2\/media?parent=10260"}],"wp:term":[{"taxonomy":"category","embeddable":true,"href":"https:\/\/antofapop.cl\/index.php\/wp-json\/wp\/v2\/categories?post=10260"},{"taxonomy":"post_tag","embeddable":true,"href":"https:\/\/antofapop.cl\/index.php\/wp-json\/wp\/v2\/tags?post=10260"}],"curies":[{"name":"wp","href":"https:\/\/api.w.org\/{rel}","templated":true}]}}