{"id":10278,"date":"2022-12-17T18:27:36","date_gmt":"2022-12-17T15:27:36","guid":{"rendered":"https:\/\/antofapop.cl\/?p=10278"},"modified":"2022-12-21T18:38:26","modified_gmt":"2022-12-21T15:38:26","slug":"programa-de-capacitacion-y-preparacion-laboral-beneficiara-a-150-personas","status":"publish","type":"post","link":"https:\/\/antofapop.cl\/index.php\/2022\/12\/17\/programa-de-capacitacion-y-preparacion-laboral-beneficiara-a-150-personas\/","title":{"rendered":"Programa de capacitaci\u00f3n y preparaci\u00f3n laboral beneficiar\u00e1 a 150 personas"},"content":{"rendered":"<div class='booster-block booster-read-block'>\n                <div class=\"twp-read-time\">\n                \t<i class=\"booster-icon twp-clock\"><\/i> <span>Tiempo de Lectura:<\/span>3 Minutos, 1 Segundos                <\/div>\n\n            <\/div>\n<p><strong><em>La iniciativa que est\u00e1 dirigida principalmente a mujeres y personas en situaci\u00f3n de vulnerabilidad social o discapacidad, contar\u00e1 con cinco cursos habilitantes y el apoyo de la Agencia de Vinculaci\u00f3n Laboral de Dos Barbas para promover la empleabilidad.<\/em><\/strong><\/p>\n\n\n\n<p><em>En el Centro Cultural de Taltal, se llev\u00f3 a cabo la ceremonia de lanzamiento del <\/em><strong><em>Programa de Capacitaci\u00f3n y Preparaci\u00f3n Laboral 2022<\/em><\/strong><em>, que se desarrollar\u00e1 en las comunas de Antofagasta, Calama y Taltal, con el objetivo de disminuir brechas y entregar herramientas para potenciar la inserci\u00f3n laboral.&nbsp;<\/em><\/p>\n\n\n\n<p>En este sentido, es que la <strong>jefa de Capacitaci\u00f3n y Desarrollo<\/strong> de <strong>Minera Meridian, El Pe\u00f1\u00f3n, Cecilia Miranda<\/strong>, dijo que \u201cestamos aperturando un programa que busca entregar herramientas de empleabilidad a mujeres, adem\u00e1s de personas en situaci\u00f3n de discapacidad y estudiantes egresados de liceos t\u00e9cnicos con especialidades afines a la industria minera\u201d. Asimismo, destac\u00f3 que la empresa lleva m\u00e1s de 23 a\u00f1os trabajando en el rubro de la miner\u00eda subterr\u00e1nea y para la compa\u00f1\u00eda es muy importante marcar presencia en la comunidad de la Regi\u00f3n de Antofagasta.<\/p>\n\n\n\n<p>El <strong>l\u00edder de Comunidades de Minera Meridian, El Pe\u00f1\u00f3n, Jos\u00e9 Naddaf<\/strong>, destac\u00f3 que <em>\u201cm\u00e1s all\u00e1 de lo t\u00e9cnico, los beneficiarios podr\u00e1n aprender sobre temas transversales en temas de seguridad y actividades mineras. Por lo tanto, va a permitir que puedan conocer sobre miner\u00eda, lo que les puede abrir nuevas oportunidades para trabajar en este rubro\u201d,<\/em> se\u00f1al\u00f3.<\/p>\n\n\n\n<p>Por su parte, el <strong>alcalde de la comuna de Taltal<\/strong>, <strong>Guillermo Hidalgo<\/strong>, agradeci\u00f3 esta oportunidad que se le est\u00e1 entregando a los j\u00f3venes y mujeres de Taltal que participan en los diferentes programas del municipio.&nbsp; \u201c<em>El llamado es que las personas beneficiarias sean responsables con esta oportunidad, sobre todo porque la empresa est\u00e1 comprometida con la inserci\u00f3n laboral de las personas<\/em>\u201d.<\/p>\n\n\n\n<p>Cabe destacar que en esta oportunidad, las personas que realicen los cursos del programa, contar\u00e1n con el respaldo de la<strong> Agencia de Vinculaci\u00f3n Laboral de Dos Barbas<\/strong>, que realizar\u00e1 un acompa\u00f1amiento en el proceso de b\u00fasqueda de empleo, desarrollando talleres personalizados de apresto laboral y entregando conocimientos para enfrentar una entrevista de trabajo.&nbsp;<\/p>\n\n\n\n<p><strong>Fernanda Ch\u00e1vez<\/strong>, <strong>una de las beneficiarias del curso de Asistente Administrativo<\/strong> que se impartir\u00e1 en Taltal, se mostr\u00f3 feliz y dijo sentirse: <em>\u201cmuy entusiasmada con la posibilidad de encontrar un trabajo, porque as\u00ed me podr\u00e9 hacer cargo completamente de mi entorno, mi hogar y mis hijos, porque yo soy la que gestiona los ingresos de la casa\u201d.<\/em> Adem\u00e1s, asegur\u00f3 tomarlo como <em>\u201cuna oportunidad para avanzar para crecer y para ser un ejemplo de superaci\u00f3n para mis hijos\u201d.<\/em><\/p>\n\n\n\n<p><strong>PROGRAMA<\/strong><\/p>\n\n\n\n<p>Esta iniciativa beneficiar\u00e1 a 150 personas de las comunas de Antofagasta, Calama y Taltal, con la ejecuci\u00f3n de los cursos de Bodega y Log\u00edstica, el cual tiene un complemento en Gr\u00faa Horquilla con Licencia Clase D. Mantenedor de Base Planta, que tambi\u00e9n tendr\u00e1 un Curso Gr\u00faa Horquilla con Licencia Clase D. Operador de Equipos M\u00f3viles, el cual contar\u00e1 con un curso anexo en Refiner\u00eda y Asistencia en Geolog\u00eda. Adem\u00e1s de una capacitaci\u00f3n de Asistente Administrativo, que considera un complemento en Recursos Humanos.<\/p>\n\n\n\n<p>Junto con lo anterior, todos los participantes recibir\u00e1n la capacitaci\u00f3n transversal en el curso \u201cTrabajar en Miner\u00eda\u201d, con el cual podr\u00e1n obtener una base te\u00f3rica para conocer mejor este rubro y, de este modo, obtener mayores y mejores posibilidades para ingresar a la industria de este sector.<\/p>\n\n\n\n<p>Este Programa de Capacitaci\u00f3n y Preparaci\u00f3n Laboral, es una iniciativa impulsada por <strong>Minera Meridian \u201cEl Pe\u00f1\u00f3n\u201d y Sence<\/strong>, adem\u00e1s de la coordinaci\u00f3n de la <strong>OTIC<\/strong> de la <strong>C\u00e1mara Chilena de la Construcci\u00f3n<\/strong>, que se lleva a cabo con el objetivo de instalar competencias, disminuir brechas de desempleo e incentivar su inserci\u00f3n laboral.<\/p>\n","protected":false},"excerpt":{"rendered":"<p>La iniciativa que est\u00e1 dirigida principalmente a mujeres y personas en situaci\u00f3n de vulnerabilidad social o discapacidad, contar\u00e1 con cinco cursos habilitantes y el apoyo de la Agencia de Vinculaci\u00f3n&hellip;<\/p>\n","protected":false},"author":1,"featured_media":0,"comment_status":"closed","ping_status":"closed","sticky":false,"template":"","format":"standard","meta":{"_monsterinsights_skip_tracking":false,"_monsterinsights_sitenote_active":false,"_monsterinsights_sitenote_note":"","_monsterinsights_sitenote_category":0,"footnotes":""},"categories":[2,6686],"tags":[781,6883,398,5845,1108,262],"class_list":["post-10278","post","type-post","status-publish","format-standard","hentry","category-antofagasta","category-corporativo","tag-capacitacion","tag-laboral","tag-personas","tag-preparacion","tag-programa","tag-regional"],"_links":{"self":[{"href":"https:\/\/antofapop.cl\/index.php\/wp-json\/wp\/v2\/posts\/10278"}],"collection":[{"href":"https:\/\/antofapop.cl\/index.php\/wp-json\/wp\/v2\/posts"}],"about":[{"href":"https:\/\/antofapop.cl\/index.php\/wp-json\/wp\/v2\/types\/post"}],"author":[{"embeddable":true,"href":"https:\/\/antofapop.cl\/index.php\/wp-json\/wp\/v2\/users\/1"}],"replies":[{"embeddable":true,"href":"https:\/\/antofapop.cl\/index.php\/wp-json\/wp\/v2\/comments?post=10278"}],"version-history":[{"count":1,"href":"https:\/\/antofapop.cl\/index.php\/wp-json\/wp\/v2\/posts\/10278\/revisions"}],"predecessor-version":[{"id":10281,"href":"https:\/\/antofapop.cl\/index.php\/wp-json\/wp\/v2\/posts\/10278\/revisions\/10281"}],"wp:attachment":[{"href":"https:\/\/antofapop.cl\/index.php\/wp-json\/wp\/v2\/media?parent=10278"}],"wp:term":[{"taxonomy":"category","embeddable":true,"href":"https:\/\/antofapop.cl\/index.php\/wp-json\/wp\/v2\/categories?post=10278"},{"taxonomy":"post_tag","embeddable":true,"href":"https:\/\/antofapop.cl\/index.php\/wp-json\/wp\/v2\/tags?post=10278"}],"curies":[{"name":"wp","href":"https:\/\/api.w.org\/{rel}","templated":true}]}}