{"id":11010,"date":"2023-01-26T20:54:17","date_gmt":"2023-01-26T17:54:17","guid":{"rendered":"https:\/\/antofapop.cl\/?p=11010"},"modified":"2023-01-27T05:09:33","modified_gmt":"2023-01-27T02:09:33","slug":"lanzaran-fotolibro-niebla-de-la-artista-antonieta-clunes","status":"publish","type":"post","link":"https:\/\/antofapop.cl\/index.php\/2023\/01\/26\/lanzaran-fotolibro-niebla-de-la-artista-antonieta-clunes\/","title":{"rendered":"Lanzar\u00e1n fotolibro \u2018Niebla\u2019 de la artista Antonieta Clunes"},"content":{"rendered":"<div class='booster-block booster-read-block'>\n                <div class=\"twp-read-time\">\n                \t<i class=\"booster-icon twp-clock\"><\/i> <span>Tiempo de Lectura:<\/span>1 Minutos, 43 Segundos                <\/div>\n\n            <\/div>\n<p>Un in\u00e9dito lanzamiento tendr\u00e1 lugar este viernes 27 de enero, a partir de las 18:00 horas en el auditorio del Museo de Antofagasta, donde se presentar\u00e1 el fotolibro \u2018Niebla\u2019, de la artista Antonieta Clunes y editado por \u2018Lautaro Ediciones\u2019, el que fue financiado por el Fondart Nacional del Ministerio de las Culturas, las Artes y el Patrimonio.<\/p>\n\n\n\n<p>En la ocasi\u00f3n los asistentes podr\u00e1n ser parte del lanzamiento del libro, pero tambi\u00e9n de la exposici\u00f3n que se encuentra desplegada desde este mes denominada \u2018Intermareal, laboratorio sensible del desierto brumario\u2019, de la misma autora, el cual sintetiza el estudio sobre las algas que viene realizando desde 2015 y donde releva su importancia biol\u00f3gica, ambiental, pero tambi\u00e9n antropol\u00f3gica.<\/p>\n\n\n\n<p>\u201cPor eso quisimos realizar una contextualizaci\u00f3n del proyecto, para que las personas pudieran entender la profundidad del tema, ya que involucra un relacionamiento con investigadores en el \u00e1mbito de la historia, la arqueolog\u00eda, la antropolog\u00eda y o la biolog\u00eda marina\u201d, explic\u00f3 Clunes.<\/p>\n\n\n\n<p>De hecho, el lanzamiento del libro comenzar\u00e1 con una visita guiada a cargo del destacado arque\u00f3logo, Benjam\u00edn Ballester, para explicar algunos aspectos poco conocidos sobre los habitantes de la costa.<\/p>\n\n\n\n<p>Seg\u00fan la autora, el libro unifica el concepto central de la exposici\u00f3n \u2018Intermareal\u2019, que est\u00e1 relacionada con la extracci\u00f3n de las algas, con parte de la historia de los primeros habitantes de la costa de la regi\u00f3n de Antofagasta, que se caracterizaban por ser pescadores y recolectores de productos del mar, pero de quienes en realidad se conoce muy poco.<\/p>\n\n\n\n<p>Antonieta Clunes es una dise\u00f1adora, artista y mag\u00edster en Artes Mediales, cuyo campo de investigaci\u00f3n se ha centrado en espacios donde convergen el arte y la ciencia, participando en una serie de proyectos comunitarios, congresos y exposiciones a nivel nacional e internacional, destacando su residencia \u2018Efecto de borde\u2019, que invita a convivir a artistas y cient\u00edficos, adem\u00e1s de numerosas experiencias educativas y de investigaci\u00f3n.<\/p>\n\n\n\n<p>El lanzamiento del fotolibro \u2018Niebla\u2019 se realizar\u00e1 este viernes a partir de las 18:00 horas, en el auditorio del Museo de Antofagasta, ubicado en Balmaceda #2786, y la entrada es liberada.<\/p>\n","protected":false},"excerpt":{"rendered":"<p>Un in\u00e9dito lanzamiento tendr\u00e1 lugar este viernes 27 de enero, a partir de las 18:00 horas en el auditorio del Museo de Antofagasta, donde se presentar\u00e1 el fotolibro \u2018Niebla\u2019, de&hellip;<\/p>\n","protected":false},"author":1,"featured_media":11011,"comment_status":"closed","ping_status":"closed","sticky":false,"template":"","format":"standard","meta":{"_monsterinsights_skip_tracking":false,"_monsterinsights_sitenote_active":false,"_monsterinsights_sitenote_note":"","_monsterinsights_sitenote_category":0,"footnotes":""},"categories":[2,197],"tags":[36,7342,168,7343,319,7341],"class_list":["post-11010","post","type-post","status-publish","format-standard","has-post-thumbnail","hentry","category-antofagasta","category-libros","tag-antofagasta","tag-antonieta","tag-artista","tag-clunes","tag-libro","tag-niebla"],"_links":{"self":[{"href":"https:\/\/antofapop.cl\/index.php\/wp-json\/wp\/v2\/posts\/11010"}],"collection":[{"href":"https:\/\/antofapop.cl\/index.php\/wp-json\/wp\/v2\/posts"}],"about":[{"href":"https:\/\/antofapop.cl\/index.php\/wp-json\/wp\/v2\/types\/post"}],"author":[{"embeddable":true,"href":"https:\/\/antofapop.cl\/index.php\/wp-json\/wp\/v2\/users\/1"}],"replies":[{"embeddable":true,"href":"https:\/\/antofapop.cl\/index.php\/wp-json\/wp\/v2\/comments?post=11010"}],"version-history":[{"count":2,"href":"https:\/\/antofapop.cl\/index.php\/wp-json\/wp\/v2\/posts\/11010\/revisions"}],"predecessor-version":[{"id":11021,"href":"https:\/\/antofapop.cl\/index.php\/wp-json\/wp\/v2\/posts\/11010\/revisions\/11021"}],"wp:featuredmedia":[{"embeddable":true,"href":"https:\/\/antofapop.cl\/index.php\/wp-json\/wp\/v2\/media\/11011"}],"wp:attachment":[{"href":"https:\/\/antofapop.cl\/index.php\/wp-json\/wp\/v2\/media?parent=11010"}],"wp:term":[{"taxonomy":"category","embeddable":true,"href":"https:\/\/antofapop.cl\/index.php\/wp-json\/wp\/v2\/categories?post=11010"},{"taxonomy":"post_tag","embeddable":true,"href":"https:\/\/antofapop.cl\/index.php\/wp-json\/wp\/v2\/tags?post=11010"}],"curies":[{"name":"wp","href":"https:\/\/api.w.org\/{rel}","templated":true}]}}