{"id":11158,"date":"2023-02-10T03:15:28","date_gmt":"2023-02-10T00:15:28","guid":{"rendered":"https:\/\/antofapop.cl\/?p=11158"},"modified":"2023-02-10T03:15:28","modified_gmt":"2023-02-10T00:15:28","slug":"academica-elizabeth-lam-nominada-al-ancla-de-oro-por-su-trayectoria-en-tematicas-sociales-e-inclusion","status":"publish","type":"post","link":"https:\/\/antofapop.cl\/index.php\/2023\/02\/10\/academica-elizabeth-lam-nominada-al-ancla-de-oro-por-su-trayectoria-en-tematicas-sociales-e-inclusion\/","title":{"rendered":"<strong>Acad\u00e9mica Elizabeth Lam nominada al Ancla de Oro por su trayectoria en tem\u00e1ticas sociales e inclusi\u00f3n<\/strong>"},"content":{"rendered":"<div class='booster-block booster-read-block'>\n                <div class=\"twp-read-time\">\n                \t<i class=\"booster-icon twp-clock\"><\/i> <span>Tiempo de Lectura:<\/span>1 Minutos, 29 Segundos                <\/div>\n\n            <\/div>\n<p><strong><em>\u201cMe da la ilusi\u00f3n de que algo est\u00e1 cambiando en el mundo para que ciertos sectores dejen de ser invisibles\u201d, manifest\u00f3.<\/em><\/strong><\/p>\n\n\n\n<p>La acad\u00e9mica e investigadora de la Universidad Cat\u00f3lica del Norte (UCN), Dra. Elizabeth Lam Esquenazi, fue postulada al premio \u201cAncla de Oro\u201d 2023, reconocimiento que a\u00f1o a a\u00f1o entrega la Municipalidad de Antofagasta a personas que son un aporte al desarrollo de la comuna. En esta oportunidad, la experta fue incorporada al grupo de los candidatos al galard\u00f3n por su destacada trayectoria en tem\u00e1ticas sociales y de inclusi\u00f3n.<\/p>\n\n\n\n<p>Elizabeth Lam es actualmente directora del proyecto FIC-R \u201cEmprende, Incluye, Impacta\u201d y de la Unidad de Inclusi\u00f3n de las Ingenier\u00edas de la UCN, en donde ha desarrollado y llevado a cabo variados programas que buscan entregar beneficios y mejoras a personas vulnerables y con discapacidad. \u201cMe siento bien orgullosa, contenta, porque la nominaci\u00f3n parti\u00f3 de los estudiantes. Es un tema tan importante y el hecho de que sea reconocido por j\u00f3venes me llena de orgullo\u201d, mencion\u00f3.<\/p>\n\n\n\n<p>La profesional destac\u00f3 que el trabajo realizado se ha logrado gracias a un gran equipo humano y que sin ellos no hubiese sido posible alcanzar tantos logros. \u201cHe tratado de abarcar distintos colectivos, trabajando en campamentos, escuelas vulnerables y ahora con el tema de inclusi\u00f3n y discapacidad, sectores que requieren dejar de ser invisibles\u201d.<\/p>\n\n\n\n<p><strong>ANCLA DE ORO<\/strong><\/p>\n\n\n\n<p>Finalmente, agradeci\u00f3 la nominaci\u00f3n y apoyo entregado por la comunidad y organizaciones. \u201cSiento que para la nueva generaci\u00f3n la inclusi\u00f3n es importante, me da la ilusi\u00f3n que algo va a cambiar en el mundo\u201d, expres\u00f3 Lam.<\/p>\n\n\n\n<p>El proceso de postulaci\u00f3n al Ancla de Oro 2023, culmin\u00f3 con 15 nominaciones. La elecci\u00f3n y premiaci\u00f3n se efectuar\u00e1 el d\u00eda 14 de febrero durante la jornada de celebraci\u00f3n por los 144 a\u00f1os de la comuna de Antofagasta.<\/p>\n","protected":false},"excerpt":{"rendered":"<p>\u201cMe da la ilusi\u00f3n de que algo est\u00e1 cambiando en el mundo para que ciertos sectores dejen de ser invisibles\u201d, manifest\u00f3. La acad\u00e9mica e investigadora de la Universidad Cat\u00f3lica del&hellip;<\/p>\n","protected":false},"author":1,"featured_media":11159,"comment_status":"closed","ping_status":"closed","sticky":false,"template":"","format":"standard","meta":{"_monsterinsights_skip_tracking":false,"_monsterinsights_sitenote_active":false,"_monsterinsights_sitenote_note":"","_monsterinsights_sitenote_category":0,"footnotes":""},"categories":[2,188],"tags":[6021,4319,36,7379,426,7380,7381,3653,570,4400,1421],"class_list":["post-11158","post","type-post","status-publish","format-standard","has-post-thumbnail","hentry","category-antofagasta","category-patrimonio","tag-academica","tag-ancla","tag-antofagasta","tag-elizabeth","tag-inclusion","tag-lam","tag-nominada","tag-oro","tag-sociales","tag-tematicas","tag-trayectoria"],"_links":{"self":[{"href":"https:\/\/antofapop.cl\/index.php\/wp-json\/wp\/v2\/posts\/11158"}],"collection":[{"href":"https:\/\/antofapop.cl\/index.php\/wp-json\/wp\/v2\/posts"}],"about":[{"href":"https:\/\/antofapop.cl\/index.php\/wp-json\/wp\/v2\/types\/post"}],"author":[{"embeddable":true,"href":"https:\/\/antofapop.cl\/index.php\/wp-json\/wp\/v2\/users\/1"}],"replies":[{"embeddable":true,"href":"https:\/\/antofapop.cl\/index.php\/wp-json\/wp\/v2\/comments?post=11158"}],"version-history":[{"count":1,"href":"https:\/\/antofapop.cl\/index.php\/wp-json\/wp\/v2\/posts\/11158\/revisions"}],"predecessor-version":[{"id":11160,"href":"https:\/\/antofapop.cl\/index.php\/wp-json\/wp\/v2\/posts\/11158\/revisions\/11160"}],"wp:featuredmedia":[{"embeddable":true,"href":"https:\/\/antofapop.cl\/index.php\/wp-json\/wp\/v2\/media\/11159"}],"wp:attachment":[{"href":"https:\/\/antofapop.cl\/index.php\/wp-json\/wp\/v2\/media?parent=11158"}],"wp:term":[{"taxonomy":"category","embeddable":true,"href":"https:\/\/antofapop.cl\/index.php\/wp-json\/wp\/v2\/categories?post=11158"},{"taxonomy":"post_tag","embeddable":true,"href":"https:\/\/antofapop.cl\/index.php\/wp-json\/wp\/v2\/tags?post=11158"}],"curies":[{"name":"wp","href":"https:\/\/api.w.org\/{rel}","templated":true}]}}