{"id":11196,"date":"2023-02-14T17:44:46","date_gmt":"2023-02-14T14:44:46","guid":{"rendered":"https:\/\/antofapop.cl\/?p=11196"},"modified":"2023-02-17T18:57:58","modified_gmt":"2023-02-17T15:57:58","slug":"nuestro-borde-costero-esta-en-una-compleja-situacion-debemos-trabajar-para-subsanar-esta-problematica","status":"publish","type":"post","link":"https:\/\/antofapop.cl\/index.php\/2023\/02\/14\/nuestro-borde-costero-esta-en-una-compleja-situacion-debemos-trabajar-para-subsanar-esta-problematica\/","title":{"rendered":"&#8220;Nuestro borde costero est\u00e1 en una compleja situaci\u00f3n, debemos trabajar para subsanar esta problem\u00e1tica&#8221;"},"content":{"rendered":"<div class='booster-block booster-read-block'>\n                <div class=\"twp-read-time\">\n                \t<i class=\"booster-icon twp-clock\"><\/i> <span>Tiempo de Lectura:<\/span>2 Minutos, 23 Segundos                <\/div>\n\n            <\/div>\n<p><strong><em>Fernando Cortez, Gerente General de la AIA, llama a actores clave de la regi\u00f3n a intervenir el borde costero, espacio que puede aprovecharse para potenciar el turismo y la empleabilidad.<\/em><\/strong><\/p>\n\n\n\n<p>Uno de los lugares m\u00e1s visitados por chilenos durante el verano, son las ciudades costeras y playas. Nuestra regi\u00f3n, privilegiada con 500 kil\u00f3metros de un imponente borde costero, lo sabe bien, ya que el 2022 &#8211; de acuerdo a datos del Servicio Nacional del Turismo- Antofagasta figur\u00f3 en el octavo lugar m\u00e1s visitado del pa\u00eds, ranking liderado por Santiago y seguido por Rapa Nui, La Serena, Iquique y otros.<\/p>\n\n\n\n<p>\u00bfQu\u00e9 tienen estas urbes en com\u00fan? Un amplio espacio costero, que en el caso de la capital de nuestra regi\u00f3n podr\u00eda aprovecharse de mejor manera, si las autoridades, instituciones y el sector privado levantaran planes de acci\u00f3n inmediata para dar la relevancia necesaria a este espacio. Ante esta evidente oportunidad, la Asociaci\u00f3n de Industriales de Antofagasta, AIA, llam\u00f3 a todos los actores clave a aunar fuerza, acci\u00f3n y hacer frente a este desaf\u00edo que&nbsp;nos insta a potenciar nuestra costa.<\/p>\n\n\n\n<p><em>\u201cCiudades como Iquique y Vi\u00f1a del Mar han desarrollado y ejecutado planes de acci\u00f3n para potenciar su costa, como espacio de esparcimiento para sus propios habitantes, para visitantes y turistas, lo que evidentemente genera mayor y mejor turismo, con un impacto positivo para la actividad econ\u00f3mica de esas urbes. Entonces, es prioritario reunirnos, activarnos y materializar un proyecto robusto y s\u00f3lido que invite a propiciar nuevos espacios para el turismo, la vida al aire libre, el reencuentro en la costa de nuestra propia Antofagasta y toda la regi\u00f3n\u201d<\/em>,&nbsp;sostuvo Fernando Cortez, Gerente General de la AIA.<\/p>\n\n\n\n<p>El 2022, un estudio de la Universidad de Chile refiri\u00f3 que las playas m\u00e1s limpias del pa\u00eds no se encuentran precisamente en nuestra regi\u00f3n; por su parte, un levantamiento de informaci\u00f3n realizado por organizaciones de ciclistas de Antofagasta, indica que las ciclov\u00edas no han sido intervenidas desde hace m\u00e1s de 10 a\u00f1os, aspecto que debe ser atendido a la brevedad.<\/p>\n\n\n\n<p><em>\u201cInfraestructura abandonada o sin mantenci\u00f3n, acumulaci\u00f3n de basura y desperdicios, ocupaciones irregulares de espacios, entre otras anomal\u00edas que podemos ver en un simple recorrido, nos llevan a plantear que nuestro borde costero est\u00e1 en una compleja situaci\u00f3n y urge que autoridades, organismos p\u00fablicos y el sector privadas trabajemos mancomunadamente para brindar&nbsp;una soluci\u00f3n definitiva a esta problem\u00e1tica, y cambiar el rostro de nuestro borde costero\u201d<\/em>, subray\u00f3 Cortez.<\/p>\n\n\n\n<p>El ejecutivo de la AIA remarc\u00f3 la importancia del establecimiento de mesas de trabajo, con metas y plazos claros, reuniones con especialistas e instituciones pertinentes, de tal manera de entregar en conjunto una pronta respuesta a un \u00e1rea de nuestra regi\u00f3n que tiene mucho potencial y que puede aportar significativamente a la reactivaci\u00f3n econ\u00f3mica, a la empleabilidad, al orgullo antofagastino, a trav\u00e9s de una mejorada y renovada imagen del borde costero.<\/p>\n","protected":false},"excerpt":{"rendered":"<p>Fernando Cortez, Gerente General de la AIA, llama a actores clave de la regi\u00f3n a intervenir el borde costero, espacio que puede aprovecharse para potenciar el turismo y la empleabilidad.&hellip;<\/p>\n","protected":false},"author":1,"featured_media":11197,"comment_status":"closed","ping_status":"closed","sticky":false,"template":"","format":"standard","meta":{"_monsterinsights_skip_tracking":false,"_monsterinsights_sitenote_active":false,"_monsterinsights_sitenote_note":"","_monsterinsights_sitenote_category":0,"footnotes":""},"categories":[2,537],"tags":[36,2388,7406,2389,7405,2572,2042],"class_list":["post-11196","post","type-post","status-publish","format-standard","has-post-thumbnail","hentry","category-antofagasta","category-turismo","tag-antofagasta","tag-borde","tag-compleja","tag-costero","tag-nuestro","tag-problematica","tag-situacion"],"_links":{"self":[{"href":"https:\/\/antofapop.cl\/index.php\/wp-json\/wp\/v2\/posts\/11196"}],"collection":[{"href":"https:\/\/antofapop.cl\/index.php\/wp-json\/wp\/v2\/posts"}],"about":[{"href":"https:\/\/antofapop.cl\/index.php\/wp-json\/wp\/v2\/types\/post"}],"author":[{"embeddable":true,"href":"https:\/\/antofapop.cl\/index.php\/wp-json\/wp\/v2\/users\/1"}],"replies":[{"embeddable":true,"href":"https:\/\/antofapop.cl\/index.php\/wp-json\/wp\/v2\/comments?post=11196"}],"version-history":[{"count":2,"href":"https:\/\/antofapop.cl\/index.php\/wp-json\/wp\/v2\/posts\/11196\/revisions"}],"predecessor-version":[{"id":11228,"href":"https:\/\/antofapop.cl\/index.php\/wp-json\/wp\/v2\/posts\/11196\/revisions\/11228"}],"wp:featuredmedia":[{"embeddable":true,"href":"https:\/\/antofapop.cl\/index.php\/wp-json\/wp\/v2\/media\/11197"}],"wp:attachment":[{"href":"https:\/\/antofapop.cl\/index.php\/wp-json\/wp\/v2\/media?parent=11196"}],"wp:term":[{"taxonomy":"category","embeddable":true,"href":"https:\/\/antofapop.cl\/index.php\/wp-json\/wp\/v2\/categories?post=11196"},{"taxonomy":"post_tag","embeddable":true,"href":"https:\/\/antofapop.cl\/index.php\/wp-json\/wp\/v2\/tags?post=11196"}],"curies":[{"name":"wp","href":"https:\/\/api.w.org\/{rel}","templated":true}]}}