{"id":11202,"date":"2023-02-15T02:36:54","date_gmt":"2023-02-14T23:36:54","guid":{"rendered":"https:\/\/antofapop.cl\/?p=11202"},"modified":"2023-02-17T18:57:19","modified_gmt":"2023-02-17T15:57:19","slug":"copa-inaugura-exposicion-fotografica-que-resalta-el-patrimonio-maritimo-y-costero","status":"publish","type":"post","link":"https:\/\/antofapop.cl\/index.php\/2023\/02\/15\/copa-inaugura-exposicion-fotografica-que-resalta-el-patrimonio-maritimo-y-costero\/","title":{"rendered":"COPA inaugura exposici\u00f3n fotogr\u00e1fica que resalta el patrimonio mar\u00edtimo y costero"},"content":{"rendered":"<div class='booster-block booster-read-block'>\n                <div class=\"twp-read-time\">\n                \t<i class=\"booster-icon twp-clock\"><\/i> <span>Tiempo de Lectura:<\/span>2 Minutos, 37 Segundos                <\/div>\n\n            <\/div>\n<p><strong><em>La actividad estar\u00e1 presente hasta marzo en MallPlaza. Esta instancia adem\u00e1s busca conmemorar el aniversario N\u00ba144 de la ciudad.<\/em><\/strong><\/p>\n\n\n\n<p>Gran cantidad de adultos, ni\u00f1os, personas mayores y adolescentes llegaron hasta dependencias de MallPlaza para contemplar y ser parte de la jornada inaugural de la exhibici\u00f3n fotogr\u00e1fica que retrata el patrimonio mar\u00edtimo y costero de Antofagasta, la cual es organizada por la Comunidad Log\u00edstica Portuaria (CLP) \u2013 COPA, producto de&nbsp; Concurso Fotogr\u00e1fico que convoc\u00f3 a m\u00e1s de&nbsp; M\u00e1s de 40 participantes, de los cuales&nbsp; 13 lograron que sus tomas fueran elegidas.<\/p>\n\n\n\n<p>Las fotograf\u00edas que retratan atardeceres, embarcaciones en la bah\u00eda de Antofagasta, log\u00edstica portuaria y fauna marina, permanecer\u00e1n en exhibici\u00f3n hasta el mes de marzo en Mallplaza. Esta exposici\u00f3n se enmarca en el Aniversario N\u00ba144 de la ciudad y se encuentra emplazada en el pasillo central que une el primer piso con el sector de estacionamientos del mismo recinto.<\/p>\n\n\n\n<p>\u201cEn el concurso participaron personas que se inscribieron en las categor\u00edas Profesional y Aficionado, pero adem\u00e1s quisimos destacar a las menciones honrosas, porque de igual forma hay muy buenas fotograf\u00edas. Con este tipo de instancias, quisimos invitar a la comunidad a relevar la belleza y riqueza de nuestra costa antofagastina y realizar las bondades de vivir en una ciudad puerto\u201d, indic\u00f3 el Gerente General de Puerto Antofagasta y Presidente de COPA, Carlos Escobar.<\/p>\n\n\n\n<p>Pedro Pe\u00f1a uno de los galardonados, revel\u00f3 que su fotograf\u00eda que retrata un atardecer de la ciudad fue capturada desde la playa, en un momento fortuito de la naturaleza. \u201cEsta foto la tom\u00e9 durante el primer semestre del a\u00f1o pasado, de hecho estaba con una amiga en Roca Roja. Captur\u00e9 el momento sin otra intenci\u00f3n que disfrutar el atardecer, incluso la sub\u00ed a mis redes sociales\u201d, apunt\u00f3.<\/p>\n\n\n\n<p>Por su parte Francisca Gonz\u00e1lez, reconocida por fotografiar y resaltar la fauna marina, coment\u00f3 que un fin de semana junto a su familia visitaron una playa en la ciudad, d\u00e1ndose el momento exacto para capturar soles de mar de diferentes tama\u00f1os posados en los roquer\u00edos.<\/p>\n\n\n\n<p>\u201cLa verdad que siempre estoy tomando fotos y en esta oportunidad me quise arriesgar postulando al concurso. Estoy muy contenta y me parece maravilloso que se realicen este tipo de instancias, porque as\u00ed la gente se puede atrever a efectuar cosas que habitualmente no hace. Que las fotos sean exhibidas en un lugar como MallPlaza, creo que es genial\u201d, puntualiz\u00f3 la Dise\u00f1adora Digital de profesi\u00f3n.<\/p>\n\n\n\n<p>Finalmente Neptal\u00ed Vivas, quien ejerce la profesi\u00f3n de Administrador de Empresas y lleg\u00f3 junto a su familia a la exposici\u00f3n (esposa e hijo), se siente orgulloso de haber retratado en una fotograf\u00eda, la importancia y el aporte de las peque\u00f1as embarcaciones en la costa antofagastina.<\/p>\n\n\n\n<p>\u201cEsta fue una de las primeras tomas que realic\u00e9 cuando me inici\u00e9 en la fotograf\u00eda. Creo que es inspirador mostrar el aporte de los botes, las embarcaciones y el esforzado trabajo de la pesca. La caleta de Antofagasta es el lugar perfecto para retratar momentos \u00fanicos. Destacar adem\u00e1s que me parece genial que se realicen actividades como esta exposici\u00f3n, porque nos permite mostrar nuestro trabajo e inspiraci\u00f3n, sumado a dar a conocer lo lindo de la ciudad\u201d, finaliz\u00f3.<\/p>\n","protected":false},"excerpt":{"rendered":"<p>La actividad estar\u00e1 presente hasta marzo en MallPlaza. Esta instancia adem\u00e1s busca conmemorar el aniversario N\u00ba144 de la ciudad. Gran cantidad de adultos, ni\u00f1os, personas mayores y adolescentes llegaron hasta&hellip;<\/p>\n","protected":false},"author":1,"featured_media":11203,"comment_status":"closed","ping_status":"closed","sticky":false,"template":"","format":"standard","meta":{"_monsterinsights_skip_tracking":false,"_monsterinsights_sitenote_active":false,"_monsterinsights_sitenote_note":"","_monsterinsights_sitenote_category":0,"footnotes":""},"categories":[2,188],"tags":[36,4260,2389,449,2227,358,5128,193],"class_list":["post-11202","post","type-post","status-publish","format-standard","has-post-thumbnail","hentry","category-antofagasta","category-patrimonio","tag-antofagasta","tag-copa","tag-costero","tag-exposicion","tag-fotografica","tag-inaugura","tag-maritimo","tag-patrimonio"],"_links":{"self":[{"href":"https:\/\/antofapop.cl\/index.php\/wp-json\/wp\/v2\/posts\/11202"}],"collection":[{"href":"https:\/\/antofapop.cl\/index.php\/wp-json\/wp\/v2\/posts"}],"about":[{"href":"https:\/\/antofapop.cl\/index.php\/wp-json\/wp\/v2\/types\/post"}],"author":[{"embeddable":true,"href":"https:\/\/antofapop.cl\/index.php\/wp-json\/wp\/v2\/users\/1"}],"replies":[{"embeddable":true,"href":"https:\/\/antofapop.cl\/index.php\/wp-json\/wp\/v2\/comments?post=11202"}],"version-history":[{"count":2,"href":"https:\/\/antofapop.cl\/index.php\/wp-json\/wp\/v2\/posts\/11202\/revisions"}],"predecessor-version":[{"id":11226,"href":"https:\/\/antofapop.cl\/index.php\/wp-json\/wp\/v2\/posts\/11202\/revisions\/11226"}],"wp:featuredmedia":[{"embeddable":true,"href":"https:\/\/antofapop.cl\/index.php\/wp-json\/wp\/v2\/media\/11203"}],"wp:attachment":[{"href":"https:\/\/antofapop.cl\/index.php\/wp-json\/wp\/v2\/media?parent=11202"}],"wp:term":[{"taxonomy":"category","embeddable":true,"href":"https:\/\/antofapop.cl\/index.php\/wp-json\/wp\/v2\/categories?post=11202"},{"taxonomy":"post_tag","embeddable":true,"href":"https:\/\/antofapop.cl\/index.php\/wp-json\/wp\/v2\/tags?post=11202"}],"curies":[{"name":"wp","href":"https:\/\/api.w.org\/{rel}","templated":true}]}}