{"id":11347,"date":"2023-03-04T16:53:38","date_gmt":"2023-03-04T13:53:38","guid":{"rendered":"https:\/\/antofapop.cl\/?p=11347"},"modified":"2023-03-08T21:18:37","modified_gmt":"2023-03-08T18:18:37","slug":"vnib-atraviesa-sus-crisis-emocionales-en-su-segundo-album-el-laberinto","status":"publish","type":"post","link":"https:\/\/antofapop.cl\/index.php\/2023\/03\/04\/vnib-atraviesa-sus-crisis-emocionales-en-su-segundo-album-el-laberinto\/","title":{"rendered":"Vnib atraviesa sus crisis emocionales en su segundo \u00e1lbum: \u201cEl Laberinto\u201d"},"content":{"rendered":"<div class='booster-block booster-read-block'>\n                <div class=\"twp-read-time\">\n                \t<i class=\"booster-icon twp-clock\"><\/i> <span>Tiempo de Lectura:<\/span>3 Minutos, 27 Segundos                <\/div>\n\n            <\/div>\n<p>Desde que debut\u00f3 discogr\u00e1ficamente con&nbsp;<strong><em>Espiral<\/em><\/strong>&nbsp;en el 2021, el nombre de Vnib (Anib) pas\u00f3 de convertirse en el de una promesa al de una de las referencias ineludibles de la escena urbana de la novena regi\u00f3n, exportando la consciencia de sus barras y la versatilidad de sus ritmos a escenarios de distintas regiones de Chile.<\/p>\n\n\n\n<p>Paralelamente, el rapero y productor oriundo de Temuco se ha mantenido vigente en diversas colaboraciones y editando algunos sencillos como&nbsp;<strong><em>\u201cViendo pa adelante\u201d<\/em><\/strong>&nbsp;y&nbsp;<strong><em>\u201cCuando cae la estrella\u201d<\/em><\/strong>, sin embargo, fueron sus vivencias emocionalmente m\u00e1s personales el combustible inspirador para trazar los caminos de&nbsp;<strong><em>El Laberinto<\/em><\/strong>, una terapia musical que hoy encuentra su salida en forma de un nuevo EP.<\/p>\n\n\n\n<p><strong>Buscando una salida del laberinto mental:<\/strong><\/p>\n\n\n\n<p>La urgencia de plantear el debate de la salud mental como una necesidad b\u00e1sica para la poblaci\u00f3n cobra cada d\u00eda m\u00e1s fuerza como consecuencia de la intensidad de los tiempos que estamos viviendo. El arte no est\u00e1 exento de este s\u00edntoma social, siendo&nbsp;<strong><em>El Laberinto<\/em><\/strong>, el segundo t\u00edtulo discogr\u00e1fico de Vnib, una confirmaci\u00f3n de c\u00f3mo las expresiones art\u00edsticas pueden ser muchas veces la \u00fanica forma de canalizar emociones y crisis no atendidas como forma de autoan\u00e1lisis y liberaci\u00f3n.<\/p>\n\n\n\n<p>An\u00edbal Albornoz reconoce que en este cap\u00edtulo de su historia el n\u00facleo y fuerza se concentra en la escritura de sus letras, encontrando en \u00e9sta un desahogo y b\u00fasqueda de respuestas en etapas psicol\u00f3gicamente confusas, en un vaiv\u00e9n an\u00edmico que termin\u00f3 d\u00e1ndole forma a una obra de naturaleza a\u00fan m\u00e1s personal que la que inspir\u00f3 su debut hace un par de a\u00f1os.<\/p>\n\n\n\n<p><em>\u201cSent\u00eda una sensaci\u00f3n de ir cayendo conscientemente, pero sin poder hacer nada al respecto. Fui d\u00e1ndome cuenta de c\u00f3mo esto iba afectando en mi vida y relaciones personales, sintiendo que, mientras todo esto suced\u00eda, yo solo pod\u00eda observar, pero no gestionar ni manejar estas situaciones. De un d\u00eda estar bien y al otro no querer existir, una constante que se mantuvo por mucho tiempo.\u201d<\/em><\/p>\n\n\n\n<p>Vnib entiende de&nbsp;<strong><em>El Laberinto<\/em><\/strong>&nbsp;como una continuaci\u00f3n de&nbsp;<strong><em>Espiral<\/em><\/strong>, el cual relataba sucesos que le toc\u00f3 experimentar durante su fase creativa, mientras que su actual placa viene a ser una consecuencia o el reflejo de lo que esos sucesos provocaron en \u00e9l. Reconoce que el t\u00edtulo y concepto de la obra siempre estuvo destinado a ser el escogido, pero eso solo lo pudo definir cuando repar\u00f3 de que segu\u00eda buscando sin parar la forma de sentirse mejor, no resign\u00e1ndose a permanecer en ese estado, intentando siempre encontrar \u201cuna salida de aquel laberinto\u201d, agradeciendo principalmente a su compa\u00f1era de vida por acompa\u00f1arle con paciencia y contenci\u00f3n en dicha odisea por las sombras que hoy observa con m\u00e1s distancia y claridad.<\/p>\n\n\n\n<p><em>\u201cSolo espero que, si hay una persona que est\u00e9 pasando por algo as\u00ed\u0301 y que se encuentre atrapada en su propio laberinto, mi m\u00fasica pueda servirle, aunque sea un poco para comprender que los momentos dif\u00edciles son parte de la vida, que no hay culpables, que siempre hacemos lo mejor que podemos en su momento y a veces los resultados no son lo que esperamos, pero no hay que castigarse por ello. Creo de coraz\u00f3n que la clave de todo es observarse y entender c\u00f3mo uno procesa y entiende la informaci\u00f3n proveniente del mundo, porque justamente ah\u00ed est\u00e1 la respuesta.\u201d<\/em><\/p>\n\n\n\n<figure class=\"wp-block-embed is-type-video is-provider-youtube wp-block-embed-youtube wp-embed-aspect-16-9 wp-has-aspect-ratio\"><div class=\"wp-block-embed__wrapper\">\n<iframe loading=\"lazy\" title=\"EL CAMBIO - VNIB, Anibal Meyyes (VIDEOCLIP) - El Laberinto Ep\" width=\"500\" height=\"281\" src=\"https:\/\/www.youtube.com\/embed\/UcU3ljSxbSk?feature=oembed\" frameborder=\"0\" allow=\"accelerometer; autoplay; clipboard-write; encrypted-media; gyroscope; picture-in-picture; web-share\" referrerpolicy=\"strict-origin-when-cross-origin\" allowfullscreen><\/iframe>\n<\/div><\/figure>\n\n\n\n<p><strong><em>El Laberinto<\/em><\/strong>&nbsp;cuenta con las interesantes colaboraciones de Cauro Apa y Waldo Palma (de Segundo Aliento). Las instrumentales fueron compuestas por Vnib, a excepci\u00f3n del track&nbsp;<strong><em>\u201ccriedean\u00ed\u201d<\/em><\/strong>&nbsp;realizada por DRT. La grabaci\u00f3n y la mezcla fue ejecutada por el propio Vnib, mientras que la responsabilidad de la masterizaci\u00f3n fue compartida por Adoking, Lexter y Vnib.<br>&nbsp;<br>El arte del \u00e1lbum fue realizado por el mismo autor, simbolizado el proceso de entender y aterrizar en papel el caos mental para darle forma a su particular y personal obra, extendiendo tambi\u00e9n su presencia y participaci\u00f3n en la realizaci\u00f3n del v\u00eddeo clip que acompa\u00f1a el estreno de&nbsp;<strong><em>El Laberinto<\/em><\/strong>, siendo escogido el track que lo abre,&nbsp;<strong><em>\u201cEl cambio\u201d<\/em><\/strong>, producido audiovisualmente por Carlos Miranda de&nbsp;<em>FatFilms<\/em>.<\/p>\n","protected":false},"excerpt":{"rendered":"<p>Desde que debut\u00f3 discogr\u00e1ficamente con&nbsp;Espiral&nbsp;en el 2021, el nombre de Vnib (Anib) pas\u00f3 de convertirse en el de una promesa al de una de las referencias ineludibles de la escena&hellip;<\/p>\n","protected":false},"author":1,"featured_media":11348,"comment_status":"closed","ping_status":"closed","sticky":false,"template":"","format":"standard","meta":{"_monsterinsights_skip_tracking":false,"_monsterinsights_sitenote_active":false,"_monsterinsights_sitenote_note":"","_monsterinsights_sitenote_category":0,"footnotes":""},"categories":[3],"tags":[152,46,3345,7439,1460,2162],"class_list":["post-11347","post","type-post","status-publish","format-standard","has-post-thumbnail","hentry","category-musica-chilena","tag-album","tag-crisis","tag-emocionales","tag-laberinto","tag-segundo","tag-vnib"],"_links":{"self":[{"href":"https:\/\/antofapop.cl\/index.php\/wp-json\/wp\/v2\/posts\/11347"}],"collection":[{"href":"https:\/\/antofapop.cl\/index.php\/wp-json\/wp\/v2\/posts"}],"about":[{"href":"https:\/\/antofapop.cl\/index.php\/wp-json\/wp\/v2\/types\/post"}],"author":[{"embeddable":true,"href":"https:\/\/antofapop.cl\/index.php\/wp-json\/wp\/v2\/users\/1"}],"replies":[{"embeddable":true,"href":"https:\/\/antofapop.cl\/index.php\/wp-json\/wp\/v2\/comments?post=11347"}],"version-history":[{"count":2,"href":"https:\/\/antofapop.cl\/index.php\/wp-json\/wp\/v2\/posts\/11347\/revisions"}],"predecessor-version":[{"id":11400,"href":"https:\/\/antofapop.cl\/index.php\/wp-json\/wp\/v2\/posts\/11347\/revisions\/11400"}],"wp:featuredmedia":[{"embeddable":true,"href":"https:\/\/antofapop.cl\/index.php\/wp-json\/wp\/v2\/media\/11348"}],"wp:attachment":[{"href":"https:\/\/antofapop.cl\/index.php\/wp-json\/wp\/v2\/media?parent=11347"}],"wp:term":[{"taxonomy":"category","embeddable":true,"href":"https:\/\/antofapop.cl\/index.php\/wp-json\/wp\/v2\/categories?post=11347"},{"taxonomy":"post_tag","embeddable":true,"href":"https:\/\/antofapop.cl\/index.php\/wp-json\/wp\/v2\/tags?post=11347"}],"curies":[{"name":"wp","href":"https:\/\/api.w.org\/{rel}","templated":true}]}}