{"id":11367,"date":"2023-03-04T17:22:35","date_gmt":"2023-03-04T14:22:35","guid":{"rendered":"https:\/\/antofapop.cl\/?p=11367"},"modified":"2023-03-04T17:22:36","modified_gmt":"2023-03-04T14:22:36","slug":"ratifican-convenio-de-apoyo-a-la-educacion-de-atacama-la-grande","status":"publish","type":"post","link":"https:\/\/antofapop.cl\/index.php\/2023\/03\/04\/ratifican-convenio-de-apoyo-a-la-educacion-de-atacama-la-grande\/","title":{"rendered":"Ratifican convenio de apoyo a la educaci\u00f3n de Atacama La Grande"},"content":{"rendered":"<div class='booster-block booster-read-block'>\n                <div class=\"twp-read-time\">\n                \t<i class=\"booster-icon twp-clock\"><\/i> <span>Tiempo de Lectura:<\/span>3 Minutos, 25 Segundos                <\/div>\n\n            <\/div>\n<p><strong><em>Acuerdo que se mantiene desde mediados de 2021 y que apoya con docentes en algunas asignaturas dentro de los establecimientos, adem\u00e1s de competencias para los propios profesores y profesoras de la zona, para generar nuevas estrategias y metodolog\u00edas educativas. Este 2023 se buscar\u00e1 concretar el proceso de conectividad para los estudiantes que no poseen internet.&nbsp;<\/em><\/strong><\/p>\n\n\n\n<p>Ense\u00f1a Chile y SQM extendieron su alianza para impactar en la comunidad educativa de ocho colegios en el Salar de Atacama y mejorar la educaci\u00f3n de ni\u00f1as, ni\u00f1os y adolescentes.&nbsp;<\/p>\n\n\n\n<p>Fue durante el a\u00f1o pasado que la compa\u00f1\u00eda decidi\u00f3 colaborar con los proyectos en diferentes l\u00edneas de acci\u00f3n de la ONG. Cuatro docentes en apoyo educativo, realizaci\u00f3n de talleres de reforzamiento escolar para el Liceo Agropecuario Likan Antai, Complejo Educacional de Toconao, Escuela de Solor, Escuela de Socaire y en la Escuela de San Pedro de Atacama.&nbsp;<\/p>\n\n\n\n<p>Javiera Lequep\u00ed, Docente de ingl\u00e9s y perteneciente a este proyecto, realiza clases en la Escuela de San Pedro de Atacama. Sobre el trabajo que han podido realizar en la comuna, explic\u00f3 que:&nbsp;<\/p>\n\n\n\n<p>&nbsp;\u201cHemos estado aportando en distintas localidades de la zona. Si bien yo trabajo en San Pedro mismo, tengo colegas que est\u00e1n en Toconao, Talabre, Camar, Socaire y Solor.&nbsp; De alguna u otra manera, hemos cubierto hartas \u00e1reas, ojal\u00e1 siempre sea m\u00e1s porque queremos llegar a los lugares m\u00e1s rec\u00f3nditos del norte de Chile\u201d.<\/p>\n\n\n\n<p>En el marco de este acuerdo de colaboraci\u00f3n, se llevaron a cabo diversas convocatorias de equipos directivos y profesores a cursos de formaci\u00f3n online impartidos por el programa \u201cColegios que Aprenden\u201d; se desarrollaron capacitaciones a profesores de ense\u00f1anza media para el correcto uso de la plataforma \u201cCanales Ense\u00f1a\u201d que contiene material de \u201cLa Radio Ense\u00f1a\u201d; podcasts educativos que buscan reforzar de forma entretenida e innovadora, as\u00ed como contenidos para que puedan seguir aprendiendo, todo esto sumado a una mejora en los sistemas de conectividad digital, que comenz\u00f3 este 2022.&nbsp;<\/p>\n\n\n\n<p>Para el Alcalde de la municipalidad de San Pedro de Atacama, Justo Zuleta, este es un beneficio importante, \u201cque da la posibilidad de llegar con esta iniciativa de SQM y que involucra no s\u00f3lo con un apoyo educativo, sino un apoyo en la conectividad para ni\u00f1os y ni\u00f1as que no cuenta con una se\u00f1al de internet que pueda apoyar los procesos de aprendizaje\u201d.&nbsp;<\/p>\n\n\n\n<p>Un 2023 que se buscar\u00e1 aumentar y consolidar el apoyo a trav\u00e9s de las diferentes l\u00edneas de acci\u00f3n de la Fundaci\u00f3n, as\u00ed como tambi\u00e9n poder concretar \u201cUnlimitED\u201d, iniciativa que abre el camino a la educaci\u00f3n global en escuelas rurales a trav\u00e9s de la instalaci\u00f3n de una antena satelital para mejorar la conexi\u00f3n a internet y el uso de aplicaciones que permitan aprovechar esta conectividad en educaci\u00f3n.&nbsp;<\/p>\n\n\n\n<p>La directora regional de Ense\u00f1a Chile, Paulina Olgu\u00edn, agradeci\u00f3 el compromiso de la empresa.&nbsp;<\/p>\n\n\n\n<p>\u201cPoder continuar con esta alianza en la regi\u00f3n nos permite impactar directamente en la educaci\u00f3n de cientos de estudiantes que viven en la comuna de San Pedro de Atacama. Agradecemos la motivaci\u00f3n y compromiso de SQM en sumarse en este prop\u00f3sito de acercar y aportar a la educaci\u00f3n en los establecimientos de la zona. Las necesidades que se viven en localidades m\u00e1s alejadas en nuestro norte son variadas y nos alienta el poder aportar\u201d.&nbsp;<\/p>\n\n\n\n<p>Proyecto que se inserta en los ejes comunitarios que SQM posee en su plan de sostenibilidad en torno a la educaci\u00f3n, pero tambi\u00e9n al desarrollo social. Laura Noguer, jefa de Programa de Valor Compartido de SQM Salar, destac\u00f3 que:&nbsp;<\/p>\n\n\n\n<p>\u201cNuestras l\u00edneas de acci\u00f3n comunitaria, nos permiten focalizar las estrategias de relaci\u00f3n y valor social compartido. Iniciativas como estas que mejoran la educaci\u00f3n a trav\u00e9s de un apoyo que comenz\u00f3 con docentes y capacitaci\u00f3n, y que hoy, se busca el acercarlos a las herramientas tecnol\u00f3gicas a trav\u00e9s de la conectividad, que beneficiar\u00e1 en el tiempo al desarrollo social de los poblados de esta comuna.&nbsp;&nbsp;<\/p>\n\n\n\n<p>Un convenio que cumplir\u00e1 su tercer a\u00f1o buscando entregar elementos que hoy son necesarios para el aprendizaje, no solo con una mirada local, sino tambi\u00e9n con un conocimiento global de la realidad del mundo.<\/p>\n","protected":false},"excerpt":{"rendered":"<p>Acuerdo que se mantiene desde mediados de 2021 y que apoya con docentes en algunas asignaturas dentro de los establecimientos, adem\u00e1s de competencias para los propios profesores y profesoras de&hellip;<\/p>\n","protected":false},"author":1,"featured_media":11368,"comment_status":"closed","ping_status":"closed","sticky":false,"template":"","format":"standard","meta":{"_monsterinsights_skip_tracking":false,"_monsterinsights_sitenote_active":false,"_monsterinsights_sitenote_note":"","_monsterinsights_sitenote_category":0,"footnotes":""},"categories":[5474,2349],"tags":[477,662,7010,1602,2240],"class_list":["post-11367","post","type-post","status-publish","format-standard","has-post-thumbnail","hentry","category-educacion","category-el-loa","tag-atacama","tag-chile","tag-ensena","tag-grande","tag-sqm"],"_links":{"self":[{"href":"https:\/\/antofapop.cl\/index.php\/wp-json\/wp\/v2\/posts\/11367"}],"collection":[{"href":"https:\/\/antofapop.cl\/index.php\/wp-json\/wp\/v2\/posts"}],"about":[{"href":"https:\/\/antofapop.cl\/index.php\/wp-json\/wp\/v2\/types\/post"}],"author":[{"embeddable":true,"href":"https:\/\/antofapop.cl\/index.php\/wp-json\/wp\/v2\/users\/1"}],"replies":[{"embeddable":true,"href":"https:\/\/antofapop.cl\/index.php\/wp-json\/wp\/v2\/comments?post=11367"}],"version-history":[{"count":1,"href":"https:\/\/antofapop.cl\/index.php\/wp-json\/wp\/v2\/posts\/11367\/revisions"}],"predecessor-version":[{"id":11369,"href":"https:\/\/antofapop.cl\/index.php\/wp-json\/wp\/v2\/posts\/11367\/revisions\/11369"}],"wp:featuredmedia":[{"embeddable":true,"href":"https:\/\/antofapop.cl\/index.php\/wp-json\/wp\/v2\/media\/11368"}],"wp:attachment":[{"href":"https:\/\/antofapop.cl\/index.php\/wp-json\/wp\/v2\/media?parent=11367"}],"wp:term":[{"taxonomy":"category","embeddable":true,"href":"https:\/\/antofapop.cl\/index.php\/wp-json\/wp\/v2\/categories?post=11367"},{"taxonomy":"post_tag","embeddable":true,"href":"https:\/\/antofapop.cl\/index.php\/wp-json\/wp\/v2\/tags?post=11367"}],"curies":[{"name":"wp","href":"https:\/\/api.w.org\/{rel}","templated":true}]}}