{"id":11415,"date":"2023-03-15T16:43:12","date_gmt":"2023-03-15T13:43:12","guid":{"rendered":"https:\/\/antofapop.cl\/?p=11415"},"modified":"2023-03-15T16:43:12","modified_gmt":"2023-03-15T13:43:12","slug":"baj-antofagasta-busca-sumar-nuevos-rostros-a-su-compania-escuela-de-danza","status":"publish","type":"post","link":"https:\/\/antofapop.cl\/index.php\/2023\/03\/15\/baj-antofagasta-busca-sumar-nuevos-rostros-a-su-compania-escuela-de-danza\/","title":{"rendered":"BAJ Antofagasta busca sumar nuevos rostros a su compa\u00f1\u00eda escuela de danza"},"content":{"rendered":"<div class='booster-block booster-read-block'>\n                <div class=\"twp-read-time\">\n                \t<i class=\"booster-icon twp-clock\"><\/i> <span>Tiempo de Lectura:<\/span>1 Minutos, 41 Segundos                <\/div>\n\n            <\/div>\n<p><strong><em>La convocatoria est\u00e1 dirigida a j\u00f3venes entre los <\/em><\/strong><strong><em>18 a 29 a\u00f1os, residentes de la comuna de Antofagasta, con o sin experiencia en la danza.<\/em><\/strong><\/p>\n\n\n\n<p>Balmaceda Arte Joven sede Antofagasta, te invita a ser parte de su Compa\u00f1\u00eda Escuela de Danza la que se encuentra en proceso de renovaci\u00f3n de participantes.<\/p>\n\n\n\n<p>Bajo la direcci\u00f3n de la int\u00e9rprete local Melanie Cuadra, este espacio formativo busca integrar a nuevos rostros para su elenco estable 2023, que tendr\u00e1n como misi\u00f3n la creaci\u00f3n de diversos montajes y obras coreogr\u00e1ficas colectivas, que emergen desde la corriente de la danza moderna contempor\u00e1nea.<\/p>\n\n\n\n<p>\u201cQueremos que la compa\u00f1\u00eda escuela sea un lugar de encuentro de diversos cuerpos y danzas, donde podamos unificar todos los saberes, para que en el proceso de creaci\u00f3n nos podamos alimentar de todas las propuestas, hasta llegar a una creaci\u00f3n final. As\u00ed mismo, buscamos ser un espacio de confianza y de contenci\u00f3n para que el proceso formativo sea lo m\u00e1s significativo para el grupo\u201d manifest\u00f3 Melanie Cuadra, core\u00f3grafa y directora del elenco de danza.<\/p>\n\n\n\n<p>Los&nbsp;<strong>ensayos<\/strong> se llevar\u00e1n a cabo los d\u00edas martes y jueves, de 18:30 a 20:30 horas<strong> <\/strong>(de abril a diciembre), de manera presencial en Il\u00fa Espacio Creativo, ubicado en<strong> <\/strong>Llanquihue #4441, Antofagasta.<\/p>\n\n\n\n<p>Quienes deseen participar, deben cumplir con los siguientes requisitos:<\/p>\n\n\n\n<p><strong>Requisitos:<\/strong><\/p>\n\n\n\n<ul class=\"wp-block-list\">\n<li>Tener entre 18 y 29 a\u00f1os de edad.<\/li>\n\n\n\n<li>Pueden participar mujeres, hombres y disidencias.<\/li>\n\n\n\n<li>Con o sin experiencia previa en la danza.<\/li>\n\n\n\n<li>Ser residente de la comuna de Antofagasta.<\/li>\n\n\n\n<li>Poseer compromiso y responsabilidad.<\/li>\n<\/ul>\n\n\n\n<p>Los interesad@s,&nbsp;deben inscribirse hasta el<strong> 24 de marzo<\/strong>,&nbsp;completando el&nbsp;<a href=\"https:\/\/forms.gle\/ojqoY3rbdSYo7hVe9\"><strong>FORMULARIO ONLINE<\/strong><\/a>,&nbsp;para luego asistir al <strong>workshop inicial<\/strong>, que se realizar\u00e1 el <strong>28 de marzo<\/strong>,&nbsp;desde las&nbsp;18:30 horas<strong>,<\/strong> en&nbsp;Il\u00fa Espacio Creativo, donde se escoger\u00e1n a los j\u00f3venes que ser\u00e1n parte del grupo estable 2023.<\/p>\n\n\n\n<p>Para dudas o consultas,&nbsp; comunicarse al correo&nbsp;<a href=\"mailto:infoantofagasta@baj.cl\"><strong>infoantofagasta@baj.cl<\/strong><\/a><strong>, <\/strong>o trav\u00e9s de mensaje directo a las redes sociales de BAJ Antofagasta, en&nbsp;<a href=\"https:\/\/www.instagram.com\/baj_antofagasta\/?hl=es\">Instagram<\/a>,<strong>&nbsp;<\/strong><a href=\"https:\/\/www.facebook.com\/BalmacedaArteJovenAntofagasta\">Facebook<\/a>&nbsp;y&nbsp;<a href=\"https:\/\/twitter.com\/BAJ_Antofagasta\">Twitter<\/a><strong>.<\/strong><\/p>\n","protected":false},"excerpt":{"rendered":"<p>La convocatoria est\u00e1 dirigida a j\u00f3venes entre los 18 a 29 a\u00f1os, residentes de la comuna de Antofagasta, con o sin experiencia en la danza. Balmaceda Arte Joven sede Antofagasta,&hellip;<\/p>\n","protected":false},"author":1,"featured_media":11416,"comment_status":"closed","ping_status":"closed","sticky":false,"template":"","format":"standard","meta":{"_monsterinsights_skip_tracking":false,"_monsterinsights_sitenote_active":false,"_monsterinsights_sitenote_note":"","_monsterinsights_sitenote_category":0,"footnotes":""},"categories":[2,178],"tags":[36,5478,2354,126,557,963,2437,7461,7460],"class_list":["post-11415","post","type-post","status-publish","format-standard","has-post-thumbnail","hentry","category-antofagasta","category-arte-cultura","tag-antofagasta","tag-baj","tag-busca","tag-compania","tag-danza","tag-escuela","tag-nuevos","tag-rostros","tag-sumar"],"_links":{"self":[{"href":"https:\/\/antofapop.cl\/index.php\/wp-json\/wp\/v2\/posts\/11415"}],"collection":[{"href":"https:\/\/antofapop.cl\/index.php\/wp-json\/wp\/v2\/posts"}],"about":[{"href":"https:\/\/antofapop.cl\/index.php\/wp-json\/wp\/v2\/types\/post"}],"author":[{"embeddable":true,"href":"https:\/\/antofapop.cl\/index.php\/wp-json\/wp\/v2\/users\/1"}],"replies":[{"embeddable":true,"href":"https:\/\/antofapop.cl\/index.php\/wp-json\/wp\/v2\/comments?post=11415"}],"version-history":[{"count":1,"href":"https:\/\/antofapop.cl\/index.php\/wp-json\/wp\/v2\/posts\/11415\/revisions"}],"predecessor-version":[{"id":11417,"href":"https:\/\/antofapop.cl\/index.php\/wp-json\/wp\/v2\/posts\/11415\/revisions\/11417"}],"wp:featuredmedia":[{"embeddable":true,"href":"https:\/\/antofapop.cl\/index.php\/wp-json\/wp\/v2\/media\/11416"}],"wp:attachment":[{"href":"https:\/\/antofapop.cl\/index.php\/wp-json\/wp\/v2\/media?parent=11415"}],"wp:term":[{"taxonomy":"category","embeddable":true,"href":"https:\/\/antofapop.cl\/index.php\/wp-json\/wp\/v2\/categories?post=11415"},{"taxonomy":"post_tag","embeddable":true,"href":"https:\/\/antofapop.cl\/index.php\/wp-json\/wp\/v2\/tags?post=11415"}],"curies":[{"name":"wp","href":"https:\/\/api.w.org\/{rel}","templated":true}]}}