{"id":11424,"date":"2023-03-16T16:51:09","date_gmt":"2023-03-16T13:51:09","guid":{"rendered":"https:\/\/antofapop.cl\/?p=11424"},"modified":"2023-03-17T20:26:03","modified_gmt":"2023-03-17T17:26:03","slug":"pailita-santa-feria-zumbale-primo-dread-mar-i-y-rafaga-animaran-previa-de-aniversario","status":"publish","type":"post","link":"https:\/\/antofapop.cl\/index.php\/2023\/03\/16\/pailita-santa-feria-zumbale-primo-dread-mar-i-y-rafaga-animaran-previa-de-aniversario\/","title":{"rendered":"Pailita, Santa Feria, Zumbale Primo, Dread Mar I y R\u00e1faga animar\u00e1n previa de aniversario"},"content":{"rendered":"<div class='booster-block booster-read-block'>\n                <div class=\"twp-read-time\">\n                \t<i class=\"booster-icon twp-clock\"><\/i> <span>Tiempo de Lectura:<\/span>1 Minutos, 55 Segundos                <\/div>\n\n            <\/div>\n<p><strong><em>Ser\u00e1 el martes 21 y mi\u00e9rcoles 22 de marzo, los d\u00edas a desarrollarse dos grandes eventos en la ex Finca San Juan, ambas jornadas desde las 18:00 horas.&nbsp;<\/em><\/strong><\/p>\n\n\n\n<p>Continuando con el programa de Aniversario que por estos d\u00edas la Ilustre Municipalidad de Calama y sus Corporaciones desarrollan, y que han incluido iniciativas dedicadas para todos los segmentos etarios, gustos e intereses, es que este martes 21 y mi\u00e9rcoles 22 de marzo se realizar\u00e1n dos grandes encuentros, en donde, la m\u00fasica, el baile, y la entretenci\u00f3n primar\u00e1n, siendo este un regalo especial para la recreaci\u00f3n de las familias lo\u00ednas.&nbsp;&nbsp;<\/p>\n\n\n\n<p>El primer evento de estos, el Festival Musical Ckalama desde el Sol, a realizarse el d\u00eda martes 21, considerar\u00e1 la presencia de destacados artistas locales, como Mariela, Efedella, Efecto Mandela, Alpaca Espacial y Los Huairas, quienes compartir\u00e1n escenario con la agrupaci\u00f3n chilena Santa Feria, y a uno de los artistas urbanos m\u00e1s populares del momento, Pailita.&nbsp;<\/p>\n\n\n\n<p>En tanto, para el show \u201cEsperando el 23\u201d \u2013 a desarrollarse el mi\u00e9rcoles 22 de marzo \u2013 se ha confirmado ya la presentaci\u00f3n de grupos locales, junto a los ritmos de la ranchera de Z\u00fambale Primo, el cantante de reggae Dread Mar I, y la cumbia de R\u00e1faga.&nbsp;<\/p>\n\n\n\n<p>El alcalde de la comuna, Eliecer Chamorro Vargas, se refiri\u00f3 respecto a estos encuentros,&nbsp; los que han considerado su inicio a las 18:00 horas, de manera que ni\u00f1os y familias puedan presenciar a los n\u00fameros de su inter\u00e9s, pero \u201csobre todo porque hace m\u00e1s de dos a\u00f1os que no se hace una actividad de estas caracter\u00edsticas (\u2026) destacar que en estos dos d\u00edas tendremos espacio para las bandas y artistas locales, son eventos completamente gratis, as\u00ed es que llamamos a la ciudadan\u00eda a participar de forma ordenada, y bueno, esperamos lo disfruten, porque la alegr\u00eda nos permite en estos tiempos, a tener un merecimiento como corresponde\u201d.&nbsp;<\/p>\n\n\n\n<p>Cabe destacar que ambas jornadas contar\u00e1n con un importante despliegue en cuanto a seguridad, esto para permitir que el evento sea seguro para todos los asistentes. En este sentido, las puertas del espacio que se ha dispuesto en la Finca San Juan para el desarrollo de ambas jornadas, se abrir\u00e1n a las 16:00 horas, y contar\u00e1n con un estricto control de los asistentes en su ingreso.&nbsp;<\/p>\n","protected":false},"excerpt":{"rendered":"<p>Ser\u00e1 el martes 21 y mi\u00e9rcoles 22 de marzo, los d\u00edas a desarrollarse dos grandes eventos en la ex Finca San Juan, ambas jornadas desde las 18:00 horas.&nbsp; Continuando con&hellip;<\/p>\n","protected":false},"author":1,"featured_media":11425,"comment_status":"closed","ping_status":"closed","sticky":false,"template":"","format":"standard","meta":{"_monsterinsights_skip_tracking":false,"_monsterinsights_sitenote_active":false,"_monsterinsights_sitenote_note":"","_monsterinsights_sitenote_category":0,"footnotes":""},"categories":[2221,219],"tags":[209,2222,5592,1752,68,5241,3797,2664,7465,3786,7464],"class_list":["post-11424","post","type-post","status-publish","format-standard","has-post-thumbnail","hentry","category-calama","category-cartelera","tag-aniversario","tag-calama","tag-dread","tag-feria","tag-mar","tag-pailita","tag-previa","tag-primo","tag-rafaga","tag-santa","tag-zumbale-2"],"_links":{"self":[{"href":"https:\/\/antofapop.cl\/index.php\/wp-json\/wp\/v2\/posts\/11424"}],"collection":[{"href":"https:\/\/antofapop.cl\/index.php\/wp-json\/wp\/v2\/posts"}],"about":[{"href":"https:\/\/antofapop.cl\/index.php\/wp-json\/wp\/v2\/types\/post"}],"author":[{"embeddable":true,"href":"https:\/\/antofapop.cl\/index.php\/wp-json\/wp\/v2\/users\/1"}],"replies":[{"embeddable":true,"href":"https:\/\/antofapop.cl\/index.php\/wp-json\/wp\/v2\/comments?post=11424"}],"version-history":[{"count":2,"href":"https:\/\/antofapop.cl\/index.php\/wp-json\/wp\/v2\/posts\/11424\/revisions"}],"predecessor-version":[{"id":11462,"href":"https:\/\/antofapop.cl\/index.php\/wp-json\/wp\/v2\/posts\/11424\/revisions\/11462"}],"wp:featuredmedia":[{"embeddable":true,"href":"https:\/\/antofapop.cl\/index.php\/wp-json\/wp\/v2\/media\/11425"}],"wp:attachment":[{"href":"https:\/\/antofapop.cl\/index.php\/wp-json\/wp\/v2\/media?parent=11424"}],"wp:term":[{"taxonomy":"category","embeddable":true,"href":"https:\/\/antofapop.cl\/index.php\/wp-json\/wp\/v2\/categories?post=11424"},{"taxonomy":"post_tag","embeddable":true,"href":"https:\/\/antofapop.cl\/index.php\/wp-json\/wp\/v2\/tags?post=11424"}],"curies":[{"name":"wp","href":"https:\/\/api.w.org\/{rel}","templated":true}]}}