{"id":11530,"date":"2023-03-20T18:23:05","date_gmt":"2023-03-20T15:23:05","guid":{"rendered":"https:\/\/antofapop.cl\/?p=11530"},"modified":"2023-03-20T18:23:21","modified_gmt":"2023-03-20T15:23:21","slug":"kilometros-nostalgia-e-indie-pop-en-el-debut-como-solista-de-manu-mg","status":"publish","type":"post","link":"https:\/\/antofapop.cl\/index.php\/2023\/03\/20\/kilometros-nostalgia-e-indie-pop-en-el-debut-como-solista-de-manu-mg\/","title":{"rendered":"<strong>&#8220;Kil\u00f3metros&#8221;: Nostalgia e indie pop en el debut como solista de Manu MG<\/strong>"},"content":{"rendered":"<div class='booster-block booster-read-block'>\n                <div class=\"twp-read-time\">\n                \t<i class=\"booster-icon twp-clock\"><\/i> <span>Tiempo de Lectura:<\/span>1 Minutos, 45 Segundos                <\/div>\n\n            <\/div>\n<p><strong><em>Historias de amor y desamor en clave indie pop es lo que presenta el m\u00fasico y compositor\u00a0de Concepci\u00f3n en su primer trabajo en solitario.<\/em><\/strong><\/p>\n\n\n\n<p>Tras presentar los adelantos &#8220;<strong>Herida<\/strong>&#8221; (2022) y &#8220;<strong>En el mismo lugar<\/strong>&#8221; (2023),\u00a0<strong>Manu MG<\/strong>\u00a0estrena su primer trabajo como solista\u00a0&#8220;<strong>Kil\u00f3metros<\/strong>&#8220;, un EP de cinco canciones que narra historias del coraz\u00f3n de una manera nost\u00e1lgica y con cuidados arreglos\u00a0indie pop.<br><br>El compositor penquista, conocido en la escena local por su banda de indie rock\u00a0<strong>&#8220;De Vez En Cuando<\/strong>&#8220;, decidi\u00f3 ir un paso m\u00e1s all\u00e1 en la m\u00fasica\u00a0y cre\u00f3 su proyecto solista con un disco que da cuenta de su constante b\u00fasqueda de sonoridades, estilos y arreglos.<br><br>En &#8220;<strong>Kil\u00f3metros<\/strong>&#8221; el artista se regal\u00f3 la licencia de aprender y experimentar con sonoridades, siendo part\u00edcipe del proceso de producci\u00f3n y utilizando recursos del rock alternativo y el indie pop.<\/p>\n\n\n\n<p>&#8220;<em>Si bien el objetivo principal del proyecto solista era<\/em>\u00a0<em>darle espacio a canciones que ten\u00eda guardadas, tambi\u00e9n fue un desaf\u00edo como m\u00fasico y compositor. Trabajar yo mismo la producci\u00f3n musical me ha permitido entender la m\u00fasica desde una perspectiva m\u00e1s universal, con todos los elementos que la componen<\/em>&#8220;, explica Manu MG sobre qu\u00e9 significa el EP para \u00e9l.<\/p>\n\n\n\n<p>Grabado en&nbsp;<strong>Yokai Estudio<\/strong>&nbsp;ubicado en Talcahuano, el disco fue producido por Manuel Gonz\u00e1lez (Manu MG) en conjunto de Mauricio Gallegos (Eleg\u00eda al Atardecer), quien tambi\u00e9n estuvo a cargo del proceso de mezcla y masterizaci\u00f3n. La portada del \u00e1lbum fue realizada por su amiga Fabiola Olivares.<\/p>\n\n\n\n<p>&#8220;<strong>Kil\u00f3metros<\/strong>&#8221; profundiza en el trabajo compositivo de&nbsp;<strong>Manu MG<\/strong>, donde las rimas ligeras y el lenguaje cotidiano son parte del estilo del artista. Y que en este primer trabajo solista, mezcla la nostalgia y la sencillez como una puerta de entrada a sus emociones y vivencias.<\/p>\n\n\n\n<p>El disco contar\u00e1 con un videoclip para promocionar su lanzamiento. Fue filmado de manera autogestionada en Playa Blanca de Coronel junto a su amigo Oscar Tapia y ser\u00e1 estrenado el pr\u00f3ximo jueves 24 de marzo en su canal de YouTube.<\/p>\n\n\n\n<figure class=\"wp-block-embed is-type-rich is-provider-spotify wp-block-embed-spotify wp-embed-aspect-21-9 wp-has-aspect-ratio\"><div class=\"wp-block-embed__wrapper\">\n<iframe title=\"Spotify Embed: Manu Mg\" style=\"border-radius: 12px\" width=\"100%\" height=\"352\" frameborder=\"0\" allowfullscreen allow=\"autoplay; clipboard-write; encrypted-media; fullscreen; picture-in-picture\" loading=\"lazy\" src=\"https:\/\/open.spotify.com\/embed\/artist\/3cAYog5shDEyoBpw37Gja1?si=jPQzRnoNSBCyUPa2a_8IQw&#038;nd=1&#038;utm_source=oembed\"><\/iframe>\n<\/div><\/figure>\n","protected":false},"excerpt":{"rendered":"<p>Historias de amor y desamor en clave indie pop es lo que presenta el m\u00fasico y compositor\u00a0de Concepci\u00f3n en su primer trabajo en solitario. Tras presentar los adelantos &#8220;Herida&#8221; (2022)&hellip;<\/p>\n","protected":false},"author":1,"featured_media":11531,"comment_status":"closed","ping_status":"closed","sticky":false,"template":"","format":"standard","meta":{"_monsterinsights_skip_tracking":false,"_monsterinsights_sitenote_active":false,"_monsterinsights_sitenote_note":"","_monsterinsights_sitenote_category":0,"footnotes":""},"categories":[3],"tags":[408,323,5793,7516,7517,167,95,260],"class_list":["post-11530","post","type-post","status-publish","format-standard","has-post-thumbnail","hentry","category-musica-chilena","tag-debut","tag-indie","tag-kilometros","tag-manu","tag-mg","tag-nostalgia","tag-pop","tag-solista"],"_links":{"self":[{"href":"https:\/\/antofapop.cl\/index.php\/wp-json\/wp\/v2\/posts\/11530"}],"collection":[{"href":"https:\/\/antofapop.cl\/index.php\/wp-json\/wp\/v2\/posts"}],"about":[{"href":"https:\/\/antofapop.cl\/index.php\/wp-json\/wp\/v2\/types\/post"}],"author":[{"embeddable":true,"href":"https:\/\/antofapop.cl\/index.php\/wp-json\/wp\/v2\/users\/1"}],"replies":[{"embeddable":true,"href":"https:\/\/antofapop.cl\/index.php\/wp-json\/wp\/v2\/comments?post=11530"}],"version-history":[{"count":2,"href":"https:\/\/antofapop.cl\/index.php\/wp-json\/wp\/v2\/posts\/11530\/revisions"}],"predecessor-version":[{"id":11533,"href":"https:\/\/antofapop.cl\/index.php\/wp-json\/wp\/v2\/posts\/11530\/revisions\/11533"}],"wp:featuredmedia":[{"embeddable":true,"href":"https:\/\/antofapop.cl\/index.php\/wp-json\/wp\/v2\/media\/11531"}],"wp:attachment":[{"href":"https:\/\/antofapop.cl\/index.php\/wp-json\/wp\/v2\/media?parent=11530"}],"wp:term":[{"taxonomy":"category","embeddable":true,"href":"https:\/\/antofapop.cl\/index.php\/wp-json\/wp\/v2\/categories?post=11530"},{"taxonomy":"post_tag","embeddable":true,"href":"https:\/\/antofapop.cl\/index.php\/wp-json\/wp\/v2\/tags?post=11530"}],"curies":[{"name":"wp","href":"https:\/\/api.w.org\/{rel}","templated":true}]}}