{"id":11781,"date":"2023-04-06T21:04:22","date_gmt":"2023-04-06T18:04:22","guid":{"rendered":"https:\/\/antofapop.cl\/?p=11781"},"modified":"2023-04-06T21:04:22","modified_gmt":"2023-04-06T18:04:22","slug":"inauguraron-espacio-para-la-innovacion-social","status":"publish","type":"post","link":"https:\/\/antofapop.cl\/index.php\/2023\/04\/06\/inauguraron-espacio-para-la-innovacion-social\/","title":{"rendered":"Inauguraron espacio para la innovaci\u00f3n social"},"content":{"rendered":"<div class='booster-block booster-read-block'>\n                <div class=\"twp-read-time\">\n                \t<i class=\"booster-icon twp-clock\"><\/i> <span>Tiempo de Lectura:<\/span>1 Minutos, 47 Segundos                <\/div>\n\n            <\/div>\n<p>Mediante una ceremonia solemne junto a autoridades, dirigentes y acad\u00e9micos se realiz\u00f3 este martes 4 de abril la inauguraci\u00f3n del espacio Innovalab, el cual es parte de un proyecto que incluye cuatro de estos laboratorios de innovaci\u00f3n social, uno en Vi\u00f1a del Mar, otro en Concepci\u00f3n y uno en Talca.<\/p>\n\n\n\n<p>La iniciativa del Instituto Profesional y Centro de Formaci\u00f3n T\u00e9cnica Santo Tom\u00e1s es financiada por el Fondo de Desarrollo Institucional del Ministerio de Educaci\u00f3n, con el fin de fortalecer el rol de esta casa de estudios superiores en los desaf\u00edos que enfrenta la sociedad en la actualidad.<\/p>\n\n\n\n<p>El Espacio Colaborativo inaugurado en Antofagasta permitir\u00e1 a agrupaciones sociales, emprendedores, docentes y estudiantes trabajar de manera mancomunada para resolver de manera innovadora diversas problem\u00e1ticas que afectan a la comunidad en el territorio.<\/p>\n\n\n\n<p>Al respecto el rector nacional IP \u2013 CFT de Santo Tom\u00e1s, Juan Pablo Guzm\u00e1n, se\u00f1al\u00f3 que \u201ceste componente es una parte fundamental de la implementaci\u00f3n de nuestra Estrategia Institucional de Innovaci\u00f3n Social, que busca fortalecer nuestra vinculaci\u00f3n con el entorno y que es en lo que hemos venido trabajando en los \u00faltimos a\u00f1os para involucrarnos cada vez m\u00e1s en la sociedad\u201d.<\/p>\n\n\n\n<p>Por su parte la jefa de la Divisi\u00f3n Fomento e Industria del Gobierno Regional, Ruth Rodr\u00edguez, felicit\u00f3 a Santo Tom\u00e1s por la iniciativa y comprometi\u00f3 la visita del gobernador al lugar, con el fin de concretar acciones que permitan promover la innovaci\u00f3n social en la ciudad y tambi\u00e9n en la regi\u00f3n.<\/p>\n\n\n\n<p>Finalmente, el rector de Santo Tom\u00e1s Antofagasta, Exequiel Ram\u00edrez, explic\u00f3 que \u201cestamos cumpliendo diez a\u00f1os de un camino que comenzamos en 2013 de vinculaci\u00f3n con las comunidades y socios comunitarios\u201d, agregando que \u201cdesde entonces estamos involucrados en distintas iniciativas que buscan mejorar la calidad de vida de los vecinos y vecinas, y este espacio nos va a ayudar a potenciar ese desarrollo de iniciativas y tambi\u00e9n la formaci\u00f3n de nuestros estudiantes\u201d.<\/p>\n\n\n\n<p>El Espacio Innovalab posee 80 metros cuadrados de superficie y estar\u00e1 abierto a la comunidad, agrupaciones sociales, deportivas y culturales, emprendimientos e innovadores, para reunirse y concretar las ideas que sue\u00f1an y que pueden aportar a mejorar la forma de vivir de muchas personas.<\/p>\n","protected":false},"excerpt":{"rendered":"<p>Mediante una ceremonia solemne junto a autoridades, dirigentes y acad\u00e9micos se realiz\u00f3 este martes 4 de abril la inauguraci\u00f3n del espacio Innovalab, el cual es parte de un proyecto que&hellip;<\/p>\n","protected":false},"author":1,"featured_media":11782,"comment_status":"closed","ping_status":"closed","sticky":false,"template":"","format":"standard","meta":{"_monsterinsights_skip_tracking":false,"_monsterinsights_sitenote_active":false,"_monsterinsights_sitenote_note":"","_monsterinsights_sitenote_category":0,"footnotes":""},"categories":[2,3188],"tags":[36,578,148,45,910],"class_list":["post-11781","post","type-post","status-publish","format-standard","has-post-thumbnail","hentry","category-antofagasta","category-tendencias","tag-antofagasta","tag-espacio","tag-innovacion","tag-social","tag-ust"],"_links":{"self":[{"href":"https:\/\/antofapop.cl\/index.php\/wp-json\/wp\/v2\/posts\/11781"}],"collection":[{"href":"https:\/\/antofapop.cl\/index.php\/wp-json\/wp\/v2\/posts"}],"about":[{"href":"https:\/\/antofapop.cl\/index.php\/wp-json\/wp\/v2\/types\/post"}],"author":[{"embeddable":true,"href":"https:\/\/antofapop.cl\/index.php\/wp-json\/wp\/v2\/users\/1"}],"replies":[{"embeddable":true,"href":"https:\/\/antofapop.cl\/index.php\/wp-json\/wp\/v2\/comments?post=11781"}],"version-history":[{"count":1,"href":"https:\/\/antofapop.cl\/index.php\/wp-json\/wp\/v2\/posts\/11781\/revisions"}],"predecessor-version":[{"id":11783,"href":"https:\/\/antofapop.cl\/index.php\/wp-json\/wp\/v2\/posts\/11781\/revisions\/11783"}],"wp:featuredmedia":[{"embeddable":true,"href":"https:\/\/antofapop.cl\/index.php\/wp-json\/wp\/v2\/media\/11782"}],"wp:attachment":[{"href":"https:\/\/antofapop.cl\/index.php\/wp-json\/wp\/v2\/media?parent=11781"}],"wp:term":[{"taxonomy":"category","embeddable":true,"href":"https:\/\/antofapop.cl\/index.php\/wp-json\/wp\/v2\/categories?post=11781"},{"taxonomy":"post_tag","embeddable":true,"href":"https:\/\/antofapop.cl\/index.php\/wp-json\/wp\/v2\/tags?post=11781"}],"curies":[{"name":"wp","href":"https:\/\/api.w.org\/{rel}","templated":true}]}}