{"id":11844,"date":"2023-04-13T21:42:31","date_gmt":"2023-04-13T18:42:31","guid":{"rendered":"https:\/\/antofapop.cl\/?p=11844"},"modified":"2023-04-13T21:42:31","modified_gmt":"2023-04-13T18:42:31","slug":"familias-del-jardin-infantil-mi-banderita-chilena-de-junji-inauguran-mural-de-mosaicos-en-la-unidad-educativa","status":"publish","type":"post","link":"https:\/\/antofapop.cl\/index.php\/2023\/04\/13\/familias-del-jardin-infantil-mi-banderita-chilena-de-junji-inauguran-mural-de-mosaicos-en-la-unidad-educativa\/","title":{"rendered":"Familias del Jard\u00edn Infantil Mi Banderita Chilena de Junji inauguran mural de mosaicos en la unidad educativa"},"content":{"rendered":"<div class='booster-block booster-read-block'>\n                <div class=\"twp-read-time\">\n                \t<i class=\"booster-icon twp-clock\"><\/i> <span>Tiempo de Lectura:<\/span>2 Minutos, 43 Segundos                <\/div>\n\n            <\/div>\n<p><strong><em>Crecer en Familia es un diplomado llevado a cabo por tres funcionarias del Jard\u00edn Infantil, que busca fortalecer estrategias que aumenten la participaci\u00f3n de las familias y la construcci\u00f3n de redes comunitarias.<\/em><\/strong><\/p>\n\n\n\n<p>El pasado lunes 2 de abril se llev\u00f3 a cabo la inauguraci\u00f3n de dos murales en el Jard\u00edn Infantil Mi Banderita Chilena de Junji Antofagasta, el cual fue realizado a mano por las familias de la unidad educativa en un estilo de mosaico, junto a la participaci\u00f3n de la red \u201cAbuelitas Cuenta Cuentos\u201d con su representante Sandra Nieva Tapia, monitora del proyecto.<\/p>\n\n\n\n<p>El diplomado crecer en familia fue desarrollado en el a\u00f1o 2022, junto a Crecer en Familia, Learner y United Way, el cual benefici\u00f3 a tres funcionarias de la unidad educativa, Priscila Carvajal, Valentina Mu\u00f1oz, y Thiare Godoy, dos educadoras de p\u00e1rvulos y una t\u00e9cnico respectivamente. La idea del proyecto para este diplomado fue la creaci\u00f3n de dos murales tipo mosaicos, donde participaron nueve familias que estuvieron de principio a fin, quienes eligieron el lugar donde se plasmar\u00edan los dise\u00f1os, y pudieron realizar este proyecto gracias a donaciones de terceros, con el apoyo del Centro General de Padres, Madres y Apoderados en colaboraci\u00f3n con la monitora, Sandra Nieva.<\/p>\n\n\n\n<p><em>\u201cEstamos muy contentos con los resultados de este proyecto, el cu\u00e1l cont\u00f3 con la participaci\u00f3n de la comunidad junto al jard\u00edn infantil, un trabajo participativo, colaborativo y comunitario, que deja un recuerdo y aprendizaje en las paredes de la unidad educativa, aportando al sello art\u00edstico del jard\u00edn infantil\u201d,<\/em> expres\u00f3 el director regional (s), de Junji Antofagasta, Alejandro Rodr\u00edguez.<\/p>\n\n\n\n<p>La encargada del Jard\u00edn Infantil Mi Banderita Chilena, Valentina D\u00edaz, explic\u00f3 lo dif\u00edcil que es realizar este tipo de experiencias, debido al gran n\u00famero de familias que tiene la unidad educativa <em>\u201ca nosotros nos llena de orgullo la verdad que nuestras familias quieran acompa\u00f1arnos en este proceso, que se motiven a hacerlo, que contagien a otros y que despu\u00e9s est\u00e9n aqu\u00ed tambi\u00e9n poni\u00e9ndose contentas de ver cu\u00e1l es su logro, porque esto no queda solo para sus hijos, tambi\u00e9n queda para la comunidad, as\u00ed que estamos s\u00faper orgullosos como jard\u00edn de las familias que tenemos\u201d.<\/em><\/p>\n\n\n\n<p>Priscila Carvajal, educadora del Jard\u00edn Infantil Mi Banderita Chilena, coment\u00f3 como esta experiencia fue un desaf\u00edo profesional junto a las redes y familias, siendo un trabajo importante dentro de la labor educativa, la relaci\u00f3n de las comunidades y el jard\u00edn infantil <em>\u201ccreo que fue una linda experiencia en donde logramos tambi\u00e9n generar el tema de la convivencia, la comunicaci\u00f3n, se crearon lazos afectivos entre ellas, se conocieron, tambi\u00e9n tuvimos capacidades distintas en cuanto al desempe\u00f1o que pon\u00eda cada una\u201d.<\/em><\/p>\n\n\n\n<p><em>\u201cEste trabajo con la comunidad y especialmente con este jard\u00edn mi banderita chilena ha sido genial, ellas tienen toda la disposici\u00f3n y la disponibilidad para poder venir y dar el apoyo, entonces realmente son comunidades en desarrollo, son comunidades creativas, son comunidades que van avanzando y ha sido genial el trabajo con el Jard\u00edn Infantil Mi Banderita Chilena\u201d,<\/em> finaliz\u00f3 Sandra Nieva, monitora del proyecto y parte de la red Las Abuelitas Cuenta Cuentos.<\/p>\n\n\n\n<p>Les recordamos que ante cualquier duda o consulta puede contactarse con nuestro equipo SIAC mediante los n\u00fameros de contacto, 55 2571111 \u2013 55 2571130, o a los correos electr\u00f3nicos <a href=\"mailto:pdiaze@junji.cl\">pdiaze@junji.cl<\/a> y <a href=\"mailto:deyanira.chavez@junji.cl\">deyanira.chavez@junji.cl<\/a><\/p>\n","protected":false},"excerpt":{"rendered":"<p>Crecer en Familia es un diplomado llevado a cabo por tres funcionarias del Jard\u00edn Infantil, que busca fortalecer estrategias que aumenten la participaci\u00f3n de las familias y la construcci\u00f3n de&hellip;<\/p>\n","protected":false},"author":1,"featured_media":11845,"comment_status":"closed","ping_status":"closed","sticky":false,"template":"","format":"standard","meta":{"_monsterinsights_skip_tracking":false,"_monsterinsights_sitenote_active":false,"_monsterinsights_sitenote_note":"","_monsterinsights_sitenote_category":0,"footnotes":""},"categories":[2,178],"tags":[7629,55,742,3197,887,5376,3800,2986,1280,3096],"class_list":["post-11844","post","type-post","status-publish","format-standard","has-post-thumbnail","hentry","category-antofagasta","category-arte-cultura","tag-banderita","tag-chilena","tag-educativa","tag-familias","tag-infantil","tag-jardin","tag-junji","tag-mosaicos","tag-mural","tag-unidad"],"_links":{"self":[{"href":"https:\/\/antofapop.cl\/index.php\/wp-json\/wp\/v2\/posts\/11844"}],"collection":[{"href":"https:\/\/antofapop.cl\/index.php\/wp-json\/wp\/v2\/posts"}],"about":[{"href":"https:\/\/antofapop.cl\/index.php\/wp-json\/wp\/v2\/types\/post"}],"author":[{"embeddable":true,"href":"https:\/\/antofapop.cl\/index.php\/wp-json\/wp\/v2\/users\/1"}],"replies":[{"embeddable":true,"href":"https:\/\/antofapop.cl\/index.php\/wp-json\/wp\/v2\/comments?post=11844"}],"version-history":[{"count":1,"href":"https:\/\/antofapop.cl\/index.php\/wp-json\/wp\/v2\/posts\/11844\/revisions"}],"predecessor-version":[{"id":11846,"href":"https:\/\/antofapop.cl\/index.php\/wp-json\/wp\/v2\/posts\/11844\/revisions\/11846"}],"wp:featuredmedia":[{"embeddable":true,"href":"https:\/\/antofapop.cl\/index.php\/wp-json\/wp\/v2\/media\/11845"}],"wp:attachment":[{"href":"https:\/\/antofapop.cl\/index.php\/wp-json\/wp\/v2\/media?parent=11844"}],"wp:term":[{"taxonomy":"category","embeddable":true,"href":"https:\/\/antofapop.cl\/index.php\/wp-json\/wp\/v2\/categories?post=11844"},{"taxonomy":"post_tag","embeddable":true,"href":"https:\/\/antofapop.cl\/index.php\/wp-json\/wp\/v2\/tags?post=11844"}],"curies":[{"name":"wp","href":"https:\/\/api.w.org\/{rel}","templated":true}]}}