{"id":12125,"date":"2023-05-06T16:58:29","date_gmt":"2023-05-06T13:58:29","guid":{"rendered":"https:\/\/antofapop.cl\/?p=12125"},"modified":"2023-05-06T16:58:29","modified_gmt":"2023-05-06T13:58:29","slug":"inscripciones-para-el-carnaval-de-los-colores-concluyen-el-15-de-mayo","status":"publish","type":"post","link":"https:\/\/antofapop.cl\/index.php\/2023\/05\/06\/inscripciones-para-el-carnaval-de-los-colores-concluyen-el-15-de-mayo\/","title":{"rendered":"Inscripciones para el Carnaval de los Colores concluyen el 15 de mayo"},"content":{"rendered":"<div class='booster-block booster-read-block'>\n                <div class=\"twp-read-time\">\n                \t<i class=\"booster-icon twp-clock\"><\/i> <span>Tiempo de Lectura:<\/span>2 Minutos, 22 Segundos                <\/div>\n\n            <\/div>\n<p><strong><em>En su \u00faltima versi\u00f3n el tradicional pasacalle congreg\u00f3 a 27 agrupaciones y bandas de bronce de las regiones de Arica y Parinacota, Tarapac\u00e1, Atacama, Metropolitana y Antofagasta, movilizando a m\u00e1s de 50 mil personas.<\/em><\/strong><\/p>\n\n\n\n<p><strong><em>Muestra del folclor patrimonial y latinoamericano tiene lugar en el marco de la XII versi\u00f3n de la Feria Internacional del Libro Zicosur de Antofagasta que se realizar\u00e1 en el sitio cero desde el 24 de mayo al 4 de junio.<\/em><\/strong><\/p>\n\n\n\n<p>Hasta el lunes 15 de mayo se extender\u00e1 el plazo para que agrupaciones art\u00edsticas y culturales de todo el norte del pa\u00eds den vida a una nueva edici\u00f3n de denominado \u201c<em>Carnaval de los Colores<\/em>\u201d, fiesta del folclor y m\u00fasica latinoamericana que desde el 2012 destaca por incentivar la pr\u00e1ctica, difusi\u00f3n y fortalecimiento de tradiciones y expresiones culturales que forman parte de nuestra identidad.&nbsp;<\/p>\n\n\n\n<p>Pasacalle que tendr\u00e1 lugar el domingo 28 de mayo, sum\u00e1ndose as\u00ed a las actividades de la Feria Internacional del Libro Zicosur de Antofagasta que la Plataforma Cultural Filzic realizar\u00e1 en el sitio cero de Puerto Antofagasta entre el 24 de mayo y el 4 de junio.&nbsp;<\/p>\n\n\n\n<p>En el caso del Carnaval la organizaci\u00f3n espera replicar el recorrido del 2022, es decir poco m\u00e1s de dos kil\u00f3metros, conectando el balneario municipal con el recinto ferial, llenando de alegr\u00eda, m\u00fasica y bailes las principales calles de la ciudad.&nbsp;<\/p>\n\n\n\n<p>Para Patricio Rojas, director ejecutivo de Filzic la invitaci\u00f3n a la ciudadan\u00eda, pero tambi\u00e9n a las agrupaciones para que nuevamente participen en esta fiesta ciudadana. \u201c<em>Estamos trabajando para que este 2023 el Carnaval de los Colores vuelva al formato que todos recordamos antes de la Pandemia. Una expresi\u00f3n de cultura y patrimonio que congrega a miles de personas y que nos confirma el inter\u00e9s de la ciudadan\u00eda por eventos culturales de calidad y al alcance de todas y todos<\/em>\u201d coment\u00f3.&nbsp;<\/p>\n\n\n\n<p>Por su parte Ram\u00f3n Olivares, productor general del Carnaval de los Colores hace extensiva la invitaci\u00f3n no s\u00f3lo a agrupaciones de la regi\u00f3n, sino que tambi\u00e9n a las familias. \u201c<em>Hago una invitaci\u00f3n a participar no s\u00f3lo a los grupos o m\u00fasicos de la ciudad, ya que hace mucho tiempo que el Carnaval de los Colores traspas\u00f3 las fronteras de Antofagasta y de la Regi\u00f3n como tal, esta invitaci\u00f3n es a la familia antofagastina que vaya el 28 de mayo a presenciar el carnaval de los colores y pongan el valor las tradiciones, reconociendo sus or\u00edgenes. Somos una zona que al estar muy cerca de las fronteras experimenta un fen\u00f3meno llamado transculturizaci\u00f3n, el cual el carnaval hace patente<\/em>\u201d.&nbsp;<\/p>\n\n\n\n<p>Cabe se\u00f1alar que para las agrupaciones que participen en la categor\u00eda competencia el plazo de inscripciones concluye el lunes 15 de mayo, mientras quienes deseen sumarse a la categor\u00eda muestra el plazo concluye el viernes 19 de mayo. Para m\u00e1s informaci\u00f3n y bases visitar&nbsp;<a href=\"http:\/\/www.filzic.cl\/\" target=\"_blank\" rel=\"noreferrer noopener\">www.filzic.cl<\/a>.&nbsp;<\/p>\n","protected":false},"excerpt":{"rendered":"<p>En su \u00faltima versi\u00f3n el tradicional pasacalle congreg\u00f3 a 27 agrupaciones y bandas de bronce de las regiones de Arica y Parinacota, Tarapac\u00e1, Atacama, Metropolitana y Antofagasta, movilizando a m\u00e1s&hellip;<\/p>\n","protected":false},"author":1,"featured_media":12126,"comment_status":"closed","ping_status":"closed","sticky":false,"template":"","format":"standard","meta":{"_monsterinsights_skip_tracking":false,"_monsterinsights_sitenote_active":false,"_monsterinsights_sitenote_note":"","_monsterinsights_sitenote_category":0,"footnotes":""},"categories":[2,178],"tags":[4177,5968,1851,930],"class_list":["post-12125","post","type-post","status-publish","format-standard","has-post-thumbnail","hentry","category-antofagasta","category-arte-cultura","tag-carnaval","tag-colores","tag-inscripciones","tag-mayo"],"_links":{"self":[{"href":"https:\/\/antofapop.cl\/index.php\/wp-json\/wp\/v2\/posts\/12125"}],"collection":[{"href":"https:\/\/antofapop.cl\/index.php\/wp-json\/wp\/v2\/posts"}],"about":[{"href":"https:\/\/antofapop.cl\/index.php\/wp-json\/wp\/v2\/types\/post"}],"author":[{"embeddable":true,"href":"https:\/\/antofapop.cl\/index.php\/wp-json\/wp\/v2\/users\/1"}],"replies":[{"embeddable":true,"href":"https:\/\/antofapop.cl\/index.php\/wp-json\/wp\/v2\/comments?post=12125"}],"version-history":[{"count":1,"href":"https:\/\/antofapop.cl\/index.php\/wp-json\/wp\/v2\/posts\/12125\/revisions"}],"predecessor-version":[{"id":12127,"href":"https:\/\/antofapop.cl\/index.php\/wp-json\/wp\/v2\/posts\/12125\/revisions\/12127"}],"wp:featuredmedia":[{"embeddable":true,"href":"https:\/\/antofapop.cl\/index.php\/wp-json\/wp\/v2\/media\/12126"}],"wp:attachment":[{"href":"https:\/\/antofapop.cl\/index.php\/wp-json\/wp\/v2\/media?parent=12125"}],"wp:term":[{"taxonomy":"category","embeddable":true,"href":"https:\/\/antofapop.cl\/index.php\/wp-json\/wp\/v2\/categories?post=12125"},{"taxonomy":"post_tag","embeddable":true,"href":"https:\/\/antofapop.cl\/index.php\/wp-json\/wp\/v2\/tags?post=12125"}],"curies":[{"name":"wp","href":"https:\/\/api.w.org\/{rel}","templated":true}]}}