{"id":12128,"date":"2023-05-06T17:55:31","date_gmt":"2023-05-06T14:55:31","guid":{"rendered":"https:\/\/antofapop.cl\/?p=12128"},"modified":"2023-05-06T17:55:32","modified_gmt":"2023-05-06T14:55:32","slug":"presentan-plan-regional-de-capacitacion-de-educacion-artistica","status":"publish","type":"post","link":"https:\/\/antofapop.cl\/index.php\/2023\/05\/06\/presentan-plan-regional-de-capacitacion-de-educacion-artistica\/","title":{"rendered":"<strong>Presentan Plan Regional de Capacitaci\u00f3n de Educaci\u00f3n Art\u00edstica<\/strong>"},"content":{"rendered":"<div class='booster-block booster-read-block'>\n                <div class=\"twp-read-time\">\n                \t<i class=\"booster-icon twp-clock\"><\/i> <span>Tiempo de Lectura:<\/span>2 Minutos, 6 Segundos                <\/div>\n\n            <\/div>\n<p><strong><em>Instancia formativa beneficiar\u00e1 aproximadamente a 100 profesionales ligados a la Educaci\u00f3n, entre profesores y profesoras, asistentes de aula de Educaci\u00f3n B\u00e1sica de primer ciclo, adem\u00e1s de educadoras de p\u00e1rvulos y t\u00e9cnicos.<\/em><\/strong><\/p>\n\n\n\n<p>Con la participaci\u00f3n de representantes de sostenedores municipales de educaci\u00f3n pertenecientes a casi la totalidad de comunas de la regi\u00f3n de Antofagasta y seremi de las Culturas, las Artes y el Patrimonio, Claudio Lagos Guti\u00e9rrez, se present\u00f3 recientemente el Plan Regional de Capacitaci\u00f3n elaborado desde la mesa de Educaci\u00f3n Art\u00edstica junto al Ministerio de Educaci\u00f3n.<\/p>\n\n\n\n<p>El plan comprende la realizaci\u00f3n de proyectos de formaci\u00f3n dirigidos a docentes y educadoras de la regi\u00f3n, los cuales se desarrollar\u00e1n entre el 30 de mayo al 2 de junio en las ciudades de Antofagasta y Calama, teniendo como objetivo vincular los contenidos de educaci\u00f3n art\u00edstica con el curr\u00edculum tradicional de los establecimientos educacionales, lo que fue destacado por el seremi de las Culturas, las Artes y el Patrimonio, Claudio Lagos Guti\u00e9rrez.<\/p>\n\n\n\n<p>\u201cLa Educaci\u00f3n Art\u00edstica es lejos una de las \u00e1reas m\u00e1s importantes sobre las cuales nosotros hemos tratado de enfocar nuestra gesti\u00f3n y en ese sentido, desde el trabajo que hemos desarrollado con la mesa de Educaci\u00f3n Art\u00edstica ha surgido como necesidad este Plan de Capacitaci\u00f3n, presentado a los sostenedores de todas las comunas de la regi\u00f3n de Antofagasta y donde efectivamente valoramos los espacios de trabajo en torno a lo que es el Arte en la Educaci\u00f3n y de qu\u00e9 manera podemos comprometer a cada uno de los sostenedores para el desarrollo de \u00e9stos en el sector p\u00fablico. Es un trabajo muy bonito, de una profundidad tremenda que estamos realizando de muy buena manera, recepci\u00f3n y apoyo por parte de los sostenedores de nuestra regi\u00f3n\u201d manifest\u00f3 la autoridad regional de las Culturas.<\/p>\n\n\n\n<p>Cabe destacar que el Plan de Capacitaci\u00f3n beneficiar\u00e1 a 100 profesionales aproximadamente, entre profesores y profesoras, asistentes de aula de Educaci\u00f3n B\u00e1sica de primer ciclo, adem\u00e1s de educadoras de p\u00e1rvulos y t\u00e9cnicos.<\/p>\n\n\n\n<p><strong>Mesa Regional de Educaci\u00f3n Art\u00edstica<\/strong><\/p>\n\n\n\n<p>El Plan Regional de Capacitaci\u00f3n nace como propuesta del trabajo permanente que realiza la Mesa Regional de Educaci\u00f3n Art\u00edstica, que coordina la Seremi de las Culturas, las Artes y el Patrimonio junto al importante apoyo de la Seremi de Educaci\u00f3n, y en ella participan diversas entidades p\u00fablicas y privadas ligadas al Arte y la Educaci\u00f3n, como los liceos Armando Carrera Gonz\u00e1lez y liceo Experimental Art\u00edstico de Antofagasta, Corporaci\u00f3n Cultural de Antofagasta, Artequ\u00edn-Inacap Antofagasta, centro cultural Estaci\u00f3n Antofagasta, direcci\u00f3n regional del Servicio Nacional del Patrimonio Cultural, Fundaci\u00f3n Minera Escondida, y Subsecretar\u00eda de Educaci\u00f3n Parvularia.<\/p>\n","protected":false},"excerpt":{"rendered":"<p>Instancia formativa beneficiar\u00e1 aproximadamente a 100 profesionales ligados a la Educaci\u00f3n, entre profesores y profesoras, asistentes de aula de Educaci\u00f3n B\u00e1sica de primer ciclo, adem\u00e1s de educadoras de p\u00e1rvulos y&hellip;<\/p>\n","protected":false},"author":1,"featured_media":12129,"comment_status":"closed","ping_status":"closed","sticky":false,"template":"","format":"standard","meta":{"_monsterinsights_skip_tracking":false,"_monsterinsights_sitenote_active":false,"_monsterinsights_sitenote_note":"","_monsterinsights_sitenote_category":0,"footnotes":""},"categories":[178,2405],"tags":[28,781,472,276,262],"class_list":["post-12128","post","type-post","status-publish","format-standard","has-post-thumbnail","hentry","category-arte-cultura","category-region","tag-artistica","tag-capacitacion","tag-educacion","tag-plan","tag-regional"],"_links":{"self":[{"href":"https:\/\/antofapop.cl\/index.php\/wp-json\/wp\/v2\/posts\/12128"}],"collection":[{"href":"https:\/\/antofapop.cl\/index.php\/wp-json\/wp\/v2\/posts"}],"about":[{"href":"https:\/\/antofapop.cl\/index.php\/wp-json\/wp\/v2\/types\/post"}],"author":[{"embeddable":true,"href":"https:\/\/antofapop.cl\/index.php\/wp-json\/wp\/v2\/users\/1"}],"replies":[{"embeddable":true,"href":"https:\/\/antofapop.cl\/index.php\/wp-json\/wp\/v2\/comments?post=12128"}],"version-history":[{"count":1,"href":"https:\/\/antofapop.cl\/index.php\/wp-json\/wp\/v2\/posts\/12128\/revisions"}],"predecessor-version":[{"id":12130,"href":"https:\/\/antofapop.cl\/index.php\/wp-json\/wp\/v2\/posts\/12128\/revisions\/12130"}],"wp:featuredmedia":[{"embeddable":true,"href":"https:\/\/antofapop.cl\/index.php\/wp-json\/wp\/v2\/media\/12129"}],"wp:attachment":[{"href":"https:\/\/antofapop.cl\/index.php\/wp-json\/wp\/v2\/media?parent=12128"}],"wp:term":[{"taxonomy":"category","embeddable":true,"href":"https:\/\/antofapop.cl\/index.php\/wp-json\/wp\/v2\/categories?post=12128"},{"taxonomy":"post_tag","embeddable":true,"href":"https:\/\/antofapop.cl\/index.php\/wp-json\/wp\/v2\/tags?post=12128"}],"curies":[{"name":"wp","href":"https:\/\/api.w.org\/{rel}","templated":true}]}}