{"id":12188,"date":"2023-05-11T23:08:07","date_gmt":"2023-05-11T20:08:07","guid":{"rendered":"https:\/\/antofapop.cl\/?p=12188"},"modified":"2023-05-11T23:08:07","modified_gmt":"2023-05-11T20:08:07","slug":"con-reconocimiento-a-emblematicos-locales-de-calama-se-inicio-programa-del-mes-de-los-patrimonios","status":"publish","type":"post","link":"https:\/\/antofapop.cl\/index.php\/2023\/05\/11\/con-reconocimiento-a-emblematicos-locales-de-calama-se-inicio-programa-del-mes-de-los-patrimonios\/","title":{"rendered":"Con reconocimiento a emblem\u00e1ticos locales de Calama se inici\u00f3 programa del Mes de los Patrimonios"},"content":{"rendered":"<div class='booster-block booster-read-block'>\n                <div class=\"twp-read-time\">\n                \t<i class=\"booster-icon twp-clock\"><\/i> <span>Tiempo de Lectura:<\/span>3 Minutos, 39 Segundos                <\/div>\n\n            <\/div>\n<p><strong><em>Distintas iniciativas se desarrollar\u00e1n hasta el pr\u00f3ximo 28 de mayo en distintos puntos de la ciudad, todas de car\u00e1cter gratuito para la comunidad.&nbsp;<\/em><\/strong><\/p>\n\n\n\n<p>Este viernes, y en una actividad al exterior del Teatro Municipal de Calama, uno de los edificios m\u00e1s emblem\u00e1ticos de la ciudad, se realiz\u00f3 el lanzamiento del Programa del Mes del Patrimonio, actividades impulsadas por la Ilustre Municipalidad de Calama a trav\u00e9s de su Corporaci\u00f3n Cultural, enmarcada en la celebraci\u00f3n del D\u00eda de los Patrimonios, instancia que pretende generar un encuentro directo entre la comunidad y las distintas manifestaciones y bienes que en conjunto constituyen el patrimonio del pa\u00eds, con la intenci\u00f3n de que aprecien sus valores, se tome conciencia de su vulnerabilidad y se asuma la responsabilidad que nos compete en su protecci\u00f3n.<\/p>\n\n\n\n<p>Esta instancia que en Calama se conmemorar\u00e1 en distintos encuentros durante todo lo que resta del mes de mayo, tuvo en su jornada de lanzamiento una emotiva premiaci\u00f3n y reconocimiento a locales y entidades de la ciudad, todas relevantes dentro de la historia de la comuna, en su mayor\u00eda, creadas en la d\u00e9cada de los 60, una de las m\u00e1s fruct\u00edfera en t\u00e9rminos econ\u00f3micos para la comuna, y en donde se consolid\u00f3 su desarrollo.&nbsp;<\/p>\n\n\n\n<p>La \u201cCasa Mamita\u201d, la Ferreter\u00eda \u201cSan Felipe\u201d, el Almac\u00e9n \u201cDon Genaro\u201d, el Hotel \u201cLuxor\u201d, la Primera Compa\u00f1\u00eda de Bomberos y Radio Calama fueron los grandes homenajeados, distinciones que fueron agradecidas pero destacados por la Direcci\u00f3n Ejecutiva de la Corporaci\u00f3n de Cultura y Turismo, en voz de su Director Edwin Alavia Ticona, quien adem\u00e1s de destacar que \u201choy vivimos una ceremonia muy emocionante porque ser reconoce a locales e instituciones que han entregado por muchos a\u00f1os su trabajo a esta comuna\u201d, agreg\u00f3 que el programa del Mes del Patrimonio tendr\u00e1 \u201cteatro, m\u00fasica, en el Parque el Loa se generar\u00e1 una actividad muy grande, homenaje a Tom\u00e1s Paniri, etc, as\u00ed que esperamos que todos se hagan parte\u201d.&nbsp;<\/p>\n\n\n\n<p>En tanto, los homenajeados, tambi\u00e9n quisieron destacar la jornada, entre ellos, Carlos Yueng, quien es due\u00f1o del Hotel Luxor, y creci\u00f3 en mismo espacio cuando su madre lo inaugur\u00f3 en 1962. \u201cElla lo inici\u00f3 (\u2026) y sigue funcionando. El recibir este reconocimiento es una emoci\u00f3n tremenda. Yo no pensaba esto, pero se dio, y en este sentido, bonito, y quiero agradecer a la Corporaci\u00f3n de Cultura y Turismo\u201d.&nbsp;<\/p>\n\n\n\n<p>Por su parte Juan Zebra, en representaci\u00f3n de Radio Calama, la ultima se\u00f1al AM en funcionar en la ciudad, asegur\u00f3 que recibir este sello de Patrimonio Calame\u00f1o es emocionante, \u201cporque fue un desaf\u00edo para nosotros hacer radio. Trabajamos a\u00f1os y a\u00f1os sin sueldo, sin nada, porque nos gustaba la radio y quer\u00edamos mantenerla (\u2026) por eso, este es un homenaje a todos los que trabajaron en la radio en sus a\u00f1os de historia\u201d.&nbsp;<\/p>\n\n\n\n<p><strong>Programaci\u00f3n<\/strong><\/p>\n\n\n\n<p>La historia de estos y otros espacios patrimoniales de Calama ya comenzaron a difundirse por las principales redes sociales de Municipio y Corporaci\u00f3n, a fin de promover y traspasar este mensaje a la comunidad en todas sus edades, pero a ello, se suma otras instancias de participaci\u00f3n ciudadana, como los Homenajes a Tom\u00e1s Paniri \u2013 l\u00edder atacame\u00f1o que se rebel\u00f3 ante el arribo de los espa\u00f1oles &#8211; a desarrollarse este s\u00e1bado 13 y domingo 14 en Ayquina y el Parque El Loa, respectivamente.&nbsp;<\/p>\n\n\n\n<p>A esto, se suma exposiciones de Chuquicamata en su 108 aniversario, a desarrollarse entre el 17 y 21 de mayo, una en el mismo campamento, y otra en el Sal\u00f3n Cultural del Parque El Loa.&nbsp;<\/p>\n\n\n\n<p>El programa considera tambi\u00e9n el lanzamiento del libro \u201cLa Ruta de Ensue\u00f1os\u201d, material del fallecido periodista y escritor H\u00e9ctor Pumarino Soto, quien en vida entreg\u00f3 este material al Museo de Historia Natural y Cultural del Desierto de Atacama y que hoy ve la luz gracias al trabajo del Director de Museos, Osvaldo Rojas Mondaca, Codelco y la Corporaci\u00f3n Cultural.&nbsp;<\/p>\n\n\n\n<p>Se considera tambi\u00e9n en las jornadas de convocatorias masivas, el Segundo Encuentro de M\u00fasica Latinoamericana Infanto Juvenil de la Provincia El Loa, el pr\u00f3ximo 27 de mayo a las 17:30 horas en el Teatro Municipal, mientras que el domingo 28 de 10:00 a 18:30 horas, ser\u00e1 el principal espacio de recreaci\u00f3n, el Parque El Loa, el que albergar\u00e1 un nutrido programa donde la m\u00fasica, ferias, exposiciones, intervenciones, danzas, muestras culturales, incluso hasta una cineteca se har\u00e1n presentes para conmemorar el d\u00eda oficial del Patrimonio Cultural en Chile.&nbsp;<\/p>\n","protected":false},"excerpt":{"rendered":"<p>Distintas iniciativas se desarrollar\u00e1n hasta el pr\u00f3ximo 28 de mayo en distintos puntos de la ciudad, todas de car\u00e1cter gratuito para la comunidad.&nbsp; Este viernes, y en una actividad al&hellip;<\/p>\n","protected":false},"author":1,"featured_media":12189,"comment_status":"closed","ping_status":"closed","sticky":false,"template":"","format":"standard","meta":{"_monsterinsights_skip_tracking":false,"_monsterinsights_sitenote_active":false,"_monsterinsights_sitenote_note":"","_monsterinsights_sitenote_category":0,"footnotes":""},"categories":[2221,188],"tags":[2222,7713,146,1073,5511,1108,6496],"class_list":["post-12188","post","type-post","status-publish","format-standard","has-post-thumbnail","hentry","category-calama","category-patrimonio","tag-calama","tag-emblematicos","tag-locales","tag-mes","tag-patrimonios","tag-programa","tag-reconocimiento"],"_links":{"self":[{"href":"https:\/\/antofapop.cl\/index.php\/wp-json\/wp\/v2\/posts\/12188"}],"collection":[{"href":"https:\/\/antofapop.cl\/index.php\/wp-json\/wp\/v2\/posts"}],"about":[{"href":"https:\/\/antofapop.cl\/index.php\/wp-json\/wp\/v2\/types\/post"}],"author":[{"embeddable":true,"href":"https:\/\/antofapop.cl\/index.php\/wp-json\/wp\/v2\/users\/1"}],"replies":[{"embeddable":true,"href":"https:\/\/antofapop.cl\/index.php\/wp-json\/wp\/v2\/comments?post=12188"}],"version-history":[{"count":1,"href":"https:\/\/antofapop.cl\/index.php\/wp-json\/wp\/v2\/posts\/12188\/revisions"}],"predecessor-version":[{"id":12190,"href":"https:\/\/antofapop.cl\/index.php\/wp-json\/wp\/v2\/posts\/12188\/revisions\/12190"}],"wp:featuredmedia":[{"embeddable":true,"href":"https:\/\/antofapop.cl\/index.php\/wp-json\/wp\/v2\/media\/12189"}],"wp:attachment":[{"href":"https:\/\/antofapop.cl\/index.php\/wp-json\/wp\/v2\/media?parent=12188"}],"wp:term":[{"taxonomy":"category","embeddable":true,"href":"https:\/\/antofapop.cl\/index.php\/wp-json\/wp\/v2\/categories?post=12188"},{"taxonomy":"post_tag","embeddable":true,"href":"https:\/\/antofapop.cl\/index.php\/wp-json\/wp\/v2\/tags?post=12188"}],"curies":[{"name":"wp","href":"https:\/\/api.w.org\/{rel}","templated":true}]}}