{"id":12284,"date":"2023-05-22T06:03:20","date_gmt":"2023-05-22T03:03:20","guid":{"rendered":"https:\/\/antofapop.cl\/?p=12284"},"modified":"2023-05-22T06:05:45","modified_gmt":"2023-05-22T03:05:45","slug":"ninos-de-teleton-disfrutan-recorrido-en-el-tren-minero-durante-aniversario-108-de-chuquicamata","status":"publish","type":"post","link":"https:\/\/antofapop.cl\/index.php\/2023\/05\/22\/ninos-de-teleton-disfrutan-recorrido-en-el-tren-minero-durante-aniversario-108-de-chuquicamata\/","title":{"rendered":"Ni\u00f1os de Telet\u00f3n disfrutan recorrido en el Tren Minero durante aniversario 108 de Chuquicamata"},"content":{"rendered":"<div class='booster-block booster-read-block'>\n                <div class=\"twp-read-time\">\n                \t<i class=\"booster-icon twp-clock\"><\/i> <span>Tiempo de Lectura:<\/span>1 Minutos, 54 Segundos                <\/div>\n\n            <\/div>\n<p><strong><em>La visita al campamento se dio en el marco del programa \u2018Ocio y Tiempo Libre\u2019 del instituto, que busca que las y los ni\u00f1os y j\u00f3venes, adem\u00e1s de sociabilizar, puedan conocer distintos espacios p\u00fablicos y privados de Calama.<\/em><\/strong><\/p>\n\n\n\n<p>Uno de los panoramas imperdibles para las y los ni\u00f1os -y los no tan ni\u00f1os- que visitan Chuquicamata durante su aniversario, es el paseo por el casco patrimonial del campamento en el ya m\u00edtico Tren Minero, una experiencia que a todos quienes la han vivido les resulta m\u00e1gica y fascinante.<\/p>\n\n\n\n<p>As\u00ed lo pudo comprobar un grupo compuesto por 16 ni\u00f1as y ni\u00f1os del Instituto Telet\u00f3n de Calama, quienes, en compa\u00f1\u00eda de 10 voluntarios(as) de la instituci\u00f3n, y por invitaci\u00f3n de Codelco Distrito Norte, realizaron el tradicional recorrido por el entorno de la plaza Los H\u00e9roes y los edificios m\u00e1s emblem\u00e1ticos que se encuentran en el circuito, como el Teatro Auditorio Sindical, la iglesia y parroquia El Salvador, El Club Chuquicamata, entre otros.<\/p>\n\n\n\n<p>\u201cMe pareci\u00f3 divertido, me gust\u00f3 mucho el dise\u00f1o del tren, muy colorido y muy llamativo. Es mi primera vez aqu\u00ed y lo disfrut\u00e9 junto a mis compa\u00f1eros(as)\u201d, expres\u00f3 la usuaria de Telet\u00f3n, Tabita Vergara. En tanto, Crist\u00f3bal G\u00f3mez, otro de los usuarios, tambi\u00e9n se sum\u00f3 a los buenos comentarios acerca de la experiencia: \u201cMe pareci\u00f3 bien el recorrido en tren, porque pudimos conocer la historia de<em> Chuqui<\/em> y a la vez divertirnos\u201d.<\/p>\n\n\n\n<p>Karen Castro, terapeuta ocupacional del instituto, explica que \u201cuno de los programas de Telet\u00f3n denominado \u2018Ocio y Tiempo Libre\u2019, busca que las y los ni\u00f1os y j\u00f3venes, adem\u00e1s de sociabilizar, puedan conocer distintos espacios p\u00fablicos y privados de nuestra comuna\u201d. Precisamente fue en el marco de esta instancia que la delegaci\u00f3n visit\u00f3 el centenario campamento durante la ma\u00f1ana de este s\u00e1bado 20 de mayo, donde adem\u00e1s conocieron de su historia a trav\u00e9s de un recorrido por el museo y otras exposiciones con motivo del 108 aniversario.&nbsp;<\/p>\n\n\n\n<p>Jorge Henr\u00edquez, voluntario de la instituci\u00f3n desde hace seis a\u00f1os, valor\u00f3 la actividad ya que, seg\u00fan cont\u00f3, proviene de Valdivia y es la primera vez que visita Chuquicamata. \u201cBastante bonito y colorido, nos vamos agradecidos por la invitaci\u00f3n, la experiencia para las y los ni\u00f1os fue fant\u00e1stica y va a quedar en la memoria de ellos para siempre\u201d.<\/p>\n\n\n\n<p><\/p>\n","protected":false},"excerpt":{"rendered":"<p>La visita al campamento se dio en el marco del programa \u2018Ocio y Tiempo Libre\u2019 del instituto, que busca que las y los ni\u00f1os y j\u00f3venes, adem\u00e1s de sociabilizar, puedan&hellip;<\/p>\n","protected":false},"author":1,"featured_media":12286,"comment_status":"closed","ping_status":"closed","sticky":false,"template":"","format":"standard","meta":{"_monsterinsights_skip_tracking":false,"_monsterinsights_sitenote_active":false,"_monsterinsights_sitenote_note":"","_monsterinsights_sitenote_category":0,"footnotes":""},"categories":[2221,188],"tags":[209,4179,5125,706,2207,3460,5119],"class_list":["post-12284","post","type-post","status-publish","format-standard","has-post-thumbnail","hentry","category-calama","category-patrimonio","tag-aniversario","tag-chuquicamata","tag-minero","tag-ninos","tag-recorrido","tag-teleton","tag-tren"],"_links":{"self":[{"href":"https:\/\/antofapop.cl\/index.php\/wp-json\/wp\/v2\/posts\/12284"}],"collection":[{"href":"https:\/\/antofapop.cl\/index.php\/wp-json\/wp\/v2\/posts"}],"about":[{"href":"https:\/\/antofapop.cl\/index.php\/wp-json\/wp\/v2\/types\/post"}],"author":[{"embeddable":true,"href":"https:\/\/antofapop.cl\/index.php\/wp-json\/wp\/v2\/users\/1"}],"replies":[{"embeddable":true,"href":"https:\/\/antofapop.cl\/index.php\/wp-json\/wp\/v2\/comments?post=12284"}],"version-history":[{"count":1,"href":"https:\/\/antofapop.cl\/index.php\/wp-json\/wp\/v2\/posts\/12284\/revisions"}],"predecessor-version":[{"id":12285,"href":"https:\/\/antofapop.cl\/index.php\/wp-json\/wp\/v2\/posts\/12284\/revisions\/12285"}],"wp:featuredmedia":[{"embeddable":true,"href":"https:\/\/antofapop.cl\/index.php\/wp-json\/wp\/v2\/media\/12286"}],"wp:attachment":[{"href":"https:\/\/antofapop.cl\/index.php\/wp-json\/wp\/v2\/media?parent=12284"}],"wp:term":[{"taxonomy":"category","embeddable":true,"href":"https:\/\/antofapop.cl\/index.php\/wp-json\/wp\/v2\/categories?post=12284"},{"taxonomy":"post_tag","embeddable":true,"href":"https:\/\/antofapop.cl\/index.php\/wp-json\/wp\/v2\/tags?post=12284"}],"curies":[{"name":"wp","href":"https:\/\/api.w.org\/{rel}","templated":true}]}}