{"id":12305,"date":"2023-05-24T16:23:36","date_gmt":"2023-05-24T13:23:36","guid":{"rendered":"https:\/\/antofapop.cl\/?p=12305"},"modified":"2023-05-24T16:23:37","modified_gmt":"2023-05-24T13:23:37","slug":"con-la-participacion-de-escritores-nacionales-y-extranjeros-filzic-2023-abre-sus-puertas","status":"publish","type":"post","link":"https:\/\/antofapop.cl\/index.php\/2023\/05\/24\/con-la-participacion-de-escritores-nacionales-y-extranjeros-filzic-2023-abre-sus-puertas\/","title":{"rendered":"Con la participaci\u00f3n de escritores nacionales y extranjeros Filzic 2023 abre sus puertas"},"content":{"rendered":"<div class='booster-block booster-read-block'>\n                <div class=\"twp-read-time\">\n                \t<i class=\"booster-icon twp-clock\"><\/i> <span>Tiempo de Lectura:<\/span>4 Minutos, 12 Segundos                <\/div>\n\n            <\/div>\n<p><em><strong>Durante 11 d\u00edas Antofagasta reunir\u00e1 a los m\u00e1ximos exponentes nacionales de la literatura quienes sostendr\u00e1n conversatorios y presentaciones de libros en los tres escenarios dispuestos por la organizaci\u00f3n en el recinto ferial.<\/strong><\/em><\/p>\n\n\n\n<p><strong><em>La XII Feria Internacional del Libro Zicosur de Antofagasta Filzic 2023 es presentado por el Gobierno Regional, el Ministerio de las Culturas, las Artes y el Patrimonio, Puerto Antofagasta, y la empresa Albemarle.<\/em><\/strong><\/p>\n\n\n\n<p>Se acabo la espera. Este mi\u00e9rcoles 24 de mayo a las 10:00 de la ma\u00f1ana comienza uno de los eventos multiculturales m\u00e1s importantes y masivos del pa\u00eds, hablamos de la Feria Internacional del Libro Zicosur, el cual desde el 2011 transforma a Antofagasta en epicentro de la literatura nacional, congregando adem\u00e1s a Premios Nacionales y escritores -este a\u00f1o- provenientes de Argentina, Per\u00fa y Cuba.&nbsp;<\/p>\n\n\n\n<p>Nueva versi\u00f3n de Filzic que se extender\u00e1 hasta el domingo 4 de junio en el sitio cero de Puerto Antofagasta, lugar hasta donde arribar\u00e1n autores como&nbsp;Carla Guelfenbein, Francisca del Solar, Guillermo Parvex, Eric Goles, la periodista M\u00f3nica Gonz\u00e1lez y el Premio Nacional de Literatura, Hern\u00e1n Rivera Letelier, entre otros.&nbsp;&nbsp;<\/p>\n\n\n\n<p>Actividades que tendr\u00e1 lugar en un recinto ferial de m\u00e1s 6 mil 700 metros cuadrados, que contempla tres escenarios y cerca de 200 expositores, adem\u00e1s de un stand medioambiental que este a\u00f1o fue rebautizado como \u201cGalp\u00f3n verde\u201d. La informaci\u00f3n detallada de actividades, fechas y horarios se encuentran disponibles en&nbsp;<a href=\"http:\/\/www.filzic.cl\/\" target=\"_blank\" rel=\"noreferrer noopener\">www.filzic.cl<\/a>&nbsp;y en las redes sociales de la feria.&nbsp;<\/p>\n\n\n\n<p>Para Patricio Rojas, director ejecutivo de Filzic, la invitaci\u00f3n es a toda la comunidad para que disfrute de estos esperados 11 d\u00edas de feria \u201c<em>Tenemos que muchas expectativas, y sabemos que la ciudadan\u00eda a\u00f1o a a\u00f1o espera la feria. Hemos trabajado todo el equipo para estar a la altura del desaf\u00edo con una oferta literaria y art\u00edstica de primer nivel, y tambi\u00e9n con el arribo de delegaciones de escritores provenientes de Argentina, Per\u00fa y Cuba. Queremos que la familia recorra y disfrute de un evento hemos construido entre todos<\/em>\u201d.&nbsp;&nbsp;<\/p>\n\n\n\n<p>La XII Feria Internacional del Libro Zicosur de Antofagasta Filzic 2023 es presentado por el Gobierno Regional, el Ministerio de las Culturas, las Artes y el Patrimonio, Puerto Antofagasta, y la empresa Albemarle.&nbsp;<\/p>\n\n\n\n<p><strong>Invitados nacionales<\/strong>&nbsp;<\/p>\n\n\n\n<p>En el caso de la Premio Nacional de Periodismo 2019 y ex directora de CIPER, M\u00f3nica Gonz\u00e1lez, llega a Filzic en el marco de la conmemoraci\u00f3n de los 50 a\u00f1os del Golpe de Estado, al igual que el ex exministro de Relaciones Exteriores y acad\u00e9mico&nbsp;Heraldo Mu\u00f1oz, quien presentar\u00e1 su libro \u201c<em>La sombra del dictador<\/em>\u201d. La publicaci\u00f3n, originalmente editada en ingl\u00e9s, propone un acercamiento a la vida pol\u00edtica y social en nuestro pa\u00eds a partir de 1973.&nbsp;<\/p>\n\n\n\n<p>En el caso de Carla Guelfenbein, ganadora del XVIII Premio Alfaguara, aterriza en la feria del libro para presentar su \u00faltima novela \u201c<em>Naturaleza del Deseo<\/em>\u201d. La escritora destaca por una obra literaria la cual ha sido traducida a m\u00e1s de 14 idiomas.&nbsp;<\/p>\n\n\n\n<p>Otro de los invitados, y que a comienzos de a\u00f1o estuvo en Filzic San Pedro de Atacama, es el autor\u00a0del best seller \u201c<em>Veterano de tres Guerras<\/em>\u201d. Guillermo Parvex arriba hasta el sitio cero para participar en dos actividades; la presentaci\u00f3n de su libro \u201c<em>Frontera Sur<\/em>\u201d y en el conversatorio\u00a0<em>\u201c\u00bfLa verdadera causa de la Guerra del Pacifico?<\/em>\u201d, instancia donde compartir\u00e1 escenario junto a los escritores Waldo Parra y Crist\u00f3bal Garc\u00eda-Huidobro.\u00a0<\/p>\n\n\n\n<p><strong>Premio Nacional de Literatura&nbsp;<\/strong><\/p>\n\n\n\n<p>Con 30 a\u00f1os de trayectoria y una obra literaria traducida a m\u00e1s de 21 idiomas, Hern\u00e1n Rivera Letelier ser\u00e1 sin duda el gran homenajeado en esta XII versi\u00f3n de la feria, quien participar\u00e1 por primera vez como Premio Nacional de Literatura. Reencuentro con el p\u00fablico antofagastino en donde desarrollar\u00e1 una revisi\u00f3n de sus relatos que dan testimonio de la vida y cultura pampina.\u00a0<\/p>\n\n\n\n<p>Pero si hablamos de Premios Nacionales no podemos dejar de mencionar al matem\u00e1tico Eric Goles, el antofagastino y Premio Nacional de Ciencias Exactas protagonizar\u00e1 un conversatorio sobre Ciencia y Ficci\u00f3n, oportunidad en donde invita a la comunidad a participar y conocer sus \u00faltimas publicaciones.&nbsp;<\/p>\n\n\n\n<p><strong>Carnaval de los colores&nbsp;<\/strong><\/p>\n\n\n\n<p>Pero uno de los hitos m\u00e1s esperados de Filzic, al menos en su primera semana, es el denominado Carnaval de los Colores, que este a\u00f1o reunir\u00e1 a 25 agrupaciones provenientes de todo el norte de Chile. Cabe se\u00f1alar que el sorteo que determinar\u00e1 el orden de salida de las agrupaciones tendr\u00e1 lugar este mi\u00e9rcoles 24 de mayo a las 11:00 horas en el recinto ferial.&nbsp;<\/p>\n\n\n\n<p>En tanto el Carnaval, est\u00e1 programado para el domingo 28 de mayo a partir de las 12:00 horas, y que comenzar\u00e1 en el sector del balneario municipal para concluir en el recinto ferial, instancia donde se conocer\u00e1 al ganador de la jornada.&nbsp;<\/p>\n\n\n\n<p>Para conocer las fechas con los horarios de las actividades, debes ingresar a&nbsp;<a href=\"http:\/\/www.filzic.cl\/\" target=\"_blank\" rel=\"noreferrer noopener\">www.filzic.cl<\/a>. La invitaci\u00f3n est\u00e1 abierta a estar atentos a estas y otras actividades paralelas como talleres literarios, m\u00fasicos en vivo y mucho m\u00e1s.&nbsp;&nbsp;<\/p>\n","protected":false},"excerpt":{"rendered":"<p>Durante 11 d\u00edas Antofagasta reunir\u00e1 a los m\u00e1ximos exponentes nacionales de la literatura quienes sostendr\u00e1n conversatorios y presentaciones de libros en los tres escenarios dispuestos por la organizaci\u00f3n en el&hellip;<\/p>\n","protected":false},"author":1,"featured_media":12306,"comment_status":"closed","ping_status":"closed","sticky":false,"template":"","format":"standard","meta":{"_monsterinsights_skip_tracking":false,"_monsterinsights_sitenote_active":false,"_monsterinsights_sitenote_note":"","_monsterinsights_sitenote_category":0,"footnotes":""},"categories":[2,219],"tags":[3152,3062,2377,1904,927,1688],"class_list":["post-12305","post","type-post","status-publish","format-standard","has-post-thumbnail","hentry","category-antofagasta","category-cartelera","tag-escritores","tag-extranjeros","tag-filzic","tag-nacionales","tag-participacion","tag-puertas"],"_links":{"self":[{"href":"https:\/\/antofapop.cl\/index.php\/wp-json\/wp\/v2\/posts\/12305"}],"collection":[{"href":"https:\/\/antofapop.cl\/index.php\/wp-json\/wp\/v2\/posts"}],"about":[{"href":"https:\/\/antofapop.cl\/index.php\/wp-json\/wp\/v2\/types\/post"}],"author":[{"embeddable":true,"href":"https:\/\/antofapop.cl\/index.php\/wp-json\/wp\/v2\/users\/1"}],"replies":[{"embeddable":true,"href":"https:\/\/antofapop.cl\/index.php\/wp-json\/wp\/v2\/comments?post=12305"}],"version-history":[{"count":1,"href":"https:\/\/antofapop.cl\/index.php\/wp-json\/wp\/v2\/posts\/12305\/revisions"}],"predecessor-version":[{"id":12307,"href":"https:\/\/antofapop.cl\/index.php\/wp-json\/wp\/v2\/posts\/12305\/revisions\/12307"}],"wp:featuredmedia":[{"embeddable":true,"href":"https:\/\/antofapop.cl\/index.php\/wp-json\/wp\/v2\/media\/12306"}],"wp:attachment":[{"href":"https:\/\/antofapop.cl\/index.php\/wp-json\/wp\/v2\/media?parent=12305"}],"wp:term":[{"taxonomy":"category","embeddable":true,"href":"https:\/\/antofapop.cl\/index.php\/wp-json\/wp\/v2\/categories?post=12305"},{"taxonomy":"post_tag","embeddable":true,"href":"https:\/\/antofapop.cl\/index.php\/wp-json\/wp\/v2\/tags?post=12305"}],"curies":[{"name":"wp","href":"https:\/\/api.w.org\/{rel}","templated":true}]}}