{"id":12458,"date":"2023-06-02T22:53:22","date_gmt":"2023-06-02T19:53:22","guid":{"rendered":"https:\/\/antofapop.cl\/?p=12458"},"modified":"2023-06-02T22:53:22","modified_gmt":"2023-06-02T19:53:22","slug":"800-vecinos-de-baquedano-y-sierra-gorda-participaron-en-jornadas-de-rescate-patrimonial","status":"publish","type":"post","link":"https:\/\/antofapop.cl\/index.php\/2023\/06\/02\/800-vecinos-de-baquedano-y-sierra-gorda-participaron-en-jornadas-de-rescate-patrimonial\/","title":{"rendered":"<strong>800 vecinos de Baquedano y Sierra Gorda participaron en&nbsp; jornadas de rescate patrimonial&nbsp;<\/strong>"},"content":{"rendered":"<div class='booster-block booster-read-block'>\n                <div class=\"twp-read-time\">\n                \t<i class=\"booster-icon twp-clock\"><\/i> <span>Tiempo de Lectura:<\/span>2 Minutos, 19 Segundos                <\/div>\n\n            <\/div>\n<p><strong><em>La comuna celebr\u00f3 el D\u00eda de los Patrimonios con actividades culturales,&nbsp; gastron\u00f3micas y art\u00edsticas, y cont\u00f3 con la participaci\u00f3n de autoridades, la&nbsp; comunidad y el conocido chef Yann Yvin.&nbsp;<\/em><\/strong><\/p>\n\n\n\n<p>Con el objetivo de celebrar el D\u00eda de los Patrimonios, 800 vecinos y vecinas de Sierra Gorda&nbsp; se sumaron a una jornada de actividades culturales para compartir y celebrar la identidad&nbsp; de la pampa y sus personas.&nbsp;&nbsp;<\/p>\n\n\n\n<p>Durante la jornada se desarroll\u00f3 un concurso de gastronom\u00eda t\u00edpica para rescatar los&nbsp; sabores locales, con el reconocido chef Yann Yvin como jurado. M\u00f3nica Prieto, vecina de&nbsp; Baquedano, se llev\u00f3 el primer lugar con la Calapurca, sopa tradicional de carne de vacuno,&nbsp; llamo y pollo. \u201cEstoy feliz de haber participado. Fue primera vez que preparaba este plato, &nbsp;as\u00ed que me sorprendi\u00f3 obtener el primer lugar, voy a pensar seriamente en poner una &nbsp;cociner\u00eda\u201d, expres\u00f3. &nbsp;<\/p>\n\n\n\n<p>El chef Yann Yvin<em>, <\/em>explic\u00f3 que \u201ces muy bonito escuchar a los cocineros hablar de ese legado&nbsp; gastron\u00f3mico que les ense\u00f1aron de sus abuelas y sus madres, para entregar lo mejor de&nbsp; la cocina tradicional. Fue una muy linda iniciativa\u201d.&nbsp;<\/p>\n\n\n\n<p>Por su parte, en Sierra Gorda se inaugur\u00f3 el mural patrimonial \u201cVoluntad y Sacrificio\u201d, realizado en el frontis de la Primera Compa\u00f1\u00eda de Bomberos por el artista local Luis N\u00fa\u00f1ez,&nbsp; lo que fue acompa\u00f1ado por un conversatorio para definir acciones que permitan potenciar el patrimonio cultural del territorio.&nbsp;<\/p>\n\n\n\n<p>La alcaldesa de la comuna de Sierra Gorda, Deborah Paredes, se\u00f1al\u00f3 que \u201cSpence | BHP&nbsp; siempre ha estado presente, sobre todo con la Compa\u00f1\u00eda de Bomberos desde los inicios,&nbsp; ya sea aportando con equipamientos, herramientas y hoy plasmando la historia que tambi\u00e9n&nbsp; es un plus para nuestra localidad\u201d, agreg\u00f3.&nbsp;<\/p>\n\n\n\n<p>Adem\u00e1s, en la comuna de Baquedano destac\u00f3 el paseo en tren que visit\u00f3 los alrededores&nbsp; de la localidad y que cont\u00f3 con la participaci\u00f3n de m\u00e1s de 500 vecinos.&nbsp;&nbsp;<\/p>\n\n\n\n<p>Sandra Fuentes, especialista de Asuntos Corporativos Spence | BHP, dijo que \u201cestamos muy orgullosos de ser parte de esta fiesta cultural que celebr\u00f3 el D\u00eda de los Patrimonios en &nbsp;la comuna. Para nuestra compa\u00f1\u00eda vincularnos con las comunidades donde tenemos&nbsp; presencia es un valor fundamental y creemos que preservar el patrimonio cultural y&nbsp; hacernos parte de sus tradiciones genera un v\u00ednculo potente con el territorio y sus&nbsp; personas\u201d.&nbsp;<\/p>\n\n\n\n<p>Michael D\u00edaz Brito, secretario ejecutivo de la Fundaci\u00f3n Cultural de Sierra Gorda, se\u00f1al\u00f3 que \u201caprovecho de dar las gracias por creer en este proyecto y sumarse a esta iniciativa,&nbsp; que lo \u00fanico que busca es poner en valor el patrimonio y la cultura local. Tuvimos&nbsp; actividades de diversa \u00edndole con expresiones art\u00edsticas y muestras gastron\u00f3micas de&nbsp; nuestros vecinos\u201d.<\/p>\n","protected":false},"excerpt":{"rendered":"<p>La comuna celebr\u00f3 el D\u00eda de los Patrimonios con actividades culturales,&nbsp; gastron\u00f3micas y art\u00edsticas, y cont\u00f3 con la participaci\u00f3n de autoridades, la&nbsp; comunidad y el conocido chef Yann Yvin.&nbsp; Con&hellip;<\/p>\n","protected":false},"author":1,"featured_media":12459,"comment_status":"closed","ping_status":"closed","sticky":false,"template":"","format":"standard","meta":{"_monsterinsights_skip_tracking":false,"_monsterinsights_sitenote_active":false,"_monsterinsights_sitenote_note":"","_monsterinsights_sitenote_category":0,"footnotes":""},"categories":[7591,188,4115],"tags":[5754,715,1066,1068,4116,66],"class_list":["post-12458","post","type-post","status-publish","format-standard","has-post-thumbnail","hentry","category-baquedano","category-patrimonio","category-sierra-gorda","tag-baquedano","tag-jornadas","tag-patrimonial","tag-rescate","tag-sierra-gorda","tag-vecinos"],"_links":{"self":[{"href":"https:\/\/antofapop.cl\/index.php\/wp-json\/wp\/v2\/posts\/12458"}],"collection":[{"href":"https:\/\/antofapop.cl\/index.php\/wp-json\/wp\/v2\/posts"}],"about":[{"href":"https:\/\/antofapop.cl\/index.php\/wp-json\/wp\/v2\/types\/post"}],"author":[{"embeddable":true,"href":"https:\/\/antofapop.cl\/index.php\/wp-json\/wp\/v2\/users\/1"}],"replies":[{"embeddable":true,"href":"https:\/\/antofapop.cl\/index.php\/wp-json\/wp\/v2\/comments?post=12458"}],"version-history":[{"count":1,"href":"https:\/\/antofapop.cl\/index.php\/wp-json\/wp\/v2\/posts\/12458\/revisions"}],"predecessor-version":[{"id":12460,"href":"https:\/\/antofapop.cl\/index.php\/wp-json\/wp\/v2\/posts\/12458\/revisions\/12460"}],"wp:featuredmedia":[{"embeddable":true,"href":"https:\/\/antofapop.cl\/index.php\/wp-json\/wp\/v2\/media\/12459"}],"wp:attachment":[{"href":"https:\/\/antofapop.cl\/index.php\/wp-json\/wp\/v2\/media?parent=12458"}],"wp:term":[{"taxonomy":"category","embeddable":true,"href":"https:\/\/antofapop.cl\/index.php\/wp-json\/wp\/v2\/categories?post=12458"},{"taxonomy":"post_tag","embeddable":true,"href":"https:\/\/antofapop.cl\/index.php\/wp-json\/wp\/v2\/tags?post=12458"}],"curies":[{"name":"wp","href":"https:\/\/api.w.org\/{rel}","templated":true}]}}