{"id":12526,"date":"2023-06-13T18:22:38","date_gmt":"2023-06-13T15:22:38","guid":{"rendered":"https:\/\/antofapop.cl\/?p=12526"},"modified":"2023-06-13T18:26:28","modified_gmt":"2023-06-13T15:26:28","slug":"con-cicletada-familiar-conmemoraron-el-dia-mundial-de-la-bicicleta-en-el-borde-costero","status":"publish","type":"post","link":"https:\/\/antofapop.cl\/index.php\/2023\/06\/13\/con-cicletada-familiar-conmemoraron-el-dia-mundial-de-la-bicicleta-en-el-borde-costero\/","title":{"rendered":"Con cicletada familiar conmemoraron el D\u00eda Mundial de la Bicicleta en el borde costero"},"content":{"rendered":"<div class='booster-block booster-read-block'>\n                <div class=\"twp-read-time\">\n                \t<i class=\"booster-icon twp-clock\"><\/i> <span>Tiempo de Lectura:<\/span>1 Minutos, 52 Segundos                <\/div>\n\n            <\/div>\n<p>La fiesta deportiva se realiz\u00f3 este domingo 11 de junio en el sector de playa El Trocadero y congreg\u00f3 a cientos de personas que pudieron disfrutar de las actividades recreativas junto a las bondades de nuestra costa.<\/p>\n\n\n\n<p>El hito tuvo lugar en el espacio del programa \u201cVive tu Borde Costero \u2013 Calles Abiertas para Antofagasta\u201d, iniciativa presentada por Escondida | BHP y organizada por CREO Antofagasta, Gobierno Regional, la Ilustre Municipalidad y Delegaci\u00f3n Presidencial y ten\u00eda como objetivo conmemorar el D\u00eda Mundial de la Bicicleta y la Semana de la Seguridad Vial.<\/p>\n\n\n\n<p>Francisco Cooper, arquitecto y jefe de proyecto de CREO Antofagasta valor\u00f3 la instancia que permiti\u00f3 difundir y sensibilizar a la ciudadan\u00eda sobre los alcances de la nueva ley de convivencia vial y promover la seguridad entre los usuarios de la bicicleta. \u201cLa seguridad vial es un tema muy relevante en nuestra ciudad, ya que han ocurrido varios siniestros viales y por lo tanto es importante reforzar cu\u00e1les son las responsabilidades de los ciclistas, de los automovilistas y de todos los usuarios de los distintos modos de transporte. En ese sentido este espacio que se abre todos los domingos y que dispone de 4,5 kms libre de veh\u00edculos nos permite exponer sobre estos temas y adem\u00e1s habilitar un lugar seguro para que las personas puedan disfrutarlo y recrearse y hacer deporte de manera tranquila\u201d.<\/p>\n\n\n\n<p>La cicletada fue organizada en conjunto al Consulado de Colombia en Antofagasta y con el apoyo del IND. En ese sentido, Santiago Montoya, c\u00f3nsul de Colombia, destac\u00f3 que \u201cha sido una actividad muy exitosa que permiti\u00f3 que la gente pudiera salir el domingo a hacer deporte en familia y de esta manera incentivamos la vida sana que es lo m\u00e1s importante. El trabajo que hemos realizado en conjunto con el CREO Antofagasta cont\u00f3 con todo lo necesario para que las personas pudieran disfrutar de una linda jornada de integraci\u00f3n y uni\u00f3n entre colombianos y chilenos\u201d.<\/p>\n\n\n\n<p>Las actividades contemplaron clases de fitfolk, baile entretenido y zumba, y se sortearon dos kits de seguridad con casco, chaleco reflectante y luces delanteras y traseras para bicicleta. Tambi\u00e9n se regalaron 80 kits del programa \u201cVive tu Borde Costero \u2013 Calles Abiertas para Antofagasta\u201d con un gorro, una botella de agua reutilizable y un morral.<\/p>\n","protected":false},"excerpt":{"rendered":"<p>La fiesta deportiva se realiz\u00f3 este domingo 11 de junio en el sector de playa El Trocadero y congreg\u00f3 a cientos de personas que pudieron disfrutar de las actividades recreativas&hellip;<\/p>\n","protected":false},"author":1,"featured_media":12529,"comment_status":"closed","ping_status":"closed","sticky":false,"template":"","format":"standard","meta":{"_monsterinsights_skip_tracking":false,"_monsterinsights_sitenote_active":false,"_monsterinsights_sitenote_note":"","_monsterinsights_sitenote_category":0,"footnotes":""},"categories":[2,278],"tags":[36,428,2388,5794,2389,469,489,5103,464],"class_list":["post-12526","post","type-post","status-publish","format-standard","has-post-thumbnail","hentry","category-antofagasta","category-deporte-y-recreacion","tag-antofagasta","tag-bicicleta","tag-borde","tag-cicletada","tag-costero","tag-creo","tag-dia","tag-familiar","tag-mundial"],"_links":{"self":[{"href":"https:\/\/antofapop.cl\/index.php\/wp-json\/wp\/v2\/posts\/12526"}],"collection":[{"href":"https:\/\/antofapop.cl\/index.php\/wp-json\/wp\/v2\/posts"}],"about":[{"href":"https:\/\/antofapop.cl\/index.php\/wp-json\/wp\/v2\/types\/post"}],"author":[{"embeddable":true,"href":"https:\/\/antofapop.cl\/index.php\/wp-json\/wp\/v2\/users\/1"}],"replies":[{"embeddable":true,"href":"https:\/\/antofapop.cl\/index.php\/wp-json\/wp\/v2\/comments?post=12526"}],"version-history":[{"count":1,"href":"https:\/\/antofapop.cl\/index.php\/wp-json\/wp\/v2\/posts\/12526\/revisions"}],"predecessor-version":[{"id":12527,"href":"https:\/\/antofapop.cl\/index.php\/wp-json\/wp\/v2\/posts\/12526\/revisions\/12527"}],"wp:featuredmedia":[{"embeddable":true,"href":"https:\/\/antofapop.cl\/index.php\/wp-json\/wp\/v2\/media\/12529"}],"wp:attachment":[{"href":"https:\/\/antofapop.cl\/index.php\/wp-json\/wp\/v2\/media?parent=12526"}],"wp:term":[{"taxonomy":"category","embeddable":true,"href":"https:\/\/antofapop.cl\/index.php\/wp-json\/wp\/v2\/categories?post=12526"},{"taxonomy":"post_tag","embeddable":true,"href":"https:\/\/antofapop.cl\/index.php\/wp-json\/wp\/v2\/tags?post=12526"}],"curies":[{"name":"wp","href":"https:\/\/api.w.org\/{rel}","templated":true}]}}