{"id":12751,"date":"2023-07-02T19:24:57","date_gmt":"2023-07-02T16:24:57","guid":{"rendered":"https:\/\/antofapop.cl\/?p=12751"},"modified":"2023-07-02T19:24:58","modified_gmt":"2023-07-02T16:24:58","slug":"calama-sera-sede-de-la-residencia-artistica-de-arte-contemporaneo-h-residency-e-invitan-a-artistas-de-la-region-a-participar","status":"publish","type":"post","link":"https:\/\/antofapop.cl\/index.php\/2023\/07\/02\/calama-sera-sede-de-la-residencia-artistica-de-arte-contemporaneo-h-residency-e-invitan-a-artistas-de-la-region-a-participar\/","title":{"rendered":"Calama ser\u00e1 sede de la residencia art\u00edstica de arte contempor\u00e1neo H Residency e invitan a artistas de la regi\u00f3n a participar"},"content":{"rendered":"<div class='booster-block booster-read-block'>\n                <div class=\"twp-read-time\">\n                \t<i class=\"booster-icon twp-clock\"><\/i> <span>Tiempo de Lectura:<\/span>4 Minutos, 18 Segundos                <\/div>\n\n            <\/div>\n<p><strong><em>H Residency Plataforma de Arte Contempor\u00e1neo abri\u00f3 la convocatoria 2023 \u201cResignificar\u201d hasta el 5 de julio e invita a artistas de la regi\u00f3n de Antofagasta a participar de su cuarta versi\u00f3n compuesta por un programa de Residencia Art\u00edstica en el Desierto de Atacama. La Iniciativa se desarrollar\u00e1 desde el lunes 31 de julio al s\u00e1bado 5 de agosto entre Calama y San Francisco de Chiu Chiu, siendo financiada por el Fondo Nacional de Desarrollo Cultural y las Artes, Fondart Regional 2023.<\/em><\/strong><\/p>\n\n\n\n<p>Residencia H es una instancia de encuentro, di\u00e1logo y experimentaci\u00f3n desde el arte contempor\u00e1neo, en donde artistas y curadores provenientes de diferentes latitudes son invitados a ser parte del programa de la cuarta versi\u00f3n de H Residency \u201cResignificar\u201d.&nbsp;<\/p>\n\n\n\n<p>Este a\u00f1o la invitaci\u00f3n es a participar y postular de una convocatoria de residencia art\u00edstica que estar\u00e1 compuesta por Laboratorios de Formaci\u00f3n, exposiciones, talleres y charlas art\u00edsticas, programa cultural que a\u00f1o a a\u00f1o se desarrolla desde&nbsp; Calama presentando a la ciudad como la sede principal del arte contempor\u00e1neo. La cuarta versi\u00f3n contar\u00e1 con la presencia de dos destacados artistas visuales con amplia trayectoria nacional e internacional; Marcela Moraga Mill\u00e1n (Chile\/Alemania) y Raimundo Edwards Alonso (Chile).<\/p>\n\n\n\n<p>La iniciativa cuenta con el apoyo y financiamiento del Fondo Nacional de Desarrollo Cultural y las Artes, Fondart Regional, convocatoria 2023, del Ministerio de las Culturas, las Artes y el Patrimonio.&nbsp; La primera etapa se impartir\u00e1 desde el lunes 31 de julio al s\u00e1bado 5 de agosto del 2023, entre Calama y San Francisco de Chiu Chiu, regi\u00f3n de Antofagasta. Asimismo se impartir\u00e1n charlas de artistas, talleres y actividades mediadas abiertas a todo p\u00fablico con foco en j\u00f3venes estudiantes de la ciudad.<\/p>\n\n\n\n<p>Anualmente, H Residency abre sus puertas e invita a artistas regionales a&nbsp; participar de la convocatoria de Residencia Art\u00edstica que se encuentra abierta, en esa l\u00ednea, Gonzalo Reyes Araos, artista nacional y fundador del programa, expres\u00f3 que \u201cuna de las grandes fortalezas es la residencia art\u00edstica de una semana completa donde invitamos a 24 artistas que van a estar en una forma de simbiosis muy potente, que nos permite un acompa\u00f1amiento importante de los procesos creativos, desde las primeras investigaciones hasta la presentaci\u00f3n de las actividades que favorecen el intercambio de conocimientos en conjunto, as\u00ed como las salidas a terreno o performance colectiva que van a concluir con un video registro de las acciones art\u00edsticas\u201d.<\/p>\n\n\n\n<p>En esa l\u00ednea, Cristina Olguin Acevedo, coordinadora de H Residency comenta que \u201cel programa de este a\u00f1o cuenta tambi\u00e9n con actividades de mediaci\u00f3n de audiencia, donde continuaremos acercando p\u00fablicos j\u00f3venes a los lenguajes del arte contempor\u00e1neo. Adem\u00e1s contempla un programa formativo que busca favorecer la participaci\u00f3n y la circulaci\u00f3n de los artistas y por sobre todo de los creadores locales. Asimismo, queremos abrir espacios creativos descentralizados en donde podamos desarrollarnos y formarnos en torno a las artes visuales\u201d.<\/p>\n\n\n\n<p>En tanto, el seremi de las Culturas, las Artes y el Patrimonio de Antofagasta, Claudio Lagos Guti\u00e9rrez, tambi\u00e9n valor\u00f3 el proyecto \u201cque por sobre todo permite la capacitaci\u00f3n de artistas locales, siendo adem\u00e1s una plataforma que les permite intercambiar experiencias y conocimientos con variados artistas, su visibilizaci\u00f3n y algo muy importante y significativo, que es la generaci\u00f3n de instancias para la formaci\u00f3n de audiencias en el \u00e1rea, lo que nos parece muy valorable y que por supuesto, apoyamos como Ministerio\u201d.<\/p>\n\n\n\n<p><strong>RESIDENCIA ART\u00cdSTICA&nbsp;<\/strong><\/p>\n\n\n\n<p>La residencia est\u00e1 compuesta por Laboratorios de Formaci\u00f3n Art\u00edstica los cuales ser\u00e1n guiados por dos destacados artistas nacionales con amplia trayectoria nacional e internacional; Marcela Moraga Mill\u00e1n y Raimundo Edwards Alonso.<\/p>\n\n\n\n<p>El primer laboratorio de \u201cEcosistema Textil, Historias de Monta\u00f1a y Extracciones\u201d, impartido por Marcela Moraga Mill\u00e1n, quien invita a las y los participantes a \u201cintercambiar experiencias y conocimientos sobre lo textil en sus variadas dimensiones\u201d. Mediante la realizaci\u00f3n de exploraciones espaciales y de experiencias colectivas, donde los participantes desarrollar\u00e1n durante la residencia formativa una performance colectiva en el territorio, expandiendo las posibilidades tridimensionales del textil.<\/p>\n\n\n\n<p>Asimismo, el Laboratorio \u201cTraza\u201d, impartido por Raimundo Edwards Alonso, quien invita a las y los participantes a \u201cexperimentar las posibilidades gr\u00e1ficas de los elementos de nuestro ecosistema urbano y natural, volc\u00e1ndolos a reflexiones est\u00e9ticas que revelan distintos aspectos de su propia naturaleza y significado\u201d. En ese sentido \u201ceste laboratorio propone un recorrido urban\u00edstico y territorial desde donde los participantes podr\u00e1n \u00b4\u00b4Resignificar\u00b4\u00b4 los elementos simb\u00f3licos que componen nuestro entorno\u201d.&nbsp;<\/p>\n\n\n\n<p><strong>PROCESO DE POSTULACI\u00d3N&nbsp;<\/strong><\/p>\n\n\n\n<p>Podr\u00e1n postular hasta el mi\u00e9rcoles 5 de julio los artistas residentes en las nueve comunas de la regi\u00f3n de Antofagasta, que sean mayores de 18 a\u00f1os y que desarrollen pr\u00e1cticas art\u00edsticas vinculadas a las artes visuales, performativas y\/o artes gr\u00e1ficas. Como artistas emergentes, con trayectoria, autodidactas o profesionales con formaci\u00f3n acad\u00e9mica.&nbsp;<\/p>\n\n\n\n<p>Los artistas podr\u00e1n optar a uno de los \u201c8 Apoyos de Residencia\u201d, el cual consiste en la cobertura del alojamiento durante los 5 d\u00edas de actividades de los Laboratorios de Formaci\u00f3n Art\u00edstica.&nbsp;<\/p>\n\n\n\n<p>Finalmente podr\u00e1n encontrar el <a href=\"https:\/\/forms.gle\/LUpRo8MtRu53Dd6b8.\">formulario de postulaci\u00f3n <\/a>y las bases a trav\u00e9s del sitio web <a href=\"http:\/\/www.h-residency.org\">www.h-residency.org<\/a> y en las redes sociales @hresidency.<strong> <\/strong>La invitaci\u00f3n es para todos los artistas de la regi\u00f3n de Antofagasta a ser parte del programa de formaci\u00f3n art\u00edstica.&nbsp;<\/p>\n","protected":false},"excerpt":{"rendered":"<p>H Residency Plataforma de Arte Contempor\u00e1neo abri\u00f3 la convocatoria 2023 \u201cResignificar\u201d hasta el 5 de julio e invita a artistas de la regi\u00f3n de Antofagasta a participar de su cuarta&hellip;<\/p>\n","protected":false},"author":1,"featured_media":12752,"comment_status":"closed","ping_status":"closed","sticky":false,"template":"","format":"standard","meta":{"_monsterinsights_skip_tracking":false,"_monsterinsights_sitenote_active":false,"_monsterinsights_sitenote_note":"","_monsterinsights_sitenote_category":0,"footnotes":""},"categories":[178,2221],"tags":[185,187,28,2222,186,7866,143,7868,3531],"class_list":["post-12751","post","type-post","status-publish","format-standard","has-post-thumbnail","hentry","category-arte-cultura","category-calama","tag-arte","tag-artistas","tag-artistica","tag-calama","tag-contemporaneo","tag-h-residency-2","tag-region","tag-residencia","tag-sede"],"_links":{"self":[{"href":"https:\/\/antofapop.cl\/index.php\/wp-json\/wp\/v2\/posts\/12751"}],"collection":[{"href":"https:\/\/antofapop.cl\/index.php\/wp-json\/wp\/v2\/posts"}],"about":[{"href":"https:\/\/antofapop.cl\/index.php\/wp-json\/wp\/v2\/types\/post"}],"author":[{"embeddable":true,"href":"https:\/\/antofapop.cl\/index.php\/wp-json\/wp\/v2\/users\/1"}],"replies":[{"embeddable":true,"href":"https:\/\/antofapop.cl\/index.php\/wp-json\/wp\/v2\/comments?post=12751"}],"version-history":[{"count":1,"href":"https:\/\/antofapop.cl\/index.php\/wp-json\/wp\/v2\/posts\/12751\/revisions"}],"predecessor-version":[{"id":12753,"href":"https:\/\/antofapop.cl\/index.php\/wp-json\/wp\/v2\/posts\/12751\/revisions\/12753"}],"wp:featuredmedia":[{"embeddable":true,"href":"https:\/\/antofapop.cl\/index.php\/wp-json\/wp\/v2\/media\/12752"}],"wp:attachment":[{"href":"https:\/\/antofapop.cl\/index.php\/wp-json\/wp\/v2\/media?parent=12751"}],"wp:term":[{"taxonomy":"category","embeddable":true,"href":"https:\/\/antofapop.cl\/index.php\/wp-json\/wp\/v2\/categories?post=12751"},{"taxonomy":"post_tag","embeddable":true,"href":"https:\/\/antofapop.cl\/index.php\/wp-json\/wp\/v2\/tags?post=12751"}],"curies":[{"name":"wp","href":"https:\/\/api.w.org\/{rel}","templated":true}]}}