{"id":12781,"date":"2023-07-05T23:47:40","date_gmt":"2023-07-05T20:47:40","guid":{"rendered":"https:\/\/antofapop.cl\/?p=12781"},"modified":"2023-07-05T23:47:40","modified_gmt":"2023-07-05T20:47:40","slug":"roser-bru-de-norte-a-sur-exposicion-itinerante-de-grabados-continua-su-travesia","status":"publish","type":"post","link":"https:\/\/antofapop.cl\/index.php\/2023\/07\/05\/roser-bru-de-norte-a-sur-exposicion-itinerante-de-grabados-continua-su-travesia\/","title":{"rendered":"<strong>\u201cRoser Bru de Norte a Sur\u201d: exposici\u00f3n itinerante de grabados contin\u00faa su traves\u00eda<\/strong>"},"content":{"rendered":"<div class='booster-block booster-read-block'>\n                <div class=\"twp-read-time\">\n                \t<i class=\"booster-icon twp-clock\"><\/i> <span>Tiempo de Lectura:<\/span>3 Minutos, 27 Segundos                <\/div>\n\n            <\/div>\n<p><strong><em>El centenario de la destacada pintora y grabadora chileno-espa\u00f1ola y Premio Nacional de Artes es conmemorado con esta importante exposici\u00f3n retrospectiva de grabados en la Universidad Cat\u00f3lica del Norte.<\/em><\/strong><\/p>\n\n\n\n<p>En el marco del Centenario del nacimiento de la Premio Nacional de Artes Pl\u00e1sticas (1923-2021), su fundaci\u00f3n inaugurar\u00e1 en Antofagasta la muestra de grabados \u201cRoser Bru de Norte a Sur: exposici\u00f3n gr\u00e1fica itinerante\u201d<em>,<\/em> que busca acercar al p\u00fablico nacional a la obra de la artista hispano-chilena.<\/p>\n\n\n\n<p>La muestra ser\u00e1 presentada en la Sal\u00f3n Chela Lira en la Casa Central de la Universidad Cat\u00f3lica del Norte (UCN) y comparte la obra de la artista nacida en Barcelona en 1923 y llegada a Chile en 1939, como refugiada de la guerra civil espa\u00f1ola a los 16 a\u00f1os en el m\u00edtico barco Winnipeg, gestionado por Pablo Neruda.<\/p>\n\n\n\n<p>Se trata de la primera exposici\u00f3n de Roser Bru organizada por su fundaci\u00f3n tras su fallecimiento en el 2021 a los 98 a\u00f1os, y primera exposici\u00f3n de la artista en Antofagasta, haciendo un recorrido de su obra durante los m\u00e1s de 70 a\u00f1os de extensa trayectoria entre la pintura y el grabado. \u201cQuisimos centrar el foco de esta exposici\u00f3n en la obra grabada para que pudiera girar por todo Chile y porque el grabado representa una de las expresiones creativas m\u00e1s desarrolladas y prol\u00edficas de Roser, por la que es reconocida a nivel nacional e internacional\u201d, sostiene la curadora de la muestra, In\u00e9s Ortega-M\u00e1rquez.<\/p>\n\n\n\n<p>Por su parte, la jefa del Departamento de Extensi\u00f3n Cultural de la UCN, Pamela Ossa, se\u00f1al\u00f3 que \u201ceste a\u00f1o Roser Bru habr\u00eda cumplido 100 a\u00f1os y su fundaci\u00f3n quiso celebrarla a lo largo de Chile con esta exposici\u00f3n itinerante de grabados que parti\u00f3 en Valpara\u00edso, continu\u00f3 en Iquique y hoy aterriza en Antofagasta, para luego seguir su rumbo hacia el Sur del pa\u00eds. Para la Universidad Cat\u00f3lica del Norte es de alto inter\u00e9s ser una de las vitrinas culturales para compartir con la comunidad el legado de esta artista, quien fue una artista integral, no s\u00f3lo creadora, sino tambi\u00e9n maestra para muchas generaciones de actuales pintores y grabadores\u201d.<\/p>\n\n\n\n<p><strong>EXPOSICI\u00d3N&nbsp;<\/strong><\/p>\n\n\n\n<p>El p\u00fablico podr\u00e1 ver 43 grabados comprendidos entre 1956 y la primera d\u00e9cada del 2000, en una diversidad de tem\u00e1ticas y t\u00e9cnicas (buril, aguafuerte, aguatinta, litograf\u00eda, serigraf\u00eda y xilograf\u00eda) que han sido editados por distintos sellos especialmente por el Taller 99, del que Bru fue parte desde sus inicios en 1956 junto a Nemesio Ant\u00fanez y hasta su muerte. Entre los grabados expuestos se encuentra parte de la serie \u201cMade in Spain\u201d (1966), recientemente adquirida por el Museo Reina Sof\u00eda de Madrid. El recorrido de grabados presenciales es completado por c\u00f3digos QR en los que se podr\u00e1n apreciar de manera digital 10 obras de pintura y un textil, y material complementario de mediaci\u00f3n, como cat\u00e1logo digital, biograf\u00eda y material audiovisual, entre otros.<\/p>\n\n\n\n<p>La curator\u00eda busca mostrar los principales ejes conceptuales que cruzaron su obra, fundamentados en su sensibilidad expresiva por la representaci\u00f3n de las mujeres y por la memoria, que la conecta a la cr\u00edtica hist\u00f3rica y social y a los derechos humanos tanto en Chile como en Espa\u00f1a, subraya la curadora In\u00e9s Ortega-M\u00e1rquez.<\/p>\n\n\n\n<p>Por su parte, la directora de la Fundaci\u00f3n Roser Bru e hija de la artista, Agna Aguad\u00e9 Bru, sostiene que \u201ces muy importante dar a conocer las obras que custodia la fundaci\u00f3n y hemos estado estos \u00faltimos a\u00f1os abocadas al inventario y conservaci\u00f3n de su acervo. Hoy, por primera vez, abrimos parte de nuestra colecci\u00f3n al p\u00fablico y a la descentralizaci\u00f3n territorial y cultural, y esperamos que nos consideren como un nuevo agente en la difusi\u00f3n del legado de Roser Bru\u201d.<\/p>\n\n\n\n<p>\u201cRoser Bru de Norte a Sur: exposici\u00f3n gr\u00e1fica itinerante\u201d se estren\u00f3 el pasado enero en el Museo de Bellas Artes de Valpara\u00edso con gran \u00e9xito de p\u00fablico, y podr\u00e1 verse en Antofagasta del 29 de junio al 21 de julio en el Sal\u00f3n Chela Lira de la Universidad Cat\u00f3lica del Norte, y luego seguir\u00e1 su recorrido en Concepci\u00f3n, Santiago y otras ciudades por confirmar.<\/p>\n\n\n\n<p>Este proyecto de la Fundaci\u00f3n Roser Bru cuenta con el financiamiento del Fondo Nacional de Artes Visuales, convocatoria 2022.<\/p>\n","protected":false},"excerpt":{"rendered":"<p>El centenario de la destacada pintora y grabadora chileno-espa\u00f1ola y Premio Nacional de Artes es conmemorado con esta importante exposici\u00f3n retrospectiva de grabados en la Universidad Cat\u00f3lica del Norte. En&hellip;<\/p>\n","protected":false},"author":1,"featured_media":12782,"comment_status":"closed","ping_status":"closed","sticky":false,"template":"","format":"standard","meta":{"_monsterinsights_skip_tracking":false,"_monsterinsights_sitenote_active":false,"_monsterinsights_sitenote_note":"","_monsterinsights_sitenote_category":0,"footnotes":""},"categories":[2,178],"tags":[7900,449,7901,339,7899,2332,4602],"class_list":["post-12781","post","type-post","status-publish","format-standard","has-post-thumbnail","hentry","category-antofagasta","category-arte-cultura","tag-bru","tag-exposicion","tag-grabados","tag-norte","tag-roser","tag-sur","tag-travesia"],"_links":{"self":[{"href":"https:\/\/antofapop.cl\/index.php\/wp-json\/wp\/v2\/posts\/12781"}],"collection":[{"href":"https:\/\/antofapop.cl\/index.php\/wp-json\/wp\/v2\/posts"}],"about":[{"href":"https:\/\/antofapop.cl\/index.php\/wp-json\/wp\/v2\/types\/post"}],"author":[{"embeddable":true,"href":"https:\/\/antofapop.cl\/index.php\/wp-json\/wp\/v2\/users\/1"}],"replies":[{"embeddable":true,"href":"https:\/\/antofapop.cl\/index.php\/wp-json\/wp\/v2\/comments?post=12781"}],"version-history":[{"count":1,"href":"https:\/\/antofapop.cl\/index.php\/wp-json\/wp\/v2\/posts\/12781\/revisions"}],"predecessor-version":[{"id":12783,"href":"https:\/\/antofapop.cl\/index.php\/wp-json\/wp\/v2\/posts\/12781\/revisions\/12783"}],"wp:featuredmedia":[{"embeddable":true,"href":"https:\/\/antofapop.cl\/index.php\/wp-json\/wp\/v2\/media\/12782"}],"wp:attachment":[{"href":"https:\/\/antofapop.cl\/index.php\/wp-json\/wp\/v2\/media?parent=12781"}],"wp:term":[{"taxonomy":"category","embeddable":true,"href":"https:\/\/antofapop.cl\/index.php\/wp-json\/wp\/v2\/categories?post=12781"},{"taxonomy":"post_tag","embeddable":true,"href":"https:\/\/antofapop.cl\/index.php\/wp-json\/wp\/v2\/tags?post=12781"}],"curies":[{"name":"wp","href":"https:\/\/api.w.org\/{rel}","templated":true}]}}