{"id":12864,"date":"2023-07-17T19:42:21","date_gmt":"2023-07-17T16:42:21","guid":{"rendered":"https:\/\/antofapop.cl\/?p=12864"},"modified":"2023-07-17T19:42:22","modified_gmt":"2023-07-17T16:42:22","slug":"nostalgia-pop-en-amanecer-el-nuevo-single-de-zebra-93","status":"publish","type":"post","link":"https:\/\/antofapop.cl\/index.php\/2023\/07\/17\/nostalgia-pop-en-amanecer-el-nuevo-single-de-zebra-93\/","title":{"rendered":"Nostalgia pop en \u2018Amanecer\u2019, el nuevo single de ZEBRA 93"},"content":{"rendered":"<div class='booster-block booster-read-block'>\n                <div class=\"twp-read-time\">\n                \t<i class=\"booster-icon twp-clock\"><\/i> <span>Tiempo de Lectura:<\/span>1 Minutos, 55 Segundos                <\/div>\n\n            <\/div>\n<p>Si en\u00a0<strong>\u2018Corazonada\u2019<\/strong>,\u00a0<strong>el primer adelanto de su segundo \u00e1lbum<\/strong>, nos entregamos a la noche y el baile, el sencillo estrenado hoy abraza con toda la melancol\u00eda\u00a0del alba y el anhelo de nuevos comienzos.\u00a0<a rel=\"noreferrer noopener\" href=\"https:\/\/agenciarebeldes.us20.list-manage.com\/track\/click?u=12608a4c4b27528e709169dbd&amp;id=d6195d6741&amp;e=dd88e52509\" target=\"_blank\"><strong>\u2018Amanecer\u2019<\/strong><\/a>, adem\u00e1s, llega acompa\u00f1ado por un videoclip dirigido por\u00a0<strong>Javiera Reyes<\/strong>.<\/p>\n\n\n\n<p><strong>L<\/strong>a expansividad pop de\u00a0<strong>Julia Grisenti, Alfredo Ibarra, y Miguel Irarr\u00e1zaval<\/strong>\u00a0contin\u00faa ampliando su paleta sonora en v\u00edas a un segundo largaduraci\u00f3n. Luego de posicionarse en la escena musical regional con el debut titulado\u00a0<a rel=\"noreferrer noopener\" href=\"https:\/\/agenciarebeldes.us20.list-manage.com\/track\/click?u=12608a4c4b27528e709169dbd&amp;id=9e18a731ae&amp;e=dd88e52509\" target=\"_blank\"><strong>\u201cAtemporal\u201d<\/strong><\/a>, la agrupaci\u00f3n chileno-argentina ya prepara su sucesor.\u00a0<br><br>Tras estrenar\u00a0<a rel=\"noreferrer noopener\" href=\"https:\/\/agenciarebeldes.us20.list-manage.com\/track\/click?u=12608a4c4b27528e709169dbd&amp;id=b532052d16&amp;e=dd88e52509\" target=\"_blank\"><strong>\u2018Corazonada\u2019<\/strong><\/a>, el primer adelanto del venidero LP,\u00a0<a rel=\"noreferrer noopener\" href=\"https:\/\/agenciarebeldes.us20.list-manage.com\/track\/click?u=12608a4c4b27528e709169dbd&amp;id=181695f0e9&amp;e=dd88e52509\" target=\"_blank\"><strong>ZEBRA 93<\/strong><\/a>\u00a0cautiva con\u00a0<a rel=\"noreferrer noopener\" href=\"https:\/\/agenciarebeldes.us20.list-manage.com\/track\/click?u=12608a4c4b27528e709169dbd&amp;id=910ce34e89&amp;e=dd88e52509\" target=\"_blank\"><strong>\u2018Amanecer<\/strong><\/a>\u2019, una de las entregas m\u00e1s sensoriales y melanc\u00f3licas respecto a\u00a0lo que se traen entre manos.\u00a0<strong>\u201cAbre el abanico en cuanto a los distintos paisajes y estados que habitan en el \u00e1lbum\u201d<\/strong>,\u00a0 adelantan los m\u00fasicos sobre el estreno.\u00a0<br><br>Si en\u00a0<a rel=\"noreferrer noopener\" href=\"https:\/\/agenciarebeldes.us20.list-manage.com\/track\/click?u=12608a4c4b27528e709169dbd&amp;id=f9b439d5c5&amp;e=dd88e52509\" target=\"_blank\"><strong>\u2018Corazonada\u2019<\/strong><\/a>\u00a0nos entregamos a la pista de baile,\u00a0<a rel=\"noreferrer noopener\" href=\"https:\/\/agenciarebeldes.us20.list-manage.com\/track\/click?u=12608a4c4b27528e709169dbd&amp;id=14ca354d2a&amp;e=dd88e52509\" target=\"_blank\"><strong>\u2018Amanecer<\/strong><\/a>\u2019\u00a0tiene el esp\u00edritu m\u00e1gico y surreal que otorga el alba; lo que pasa luego de la fiesta, el paso del \u00e1lgido verano al nost\u00e1lgico invierno. Un yin yang\u00a0que da claras pistas de la amplitud pop que est\u00e1 construyendo\u00a0<a rel=\"noreferrer noopener\" href=\"https:\/\/agenciarebeldes.us20.list-manage.com\/track\/click?u=12608a4c4b27528e709169dbd&amp;id=b011409937&amp;e=dd88e52509\" target=\"_blank\"><strong>ZEBRA 93<\/strong><\/a>.<\/p>\n\n\n\n<p><strong>\u201cLa canci\u00f3n se expresa como un renacer, una segunda oportunidad, partir de cero. No s\u00f3lo en t\u00e9rminos de relaciones, si no que en experiencias personales, nuevas etapas en la vida\u201d,<\/strong>\u00a0profundizan sobre el sencillo que se aleja de los sintetizadores y los recursos m\u00e1s electr\u00f3nicos para dar con un sonido mucho m\u00e1s an\u00e1logo, crudo y tradicional respecto al formato banda.<\/p>\n\n\n\n<p>El estreno llega con un videoclip dirigido por\u00a0<strong>Javiera Reyes<\/strong>,\u00a0<strong>\u201cquien capt\u00f3 muy bien nuestra intenci\u00f3n pues creemos que expresa toda la emotividad que contiene\u00a0<\/strong><a rel=\"noreferrer noopener\" href=\"https:\/\/agenciarebeldes.us20.list-manage.com\/track\/click?u=12608a4c4b27528e709169dbd&amp;id=9e12e0df62&amp;e=dd88e52509\" target=\"_blank\"><strong>\u2018Amanecer<\/strong><\/a>\u2019<strong>. Adem\u00e1s de ser una interpretaci\u00f3n m\u00e1s abierta mediante s\u00edmbolos e im\u00e1genes sugestivas\u201d<\/strong>, cuentan los artistas que ya adelantan que este segundo disco\u00a0viene con una perspectiva y ejecuci\u00f3n mucho m\u00e1s concisa y minimalista. Nuevas exploraciones para la continuidad de una de las carreras pop m\u00e1s consistentes de la regi\u00f3n.<\/p>\n\n\n\n<figure class=\"wp-block-embed is-type-video is-provider-youtube wp-block-embed-youtube wp-embed-aspect-4-3 wp-has-aspect-ratio\"><div class=\"wp-block-embed__wrapper\">\n<iframe loading=\"lazy\" title=\"ZEBRA 93 - Amanecer\" width=\"500\" height=\"375\" src=\"https:\/\/www.youtube.com\/embed\/tlqbJexpgF4?feature=oembed\" frameborder=\"0\" allow=\"accelerometer; autoplay; clipboard-write; encrypted-media; gyroscope; picture-in-picture; web-share\" referrerpolicy=\"strict-origin-when-cross-origin\" allowfullscreen><\/iframe>\n<\/div><figcaption class=\"wp-element-caption\"><strong>FICHA T\u00c9CNICA\u00a0<\/strong><br>Composici\u00f3n: Alfredo Ibarra y Miguel Irarr\u00e1zabal<br>Producci\u00f3n: ZEBRA 93 y Claudio Qui\u00f1ones<br>Mezcla\u00a0: Claudio Qui\u00f1ones\u00a0<br>Masterizaci\u00f3n: Chalo Gonzalez<br><br><strong>VIDEO &#8216;AMANECER&#8217;<\/strong><br>Direcci\u00f3n: Javiera Reyes \u00a0<br>Equipo audiovisual: \u00a0Helljake, Matias Belmar y Gustavo Espinoza (SDA FILMS)<br>Edici\u00f3n: Alfredo Ibarra<br>Producci\u00f3n: Dominga Valenzuela y Vittorio Capello<br>Vestuario: Emilia Montes\u00a0<br>Maquillaje &amp; pelo: Vanessa P\u00e9rez\u00a0<br>Arte: Nataly Solari y Alexis Mart\u00ednez\u00a0<\/figcaption><\/figure>\n","protected":false},"excerpt":{"rendered":"<p>Si en\u00a0\u2018Corazonada\u2019,\u00a0el primer adelanto de su segundo \u00e1lbum, nos entregamos a la noche y el baile, el sencillo estrenado hoy abraza con toda la melancol\u00eda\u00a0del alba y el anhelo de&hellip;<\/p>\n","protected":false},"author":1,"featured_media":12865,"comment_status":"closed","ping_status":"closed","sticky":false,"template":"","format":"standard","meta":{"_monsterinsights_skip_tracking":false,"_monsterinsights_sitenote_active":false,"_monsterinsights_sitenote_note":"","_monsterinsights_sitenote_category":0,"footnotes":""},"categories":[3],"tags":[7931,167,95,16,7932],"class_list":["post-12864","post","type-post","status-publish","format-standard","has-post-thumbnail","hentry","category-musica-chilena","tag-amanecer","tag-nostalgia","tag-pop","tag-single","tag-zebra"],"_links":{"self":[{"href":"https:\/\/antofapop.cl\/index.php\/wp-json\/wp\/v2\/posts\/12864"}],"collection":[{"href":"https:\/\/antofapop.cl\/index.php\/wp-json\/wp\/v2\/posts"}],"about":[{"href":"https:\/\/antofapop.cl\/index.php\/wp-json\/wp\/v2\/types\/post"}],"author":[{"embeddable":true,"href":"https:\/\/antofapop.cl\/index.php\/wp-json\/wp\/v2\/users\/1"}],"replies":[{"embeddable":true,"href":"https:\/\/antofapop.cl\/index.php\/wp-json\/wp\/v2\/comments?post=12864"}],"version-history":[{"count":1,"href":"https:\/\/antofapop.cl\/index.php\/wp-json\/wp\/v2\/posts\/12864\/revisions"}],"predecessor-version":[{"id":12866,"href":"https:\/\/antofapop.cl\/index.php\/wp-json\/wp\/v2\/posts\/12864\/revisions\/12866"}],"wp:featuredmedia":[{"embeddable":true,"href":"https:\/\/antofapop.cl\/index.php\/wp-json\/wp\/v2\/media\/12865"}],"wp:attachment":[{"href":"https:\/\/antofapop.cl\/index.php\/wp-json\/wp\/v2\/media?parent=12864"}],"wp:term":[{"taxonomy":"category","embeddable":true,"href":"https:\/\/antofapop.cl\/index.php\/wp-json\/wp\/v2\/categories?post=12864"},{"taxonomy":"post_tag","embeddable":true,"href":"https:\/\/antofapop.cl\/index.php\/wp-json\/wp\/v2\/tags?post=12864"}],"curies":[{"name":"wp","href":"https:\/\/api.w.org\/{rel}","templated":true}]}}