{"id":12870,"date":"2023-07-17T19:56:41","date_gmt":"2023-07-17T16:56:41","guid":{"rendered":"https:\/\/antofapop.cl\/?p=12870"},"modified":"2023-07-17T19:56:41","modified_gmt":"2023-07-17T16:56:41","slug":"bellyco-libera-su-nuevo-album-525","status":"publish","type":"post","link":"https:\/\/antofapop.cl\/index.php\/2023\/07\/17\/bellyco-libera-su-nuevo-album-525\/","title":{"rendered":"<strong>Bellyco libera su nuevo \u00e1lbum \u201c525\u201d<\/strong>"},"content":{"rendered":"<div class='booster-block booster-read-block'>\n                <div class=\"twp-read-time\">\n                \t<i class=\"booster-icon twp-clock\"><\/i> <span>Tiempo de Lectura:<\/span>1 Minutos, 19 Segundos                <\/div>\n\n            <\/div>\n<p>El cuarteto chileno&nbsp;<strong>Bellyco<\/strong>&nbsp;est\u00e1 de regreso. Ya lo hab\u00eda hecho con tres singles: \u201c<strong>Deuda<\/strong>\u201d, \u201c<strong>Niebla<\/strong>\u201d y \u201c<strong>Le\u00f1a h\u00fameda<\/strong>\u201d entre febrero de 2019 y noviembre de 2020. Tres canciones que son parte de este nuevo trabajo, creado y pensado en pandemia.<br>&nbsp;<br>Hoy ya es un hecho y ese nuevo trabajo es su tercer \u00e1lbum \u201c<a href=\"https:\/\/open.spotify.com\/album\/1sBbFX6Ys0DKrTsmu7WEhA\"><strong>525<\/strong><\/a>\u201d, el que ya circula en plataformas digitales y en formato f\u00edsico. La banda prens\u00f3 un tiraje limitado de copias en formato disco compacto.<br>&nbsp;<br>\u201c<a href=\"https:\/\/open.spotify.com\/album\/1sBbFX6Ys0DKrTsmu7WEhA\"><strong>525<\/strong><\/a>\u201d es un larga duraci\u00f3n de 9 canciones. Un total de 38 minutos de un rock sin etiquetas y de honesta factura. La banda, integrada actualmente por&nbsp;<strong>Paulo Gallardo<\/strong>,&nbsp;<strong>Jonathan Vargas<\/strong>,&nbsp;<strong>Keno&nbsp;Vargas<\/strong>&nbsp;y&nbsp;<strong>Oliver Quintanilla<\/strong>, existe desde el a\u00f1o 2000.<br>&nbsp;<br>Su primer trabajo lleg\u00f3 en diciembre de 2006 y se llama \u201c<strong>Toma el control<\/strong>\u201d, luego publicaron \u201c<strong>No renunciar\u00e9<\/strong>\u201d a fines de 2011 y hubo dos ep\u00e9s antes de su regreso. Ep\u00e9 \u201c<strong>Uno<\/strong>\u201d en 2015 y ep\u00e9 \u201c<strong>Dos<\/strong>\u201d&nbsp; medidos de 2016<br>&nbsp;<br>Este nuevo \u00e1lbum se grab\u00f3 en los estudios&nbsp;<strong>Ana Frank<\/strong>. Lo produjo la banda junto a&nbsp;<strong>Fernando Le\u00f3n<\/strong>&nbsp;(quien adem\u00e1s masteriz\u00f3) y el m\u00fasico&nbsp;<strong>Jos\u00e9 Dom\u00ednguez<\/strong>. Al disco, de variados ritmos y atm\u00f3sferas, se sumaron m\u00fasicos invitados como&nbsp;<strong>Karlheinz Weidhaas<\/strong>,&nbsp;<strong>Leo Saavedra<\/strong>,&nbsp;<strong>Rodrigo Cavada<\/strong>,&nbsp;<strong>Mauricio Esperguel<\/strong>&nbsp;o el propio&nbsp;<strong>Jos\u00e9 Dom\u00ednguez&nbsp;<\/strong>(ex bajista de Solar).<br>&nbsp;<br>Escucha \u201c<a href=\"https:\/\/open.spotify.com\/album\/1sBbFX6Ys0DKrTsmu7WEhA\"><strong>525<\/strong><\/a>\u201d que ya est\u00e1 disponible en formato streaming. Sigue a la banda en su cuenta de&nbsp;<a href=\"https:\/\/www.instagram.com\/bellycorock\/\">Instagram<\/a>&nbsp;o de&nbsp;<a href=\"https:\/\/www.facebook.com\/bellycorock\">Facebook<\/a>.<\/p>\n","protected":false},"excerpt":{"rendered":"<p>El cuarteto chileno&nbsp;Bellyco&nbsp;est\u00e1 de regreso. Ya lo hab\u00eda hecho con tres singles: \u201cDeuda\u201d, \u201cNiebla\u201d y \u201cLe\u00f1a h\u00fameda\u201d entre febrero de 2019 y noviembre de 2020. Tres canciones que son parte&hellip;<\/p>\n","protected":false},"author":1,"featured_media":12871,"comment_status":"closed","ping_status":"closed","sticky":false,"template":"","format":"standard","meta":{"_monsterinsights_skip_tracking":false,"_monsterinsights_sitenote_active":false,"_monsterinsights_sitenote_note":"","_monsterinsights_sitenote_category":0,"footnotes":""},"categories":[3],"tags":[7936,152,7935,252],"class_list":["post-12870","post","type-post","status-publish","format-standard","has-post-thumbnail","hentry","category-musica-chilena","tag-7936","tag-album","tag-bellyco","tag-nuevo"],"_links":{"self":[{"href":"https:\/\/antofapop.cl\/index.php\/wp-json\/wp\/v2\/posts\/12870"}],"collection":[{"href":"https:\/\/antofapop.cl\/index.php\/wp-json\/wp\/v2\/posts"}],"about":[{"href":"https:\/\/antofapop.cl\/index.php\/wp-json\/wp\/v2\/types\/post"}],"author":[{"embeddable":true,"href":"https:\/\/antofapop.cl\/index.php\/wp-json\/wp\/v2\/users\/1"}],"replies":[{"embeddable":true,"href":"https:\/\/antofapop.cl\/index.php\/wp-json\/wp\/v2\/comments?post=12870"}],"version-history":[{"count":1,"href":"https:\/\/antofapop.cl\/index.php\/wp-json\/wp\/v2\/posts\/12870\/revisions"}],"predecessor-version":[{"id":12872,"href":"https:\/\/antofapop.cl\/index.php\/wp-json\/wp\/v2\/posts\/12870\/revisions\/12872"}],"wp:featuredmedia":[{"embeddable":true,"href":"https:\/\/antofapop.cl\/index.php\/wp-json\/wp\/v2\/media\/12871"}],"wp:attachment":[{"href":"https:\/\/antofapop.cl\/index.php\/wp-json\/wp\/v2\/media?parent=12870"}],"wp:term":[{"taxonomy":"category","embeddable":true,"href":"https:\/\/antofapop.cl\/index.php\/wp-json\/wp\/v2\/categories?post=12870"},{"taxonomy":"post_tag","embeddable":true,"href":"https:\/\/antofapop.cl\/index.php\/wp-json\/wp\/v2\/tags?post=12870"}],"curies":[{"name":"wp","href":"https:\/\/api.w.org\/{rel}","templated":true}]}}