{"id":12873,"date":"2023-07-17T20:04:17","date_gmt":"2023-07-17T17:04:17","guid":{"rendered":"https:\/\/antofapop.cl\/?p=12873"},"modified":"2023-07-17T20:04:18","modified_gmt":"2023-07-17T17:04:18","slug":"sagrada-tierra-estrena-alerta-mgu-una-reflexion-musical-sobre-la-responsabilidad-artistica","status":"publish","type":"post","link":"https:\/\/antofapop.cl\/index.php\/2023\/07\/17\/sagrada-tierra-estrena-alerta-mgu-una-reflexion-musical-sobre-la-responsabilidad-artistica\/","title":{"rendered":"<strong>Sagrada Tierra estrena &#8220;Alerta MGU&#8221;, una reflexi\u00f3n musical sobre la responsabilidad art\u00edstica<\/strong>"},"content":{"rendered":"<div class='booster-block booster-read-block'>\n                <div class=\"twp-read-time\">\n                \t<i class=\"booster-icon twp-clock\"><\/i> <span>Tiempo de Lectura:<\/span>1 Minutos, 34 Segundos                <\/div>\n\n            <\/div>\n<p>Sagrada Tierra, la emblem\u00e1tica banda de Rap experimental con ra\u00edces latinas, anuncia el lanzamiento de su nueva canci\u00f3n &#8220;Alerta MGU&#8221;, acompa\u00f1ada de un impactante videoclip. Originaria de la comuna de Maip\u00fa y activa desde 2016, la banda contin\u00faa su prop\u00f3sito de crear m\u00fasica que resuene con la realidad de la gente y que sea un reflejo de sus vivencias terrenales y ra\u00edces.<\/p>\n\n\n\n<p>La banda, formada por Elias Crock cof (Felipe Villela, vocalista, compositor y productor), Yerimar (Axel Fica, vocalista y compositor) y Emece Now (Carlos Cuevas, vocalista, compositor y dise\u00f1ador), ha captado la atenci\u00f3n de la comunidad musical por su fusi\u00f3n de Rap y ritmos latinos, creando un sonido distintivo que define su identidad.<\/p>\n\n\n\n<p>&#8220;Alerta MGU&#8221; (Mensaje al G\u00e9nero Urbano), es una canci\u00f3n que busca estimular una reflexi\u00f3n profunda sobre el papel que desempe\u00f1a la m\u00fasica en la sociedad y la responsabilidad de los artistas en la formaci\u00f3n de la percepci\u00f3n p\u00fablica. La banda expresa: &#8220;Creemos que como artistas somos responsables de lo que nuestro trabajo puede causar en los dem\u00e1s&#8221;, subrayando su compromiso con un enfoque consciente y respetuoso en su proceso creativo.<\/p>\n\n\n\n<p>La banda insiste en que &#8220;Alerta MGU&#8221; no busca atacar ni descalificar a ning\u00fan artista o g\u00e9nero musical. En lugar de eso, invita a la audiencia y a sus colegas a un di\u00e1logo reflexivo sobre la influencia y el poder de la m\u00fasica. La canci\u00f3n se destaca por la presentaci\u00f3n de varias perspectivas y opiniones que invitan a la reflexi\u00f3n sobre la funci\u00f3n y el impacto de la m\u00fasica urbana.<\/p>\n\n\n\n<p>El lanzamiento de &#8220;Alerta MGU&#8221; no s\u00f3lo reafirma el compromiso de Sagrada Tierra con la creaci\u00f3n de m\u00fasica significativa, sino que tambi\u00e9n reitera su intenci\u00f3n de utilizar su plataforma para concienciar sobre temas importantes en la industria musical.<\/p>\n\n\n\n<p>VIDEOCLIP:&nbsp;<a href=\"https:\/\/www.youtube.com\/watch?v=AyuTT9NpC0E\" target=\"_blank\" rel=\"noreferrer noopener\">https:\/\/www.youtube.com\/watch?v=AyuTT9NpC0E<\/a><\/p>\n\n\n\n<p>Link&nbsp;Spotify:&nbsp;<a href=\"https:\/\/open.spotify.com\/album\/0wikP0bidnNBa18V5SJjhk?si=9g-Cr7V8TKSk3ridAWbFiw\" target=\"_blank\" rel=\"noreferrer noopener\">https:\/\/open.spotify.com\/album\/0wikP0bidnNBa18V5SJjhk?si=9g-Cr7V8TKSk3ridAWbFiw<\/a><\/p>\n","protected":false},"excerpt":{"rendered":"<p>Sagrada Tierra, la emblem\u00e1tica banda de Rap experimental con ra\u00edces latinas, anuncia el lanzamiento de su nueva canci\u00f3n &#8220;Alerta MGU&#8221;, acompa\u00f1ada de un impactante videoclip. Originaria de la comuna de&hellip;<\/p>\n","protected":false},"author":1,"featured_media":12874,"comment_status":"closed","ping_status":"closed","sticky":false,"template":"","format":"standard","meta":{"_monsterinsights_skip_tracking":false,"_monsterinsights_sitenote_active":false,"_monsterinsights_sitenote_note":"","_monsterinsights_sitenote_category":0,"footnotes":""},"categories":[3],"tags":[3465,28,7937,63,2914,7938,7722,1124],"class_list":["post-12873","post","type-post","status-publish","format-standard","has-post-thumbnail","hentry","category-musica-chilena","tag-alerta","tag-artistica","tag-mgu","tag-musical","tag-reflexion","tag-responsabilidad","tag-sagrada","tag-tierra"],"_links":{"self":[{"href":"https:\/\/antofapop.cl\/index.php\/wp-json\/wp\/v2\/posts\/12873"}],"collection":[{"href":"https:\/\/antofapop.cl\/index.php\/wp-json\/wp\/v2\/posts"}],"about":[{"href":"https:\/\/antofapop.cl\/index.php\/wp-json\/wp\/v2\/types\/post"}],"author":[{"embeddable":true,"href":"https:\/\/antofapop.cl\/index.php\/wp-json\/wp\/v2\/users\/1"}],"replies":[{"embeddable":true,"href":"https:\/\/antofapop.cl\/index.php\/wp-json\/wp\/v2\/comments?post=12873"}],"version-history":[{"count":1,"href":"https:\/\/antofapop.cl\/index.php\/wp-json\/wp\/v2\/posts\/12873\/revisions"}],"predecessor-version":[{"id":12875,"href":"https:\/\/antofapop.cl\/index.php\/wp-json\/wp\/v2\/posts\/12873\/revisions\/12875"}],"wp:featuredmedia":[{"embeddable":true,"href":"https:\/\/antofapop.cl\/index.php\/wp-json\/wp\/v2\/media\/12874"}],"wp:attachment":[{"href":"https:\/\/antofapop.cl\/index.php\/wp-json\/wp\/v2\/media?parent=12873"}],"wp:term":[{"taxonomy":"category","embeddable":true,"href":"https:\/\/antofapop.cl\/index.php\/wp-json\/wp\/v2\/categories?post=12873"},{"taxonomy":"post_tag","embeddable":true,"href":"https:\/\/antofapop.cl\/index.php\/wp-json\/wp\/v2\/tags?post=12873"}],"curies":[{"name":"wp","href":"https:\/\/api.w.org\/{rel}","templated":true}]}}