{"id":12885,"date":"2023-07-17T21:05:37","date_gmt":"2023-07-17T18:05:37","guid":{"rendered":"https:\/\/antofapop.cl\/?p=12885"},"modified":"2023-07-17T21:05:38","modified_gmt":"2023-07-17T18:05:38","slug":"primer-tribunal-ambiental-lanza-concurso-de-dibujo","status":"publish","type":"post","link":"https:\/\/antofapop.cl\/index.php\/2023\/07\/17\/primer-tribunal-ambiental-lanza-concurso-de-dibujo\/","title":{"rendered":"<strong>Primer Tribunal Ambiental lanza concurso de dibujo<\/strong>"},"content":{"rendered":"<div class='booster-block booster-read-block'>\n                <div class=\"twp-read-time\">\n                \t<i class=\"booster-icon twp-clock\"><\/i> <span>Tiempo de Lectura:<\/span>1 Minutos, 31 Segundos                <\/div>\n\n            <\/div>\n<p><strong><em>Para escoger el animal caracter\u00edstico del norte que se transformar\u00e1 en su mascota digital.<\/em><\/strong><\/p>\n\n\n\n<p>Un in\u00e9dito concurso de dibujo para ni\u00f1os y ni\u00f1as de la macrozona norte lanz\u00f3 el Primer Tribunal Ambiental. El objetivo es escoger el animal que se transformar\u00e1 en la mascota digital del \u00f3rgano jurisdiccional.<\/p>\n\n\n\n<p>La iniciativa est\u00e1 dirigida a menores de 5 a 10 a\u00f1os que vivan en las regiones de Arica y Parinacota, Tarapac\u00e1, Antofagasta, Atacama y Coquimbo, en las que el tribunal tiene jurisdicci\u00f3n, y los participantes podr\u00e1n enviar el dibujo del animal que ellos consideran es el m\u00e1s bonito, el m\u00e1s representativo o que est\u00e9 peligro de extinci\u00f3n y necesita cuidado y protecci\u00f3n.<\/p>\n\n\n\n<p>El jurado estar\u00e1 conformado por el destacado pintor Luis N\u00fa\u00f1ez, la ilustradora Pati Aguilera y la ministra presidenta del Primer Tribunal Ambiental, Sandra \u00c1lvarez, quienes a la hora de la selecci\u00f3n tendr\u00e1n presente la coherencia entre el dibujo y la tem\u00e1tica, as\u00ed como la identidad con el norte de Chile.<\/p>\n\n\n\n<p>Quien obtenga el primer lugar ser\u00e1 premiado en la ceremonia de celebraci\u00f3n del s\u00e9ptimo aniversario del Primer Tribunal Ambiental y tambi\u00e9n recibir\u00e1n premios el segundo y tercer lugar.&nbsp; Adem\u00e1s, se entregar\u00e1 un diploma de participaci\u00f3n a todos los participantes.<\/p>\n\n\n\n<p>El concurso finaliza el lunes 31 de julio a las 21 horas y los interesados podr\u00e1n enviar su dibujo al correo concurso.dibujo@1ta.cl, al WhatsApp +569 34385287 \u00f3 a trav\u00e9s de las redes sociales del Primer Tribunal Ambiental.<\/p>\n\n\n\n<p><strong><em>Mascota<\/em><\/strong><strong><em><br><\/em><\/strong>La mascota digital del tribunal ser\u00e1 incluida como parte de la imagen institucional y ser\u00e1 utilizada para generar un acercamiento del organismo con la ciudadan\u00eda, en especial con los m\u00e1s peque\u00f1os, ya que permitir\u00e1 explicar de manera did\u00e1ctica el rol y funciones de la institucionalidad ambiental y en particular del Primer Tribunal Ambiental, as\u00ed como tambi\u00e9n, en acciones enfocadas al cuidado del medioambiente.&nbsp;<\/p>\n","protected":false},"excerpt":{"rendered":"<p>Para escoger el animal caracter\u00edstico del norte que se transformar\u00e1 en su mascota digital. Un in\u00e9dito concurso de dibujo para ni\u00f1os y ni\u00f1as de la macrozona norte lanz\u00f3 el Primer&hellip;<\/p>\n","protected":false},"author":1,"featured_media":12886,"comment_status":"closed","ping_status":"closed","sticky":false,"template":"","format":"standard","meta":{"_monsterinsights_skip_tracking":false,"_monsterinsights_sitenote_active":false,"_monsterinsights_sitenote_note":"","_monsterinsights_sitenote_category":0,"footnotes":""},"categories":[178,2405],"tags":[2045,70,7942,945,522,2473],"class_list":["post-12885","post","type-post","status-publish","format-standard","has-post-thumbnail","hentry","category-arte-cultura","category-region","tag-ambiental","tag-concurso","tag-dibujo","tag-lanza","tag-primer","tag-tribunal"],"_links":{"self":[{"href":"https:\/\/antofapop.cl\/index.php\/wp-json\/wp\/v2\/posts\/12885"}],"collection":[{"href":"https:\/\/antofapop.cl\/index.php\/wp-json\/wp\/v2\/posts"}],"about":[{"href":"https:\/\/antofapop.cl\/index.php\/wp-json\/wp\/v2\/types\/post"}],"author":[{"embeddable":true,"href":"https:\/\/antofapop.cl\/index.php\/wp-json\/wp\/v2\/users\/1"}],"replies":[{"embeddable":true,"href":"https:\/\/antofapop.cl\/index.php\/wp-json\/wp\/v2\/comments?post=12885"}],"version-history":[{"count":1,"href":"https:\/\/antofapop.cl\/index.php\/wp-json\/wp\/v2\/posts\/12885\/revisions"}],"predecessor-version":[{"id":12887,"href":"https:\/\/antofapop.cl\/index.php\/wp-json\/wp\/v2\/posts\/12885\/revisions\/12887"}],"wp:featuredmedia":[{"embeddable":true,"href":"https:\/\/antofapop.cl\/index.php\/wp-json\/wp\/v2\/media\/12886"}],"wp:attachment":[{"href":"https:\/\/antofapop.cl\/index.php\/wp-json\/wp\/v2\/media?parent=12885"}],"wp:term":[{"taxonomy":"category","embeddable":true,"href":"https:\/\/antofapop.cl\/index.php\/wp-json\/wp\/v2\/categories?post=12885"},{"taxonomy":"post_tag","embeddable":true,"href":"https:\/\/antofapop.cl\/index.php\/wp-json\/wp\/v2\/tags?post=12885"}],"curies":[{"name":"wp","href":"https:\/\/api.w.org\/{rel}","templated":true}]}}