{"id":12888,"date":"2023-07-17T21:07:06","date_gmt":"2023-07-17T18:07:06","guid":{"rendered":"https:\/\/antofapop.cl\/?p=12888"},"modified":"2023-07-17T21:07:07","modified_gmt":"2023-07-17T18:07:07","slug":"seremi-de-las-culturas-invita-a-ser-parte-del-consejo-regional-de-las-culturas-las-artes-y-el-patrimonio","status":"publish","type":"post","link":"https:\/\/antofapop.cl\/index.php\/2023\/07\/17\/seremi-de-las-culturas-invita-a-ser-parte-del-consejo-regional-de-las-culturas-las-artes-y-el-patrimonio\/","title":{"rendered":"Seremi de las Culturas invita a ser parte del Consejo Regional de las Culturas, las Artes y el Patrimonio"},"content":{"rendered":"<div class='booster-block booster-read-block'>\n                <div class=\"twp-read-time\">\n                \t<i class=\"booster-icon twp-clock\"><\/i> <span>Tiempo de Lectura:<\/span>2 Minutos, 36 Segundos                <\/div>\n\n            <\/div>\n<p><strong><em>Llamado se extender\u00e1 hasta las 17:00 horas del viernes 4 de agosto y las postulaciones podr\u00e1n ser presentadas por todas aquellas organizaciones culturales y patrimoniales que sean parte del Registro Nacional de Organizaciones Culturales.<\/em><\/strong><\/p>\n\n\n\n<p>La Secretaria Regional Ministerial de las Culturas, las Artes y el Patrimonio de Antofagasta, invita ser parte del Consejo Regional de las Culturas, las Artes y el Patrimonio, per\u00edodo 2023-2027, seg\u00fan lo dispuesto en la ley N\u00ba 21.045 y los art\u00edculos 24,25,31 y 32 del Decreto Supremo N\u00ba 8 del 2018, del Ministerio de las Culturas, las Artes y el Patrimonio.<\/p>\n\n\n\n<p>El presente llamado, cuenta con un cupo disponible para que organizaciones culturales o patrimoniales puedan proponer candidatos\/as representativos de las artes, las culturas y el patrimonio cultural para ser parte del Consejo Regional.<\/p>\n\n\n\n<p>Dentro de los principales requisitos para quienes deseen presentar postulantes, est\u00e1 que las organizaciones culturales o patrimoniales deben estar inscritas en el Registro Nacional de Organizaciones Culturales y quienes ya se encuentren en los registros pero no tengan actualizado su certificado de vigencia, deben renovar la vigencia de directorio presentando el certificado de personalidad jur\u00eddica y certificado de directorio vigente.<\/p>\n\n\n\n<p>Seg\u00fan explic\u00f3 el seremi de las Culturas, las Artes y el Patrimonio de Antofagasta, Claudio Lagos Guti\u00e9rrez, \u201ces importante que las organizaciones culturales puedan postular a uno de sus miembros o a una persona que tenga cierta trayectoria y que consideren pueda ser un aporte dentro del Consejo, no necesariamente debe ser parte de la misma organizaci\u00f3n cultural\u201d.<\/p>\n\n\n\n<p>\u201cEste Consejo asesora, acompa\u00f1a en el trabajo del Seremi de las Culturas, se le consulta sobre diversos \u00e1mbitos de las acciones a desarrollar para ver c\u00f3mo se ejecuta el trabajo territorial, as\u00ed que hay elementos muy interesantes de esta convocatoria\u201d, destac\u00f3 la autoridad regional de las Culturas.<\/p>\n\n\n\n<p><strong>Documentaci\u00f3n a presentar<\/strong><\/p>\n\n\n\n<p>Para que las distintas propuestas recibidas sean v\u00e1lidas, las organizaciones deber\u00e1n presentar diversos antecedentes, correspondientes a Formulario de postulaci\u00f3n a los Consejos Regionales, Carta del postulado donde declara que acepta la postulaci\u00f3n, Curr\u00edculum de la persona postulada, relacionada con el \u00e1mbito espec\u00edfico del cargo al que se postula y copia de la c\u00e9dula de identidad por ambos lados.<\/p>\n\n\n\n<p>Cabe destacar que los integrantes del Consejo Regional que no sean funcionarios\/as p\u00fablicos tendr\u00e1n derecho a percibir una dieta equivalente a ocho unidades de fomento por cada sesi\u00f3n a la que asistan, con topo de ocho sesiones por a\u00f1o calendario, considerando tanto las sesiones ordinarias como las extraordinarias. Esta dieta ser\u00e1 compatible con otros ingresos que perciba el consejero\/a.<\/p>\n\n\n\n<p><strong>Plazos del proceso<\/strong><\/p>\n\n\n\n<p>El plazo para postular a la presente convocatoria vence el&nbsp;viernes 4 de agosto&nbsp;de 2023, a las 17:00 horas.<\/p>\n\n\n\n<p>Los antecedentes requeridos se deber\u00e1n enviar al correo electr\u00f3nico:&nbsp;<a href=\"mailto:consejoscultura@cultura.gob.cl\">consejoscultura@cultura.gob.cl<\/a> o bien hasta las dependencias de la Seremi de las Culturas, las Artes y el Patrimonio de Antofagasta, ubicadas en Prat #253.<\/p>\n\n\n\n<p>Para descarga de formularios de postulaci\u00f3n y Registro Nacional de Organizaciones Culturales, se puede ingresar al siguiente link: <a href=\"https:\/\/www.cultura.gob.cl\/convocatorias\/convocatoria-consejos-regionales-de-las-culturas-las-artes-y-el-patrimonio-2023-2027\/\">https:\/\/www.cultura.gob.cl\/convocatorias\/convocatoria-consejos-regionales-de-las-culturas-las-artes-y-el-patrimonio-2023-2027\/<\/a>&nbsp;<\/p>\n","protected":false},"excerpt":{"rendered":"<p>Llamado se extender\u00e1 hasta las 17:00 horas del viernes 4 de agosto y las postulaciones podr\u00e1n ser presentadas por todas aquellas organizaciones culturales y patrimoniales que sean parte del Registro&hellip;<\/p>\n","protected":false},"author":1,"featured_media":12889,"comment_status":"closed","ping_status":"closed","sticky":false,"template":"","format":"standard","meta":{"_monsterinsights_skip_tracking":false,"_monsterinsights_sitenote_active":false,"_monsterinsights_sitenote_note":"","_monsterinsights_sitenote_category":0,"footnotes":""},"categories":[178,2405],"tags":[235,1906,273,255,193,262,642],"class_list":["post-12888","post","type-post","status-publish","format-standard","has-post-thumbnail","hentry","category-arte-cultura","category-region","tag-artes","tag-consejo","tag-culturas","tag-parte","tag-patrimonio","tag-regional","tag-seremi"],"_links":{"self":[{"href":"https:\/\/antofapop.cl\/index.php\/wp-json\/wp\/v2\/posts\/12888"}],"collection":[{"href":"https:\/\/antofapop.cl\/index.php\/wp-json\/wp\/v2\/posts"}],"about":[{"href":"https:\/\/antofapop.cl\/index.php\/wp-json\/wp\/v2\/types\/post"}],"author":[{"embeddable":true,"href":"https:\/\/antofapop.cl\/index.php\/wp-json\/wp\/v2\/users\/1"}],"replies":[{"embeddable":true,"href":"https:\/\/antofapop.cl\/index.php\/wp-json\/wp\/v2\/comments?post=12888"}],"version-history":[{"count":1,"href":"https:\/\/antofapop.cl\/index.php\/wp-json\/wp\/v2\/posts\/12888\/revisions"}],"predecessor-version":[{"id":12890,"href":"https:\/\/antofapop.cl\/index.php\/wp-json\/wp\/v2\/posts\/12888\/revisions\/12890"}],"wp:featuredmedia":[{"embeddable":true,"href":"https:\/\/antofapop.cl\/index.php\/wp-json\/wp\/v2\/media\/12889"}],"wp:attachment":[{"href":"https:\/\/antofapop.cl\/index.php\/wp-json\/wp\/v2\/media?parent=12888"}],"wp:term":[{"taxonomy":"category","embeddable":true,"href":"https:\/\/antofapop.cl\/index.php\/wp-json\/wp\/v2\/categories?post=12888"},{"taxonomy":"post_tag","embeddable":true,"href":"https:\/\/antofapop.cl\/index.php\/wp-json\/wp\/v2\/tags?post=12888"}],"curies":[{"name":"wp","href":"https:\/\/api.w.org\/{rel}","templated":true}]}}