{"id":13111,"date":"2023-07-26T17:04:25","date_gmt":"2023-07-26T14:04:25","guid":{"rendered":"https:\/\/antofapop.cl\/?p=13111"},"modified":"2023-07-26T17:04:26","modified_gmt":"2023-07-26T14:04:26","slug":"inicia-el-xii-festival-nacional-de-teatro-de-invierno","status":"publish","type":"post","link":"https:\/\/antofapop.cl\/index.php\/2023\/07\/26\/inicia-el-xii-festival-nacional-de-teatro-de-invierno\/","title":{"rendered":"Inicia el XII Festival Nacional de Teatro de Invierno"},"content":{"rendered":"<div class='booster-block booster-read-block'>\n                <div class=\"twp-read-time\">\n                \t<i class=\"booster-icon twp-clock\"><\/i> <span>Tiempo de Lectura:<\/span>1 Minutos, 45 Segundos                <\/div>\n\n            <\/div>\n<p><strong><em>Ser\u00e1n 6 jornadas de teatro gratuito, con cinco montajes provenientes de distintos puntos de Chile, m\u00e1s un estreno local con obra inspirada en Cobreloa.&nbsp;<\/em><\/strong><\/p>\n\n\n\n<p>Desde este martes 25 al 30 de julio, Calama nuevamente ser\u00e1 vivir\u00e1 uno de los encuentros de las artes esc\u00e9nicas m\u00e1s importantes de Chile, esto con la realizaci\u00f3n de la d\u00e9cima segunda versi\u00f3n del Festival de Teatro de Invierno de Calama, certamen que organiza la Ilustre Municipalidad de Calama a trav\u00e9s de su Corporaci\u00f3n de Cultura y Turismo, el cual es gratuito y re\u00fane en el principal escenario de la comuna a compa\u00f1\u00edas provenientes de distintas partes del pa\u00eds.&nbsp;<\/p>\n\n\n\n<p>Este evento, orientado de manera exclusiva para mayores de 14 a\u00f1os, tendr\u00e1 en esta versi\u00f3n 2023, a cinco compa\u00f1\u00edas teatrales que competir\u00e1n por el Lickan \u2013 la estatuilla del Festival \u2013 y las menciones de Mejor Montaje, Mejor Actor o Actriz, y el Premio del P\u00fablico.&nbsp;<\/p>\n\n\n\n<p>La primera obra en competencia, ser\u00e1 la de este martes 25, a cargo del Departamento de Teatro de la Universidad de Chile, denominada \u201cLos que van quedando en el camino\u201d, una historia escrita por Isidora Aguirre en 1969, que narra la historia de Lorenza Uribe, su familia y los campesinos y campesinas del sur de Chile, que en 1934 fueron v\u00edctimas de la \u201cMatanza de Ramquil\u201d. \u00c9ste es un relato s\u00f3lido, que grafica la represi\u00f3n a cientos de inquilinos por la defensa de sus tierras. El montaje hace una exposici\u00f3n cr\u00edtica a la normalizaci\u00f3n del silencio en hechos de abuso a trav\u00e9s de la actuaci\u00f3n de un nutrido elenco.<\/p>\n\n\n\n<p>Para el mi\u00e9rcoles 27 en tanto, se presentar\u00e1 \u201cMemorias Desenterradas\u201d de Producci\u00f3n Esp\u00e9cimen, un proyecto art\u00edstico-social que pretende generar una conciencia esc\u00e9nica rememorando el aluvi\u00f3n ocurrido en 1991 en Antofagasta, a trav\u00e9s de la historia de sus habitantes que vieron truncadas sus vidas por la fuerza de la naturaleza. Por medio de diferentes din\u00e1micas, esta obra permite reflexionar acerca de estas cat\u00e1strofes naturales que ocurren en nuestro pa\u00eds.La programaci\u00f3n completa del festival, se encuentra disponible en <a href=\"http:\/\/www.calamacultural.cl\/fentic2023\">www.calamacultural.cl\/fentic2023<\/a>. Las funciones inician cada jornada a las 18:30 horas.<\/p>\n","protected":false},"excerpt":{"rendered":"<p>Ser\u00e1n 6 jornadas de teatro gratuito, con cinco montajes provenientes de distintos puntos de Chile, m\u00e1s un estreno local con obra inspirada en Cobreloa.&nbsp; Desde este martes 25 al 30&hellip;<\/p>\n","protected":false},"author":1,"featured_media":13112,"comment_status":"closed","ping_status":"closed","sticky":false,"template":"","format":"standard","meta":{"_monsterinsights_skip_tracking":false,"_monsterinsights_sitenote_active":false,"_monsterinsights_sitenote_note":"","_monsterinsights_sitenote_category":0,"footnotes":""},"categories":[2221,123],"tags":[2222,138,292,125],"class_list":["post-13111","post","type-post","status-publish","format-standard","has-post-thumbnail","hentry","category-calama","category-cine-tv-y-teatro","tag-calama","tag-festival","tag-nacional","tag-teatro"],"_links":{"self":[{"href":"https:\/\/antofapop.cl\/index.php\/wp-json\/wp\/v2\/posts\/13111"}],"collection":[{"href":"https:\/\/antofapop.cl\/index.php\/wp-json\/wp\/v2\/posts"}],"about":[{"href":"https:\/\/antofapop.cl\/index.php\/wp-json\/wp\/v2\/types\/post"}],"author":[{"embeddable":true,"href":"https:\/\/antofapop.cl\/index.php\/wp-json\/wp\/v2\/users\/1"}],"replies":[{"embeddable":true,"href":"https:\/\/antofapop.cl\/index.php\/wp-json\/wp\/v2\/comments?post=13111"}],"version-history":[{"count":1,"href":"https:\/\/antofapop.cl\/index.php\/wp-json\/wp\/v2\/posts\/13111\/revisions"}],"predecessor-version":[{"id":13113,"href":"https:\/\/antofapop.cl\/index.php\/wp-json\/wp\/v2\/posts\/13111\/revisions\/13113"}],"wp:featuredmedia":[{"embeddable":true,"href":"https:\/\/antofapop.cl\/index.php\/wp-json\/wp\/v2\/media\/13112"}],"wp:attachment":[{"href":"https:\/\/antofapop.cl\/index.php\/wp-json\/wp\/v2\/media?parent=13111"}],"wp:term":[{"taxonomy":"category","embeddable":true,"href":"https:\/\/antofapop.cl\/index.php\/wp-json\/wp\/v2\/categories?post=13111"},{"taxonomy":"post_tag","embeddable":true,"href":"https:\/\/antofapop.cl\/index.php\/wp-json\/wp\/v2\/tags?post=13111"}],"curies":[{"name":"wp","href":"https:\/\/api.w.org\/{rel}","templated":true}]}}