{"id":13193,"date":"2023-08-03T16:05:49","date_gmt":"2023-08-03T13:05:49","guid":{"rendered":"https:\/\/antofapop.cl\/?p=13193"},"modified":"2023-08-03T16:05:49","modified_gmt":"2023-08-03T13:05:49","slug":"revista-ckuri-artes-culturas-patrimonio-publica-su-15a-edicion-en-formato-digital","status":"publish","type":"post","link":"https:\/\/antofapop.cl\/index.php\/2023\/08\/03\/revista-ckuri-artes-culturas-patrimonio-publica-su-15a-edicion-en-formato-digital\/","title":{"rendered":"Revista Ckuri: Artes \/ Culturas \/ Patrimonio, publica su 15\u00aa edici\u00f3n en formato digital"},"content":{"rendered":"<div class='booster-block booster-read-block'>\n                <div class=\"twp-read-time\">\n                \t<i class=\"booster-icon twp-clock\"><\/i> <span>Tiempo de Lectura:<\/span>2 Minutos, 8 Segundos                <\/div>\n\n            <\/div>\n<p>La edici\u00f3n N\u00b0 15 de Revista Ckuri: Culturas, Artes y Patrimonio, engalana sus vi\u00f1etas con los colores y memorias de un territorio diverso y fascinante, que reconoce en la trayectoria y obra del pintor, profesor, acad\u00e9mico y maestro de maestros,&nbsp;<strong>Waldo Valenzuela Maturana<\/strong>, un referente reconocido y admirado por sus pares y la comunidad en general. Su pintura inspirada en los paisajes del norte, en el misterio de la mujer y en la figura de Cristo, ha definido un legado que debe ser difundido y visibilizado para futuras generaciones de artistas, gestores y cultores.<\/p>\n\n\n\n<p>El profundo oc\u00e9ano y la tragedia del mercante \u201cMar\u00eda Elisabeth\u201d son revisitados por el realizador antofagastino&nbsp;<strong>Flavio Mu\u00f1oz<\/strong>, cuyo arte audiovisual se ha puesto al servicio de la puesta en valor de nuestra memoria, develando a trav\u00e9s de la arqueolog\u00eda submarina los misterios que celosamente resguarda el fondo marino de Antofagasta. Por su parte, el astrofot\u00f3grafo aficionado y pintor&nbsp;<strong>Pablo Fuentes D\u00edaz<\/strong>&nbsp;se mueve entre la pedagog\u00eda y su consulta profesional de sic\u00f3logo, lo cual no lo inhibe de sacar su c\u00e1mara y capturar los cielos y paisajes del norte, y si no est\u00e1 en ello, est\u00e1 en su balc\u00f3n dando vida y colores a un lienzo.<\/p>\n\n\n\n<p>La Provincia del Loa se hace presente con dos exponentes que han cultivado la tradici\u00f3n, la creatividad y el relato con sentido. Nos referimos a la fot\u00f3grafa calame\u00f1a&nbsp;<strong>Macarena Montenegro Miranda<\/strong>, que en su permanente b\u00fasqueda dio vida a&nbsp;<strong>\u201cMarcas Indelebles\u201d<\/strong>, un proyecto que asegura apenas reci\u00e9n comienza. Desde San Pedro de Atacama, presentamos a la dise\u00f1adora&nbsp;<strong>Vesna Rojas<\/strong>, quien con m\u00e1s de 15 a\u00f1os viviendo en San Pedro de Atacama, encontr\u00f3 inspiraci\u00f3n en la cultura y la vastedad de la naturaleza que la rodea. A punta de hiladas, ha logrado resignificar un oficio ancestral a partir de su experiencia de habitar este lugar \u00fanico.<\/p>\n\n\n\n<p>Disfruten de nuestra nueva entrega, inspirada, gestada y dise\u00f1ada en el m\u00e1s profundo sentido de pertenencia y amor por nuestro hogar: el desierto de Atacama.<\/p>\n\n\n\n<p><strong>Disfruten y atesoren la edici\u00f3n N\u00b0 15 de Revista Ckuri: Artes, Cultura y Patrimonio<\/strong>.<\/p>\n\n\n\n<p><strong>Sumate a nuestro Fanpage:<\/strong><a rel=\"noreferrer noopener\" href=\"https:\/\/www.facebook.com\/revistackuri\" target=\"_blank\">https:\/\/www.facebook.com\/revistackuri<\/a><strong>Siguenos en Instagram<\/strong>: @RevistaCkuri<strong>Escribenos a:\u00a0<\/strong><a rel=\"noreferrer noopener\" href=\"mailto:corporacion.cultural.amauta@gmail.com\" target=\"_blank\">corporacion.cultural.amauta@gmail.com<\/a><\/p>\n\n\n\n<p>Nuestro principal\u00a0objetivo es visibilizar lo mejor de lo nuestro, a trav\u00e9s de las diferentes expresiones culturales,creaciones art\u00edsticas y puestas en valor de nuestro patrimonio regional.\u00a0<strong>Es por ello, que nuestras vi\u00f1etas est\u00e1n a disposici\u00f3n de nuestros gestores, artistas, cultores e investigadores, a fin de apoyar la difusi\u00f3n de sus obras, gestiones e investigaciones.<\/strong><\/p>\n","protected":false},"excerpt":{"rendered":"<p>La edici\u00f3n N\u00b0 15 de Revista Ckuri: Culturas, Artes y Patrimonio, engalana sus vi\u00f1etas con los colores y memorias de un territorio diverso y fascinante, que reconoce en la trayectoria&hellip;<\/p>\n","protected":false},"author":1,"featured_media":13194,"comment_status":"closed","ping_status":"closed","sticky":false,"template":"","format":"standard","meta":{"_monsterinsights_skip_tracking":false,"_monsterinsights_sitenote_active":false,"_monsterinsights_sitenote_note":"","_monsterinsights_sitenote_category":0,"footnotes":""},"categories":[197,2405],"tags":[235,230,234,221,201,202,193,229],"class_list":["post-13193","post","type-post","status-publish","format-standard","has-post-thumbnail","hentry","category-libros","category-region","tag-artes","tag-ckuri","tag-cultura","tag-digital","tag-edicion","tag-formato","tag-patrimonio","tag-revista"],"_links":{"self":[{"href":"https:\/\/antofapop.cl\/index.php\/wp-json\/wp\/v2\/posts\/13193"}],"collection":[{"href":"https:\/\/antofapop.cl\/index.php\/wp-json\/wp\/v2\/posts"}],"about":[{"href":"https:\/\/antofapop.cl\/index.php\/wp-json\/wp\/v2\/types\/post"}],"author":[{"embeddable":true,"href":"https:\/\/antofapop.cl\/index.php\/wp-json\/wp\/v2\/users\/1"}],"replies":[{"embeddable":true,"href":"https:\/\/antofapop.cl\/index.php\/wp-json\/wp\/v2\/comments?post=13193"}],"version-history":[{"count":1,"href":"https:\/\/antofapop.cl\/index.php\/wp-json\/wp\/v2\/posts\/13193\/revisions"}],"predecessor-version":[{"id":13195,"href":"https:\/\/antofapop.cl\/index.php\/wp-json\/wp\/v2\/posts\/13193\/revisions\/13195"}],"wp:featuredmedia":[{"embeddable":true,"href":"https:\/\/antofapop.cl\/index.php\/wp-json\/wp\/v2\/media\/13194"}],"wp:attachment":[{"href":"https:\/\/antofapop.cl\/index.php\/wp-json\/wp\/v2\/media?parent=13193"}],"wp:term":[{"taxonomy":"category","embeddable":true,"href":"https:\/\/antofapop.cl\/index.php\/wp-json\/wp\/v2\/categories?post=13193"},{"taxonomy":"post_tag","embeddable":true,"href":"https:\/\/antofapop.cl\/index.php\/wp-json\/wp\/v2\/tags?post=13193"}],"curies":[{"name":"wp","href":"https:\/\/api.w.org\/{rel}","templated":true}]}}