{"id":13291,"date":"2023-08-11T22:35:15","date_gmt":"2023-08-11T19:35:15","guid":{"rendered":"https:\/\/antofapop.cl\/?p=13291"},"modified":"2023-08-11T22:36:26","modified_gmt":"2023-08-11T19:36:26","slug":"tea-un-desafio-para-todos-seminario-de-educacion-inicial-aia","status":"publish","type":"post","link":"https:\/\/antofapop.cl\/index.php\/2023\/08\/11\/tea-un-desafio-para-todos-seminario-de-educacion-inicial-aia\/","title":{"rendered":"<strong>TEA, un desaf\u00edo para todos seminario de educaci\u00f3n inicial AIA<\/strong>"},"content":{"rendered":"<div class='booster-block booster-read-block'>\n                <div class=\"twp-read-time\">\n                \t<i class=\"booster-icon twp-clock\"><\/i> <span>Tiempo de Lectura:<\/span>2 Minutos, 50 Segundos                <\/div>\n\n            <\/div>\n<p><strong><em>M\u00e1s de 500 participantes aprendieron t\u00e9cnicas de educaci\u00f3n y contenci\u00f3n, para ni\u00f1os TEA.<\/em><\/strong><\/p>\n\n\n\n<p>Particularidades en la comunicaci\u00f3n y la interacci\u00f3n social, que implican otras formas de percibir, pensar, sentir y de expresar fortalezas y retos, son algunas de las caracter\u00edsticas que los especialistas han asociado a las personas con Trastorno del Espectro Autista, TEA, condici\u00f3n neurobiol\u00f3gica del desarrollo que se manifiesta en la ni\u00f1ez.<\/p>\n\n\n\n<p>En los \u00faltimos a\u00f1os, esta materia se ha conversado fuertemente en los establecimientos educacionales del pa\u00eds y en el n\u00facleo de las familias, dado el aumento de su detecci\u00f3n; a inicios de marzo pasado fue promulgada la denominada Ley TEA, que vela, promueve y protege los derechos de las personas del espectro autista.&nbsp;<\/p>\n\n\n\n<p>Entonces, \u00bfc\u00f3mo desarrollamos herramientas de formaci\u00f3n, contenci\u00f3n y educaci\u00f3n para apoyar a estos ni\u00f1os y ni\u00f1as?<\/p>\n\n\n\n<p>Para sumar a este conocimiento, el Seminario de Educaci\u00f3n Inicial, realizado por la Asociaci\u00f3n de Industriales de Antofagasta en el marco del Mes de la Miner\u00eda 2023, tuvo como eje central el TEA, enfatizando en la detecci\u00f3n temprana y en estrategias de educaci\u00f3n inclusiva, para entregar una visi\u00f3n integral de c\u00f3mo abordarlo en la educaci\u00f3n inicial.&nbsp;<\/p>\n\n\n\n<p>Asimismo, socializar las vivencias en primera persona que comparti\u00f3 con los asistentes, un activista diagnosticado con TEA.&nbsp;<\/p>\n\n\n\n<p><em>\u201cEl fortalecimiento de t\u00e9cnicas que potencien el desarrollo de ni\u00f1os y ni\u00f1as que viven con esta condici\u00f3n, nos mueve para fomentar un mundo y sociedad m\u00e1s inclusivos, m\u00e1s respetuosos, con igualdad, en el que todos podemos tener la oportunidad de desarrollarnos con nuestras particularidades\u201d<\/em>, destac\u00f3 Marko Razmilic, Presidente de AIA.<\/p>\n\n\n\n<p><strong>Un desaf\u00edo para todos<\/strong><\/p>\n\n\n\n<p>La jornada cont\u00f3 con las ponencias de Denisse Bonnefoy, Relatora de Educaci\u00f3n Especial de la Fundaci\u00f3n EduChile; de Marjorie Lara, Directora de Comunidades Inclusivas de Fundaci\u00f3n Mis Talentos y finalista del Global Teacher Prize Chile a\u00f1o 2020; y Diego Infante, activista e influencer del TEA, quien fue diagnosticado con esta condici\u00f3n a los 25 a\u00f1os y, tras lo cual, se dedic\u00f3 a promover los derechos de las personas como \u00e9l.<\/p>\n\n\n\n<p><em>\u201cPoder compartir mi experiencia de vida con otras personas y padres de ni\u00f1os TEA, me llena de alegr\u00eda porque juntos podemos esclarecer mitos respecto a esta condici\u00f3n, y ayudarles a avanzar en la vida con seguridad\u201d<\/em>, destac\u00f3 Diego Infante.<\/p>\n\n\n\n<p>El seminario se erigi\u00f3 como un espacio de di\u00e1logo abierto y colaborativo, que convoc\u00f3 a la comunidad para aprender, conversar, compartir vivencias y pr\u00e1cticas efectivas respecto del TEA. La diversidad de perspectivas presentes en el evento enriqueci\u00f3 la discusi\u00f3n y permiti\u00f3 trabajar por el bienestar de aquellos que viven con TEA.<\/p>\n\n\n\n<p><em>\u201cEl trabajo con las personas TEA no termina en la infancia, j\u00f3venes y adultos tambi\u00e9n presentan esta condici\u00f3n, y es deber de todos avanzar juntos en la entrega de herramientas y oportunidades para su desarrollo\u201d<\/em>, asegur\u00f3 Alberto Santander, SEREMI de Educaci\u00f3n.<\/p>\n\n\n\n<p><em>\u201cEsta fue una instancia enriquecedora para las educadoras, padres y madres que quieren saber m\u00e1s de TEA, y c\u00f3mo podemos afrontarlo junto a los hijos\u201d<\/em>, coment\u00f3 Ana Rementeria, Presidenta Fundaci\u00f3n Hadas Cuidadoras de Antofagasta.<\/p>\n\n\n\n<p><em>\u201cMe sent\u00ed muy representado al ser una persona con TEA, a\u00fan queda mucho por aprender y siempre son necesarias estas instancias; Antofagasta debe ser una regi\u00f3n m\u00e1s inclusiva\u201d<\/em>, agreg\u00f3 Jes\u00fas Arando, Gestor de ventas El Mercurio de Antofagasta.<\/p>\n\n\n\n<p><em>\u201cNos sentimos agradecidos, como agrupaci\u00f3n, de haber participado en una actividad de este nivel, abierta a la comunidad, para aprender entre todos sobre el TEA\u201d<\/em>, destac\u00f3 Katherine Leyton, Presidenta Colectivo Neurodiversas.<\/p>\n","protected":false},"excerpt":{"rendered":"<p>M\u00e1s de 500 participantes aprendieron t\u00e9cnicas de educaci\u00f3n y contenci\u00f3n, para ni\u00f1os TEA. Particularidades en la comunicaci\u00f3n y la interacci\u00f3n social, que implican otras formas de percibir, pensar, sentir y&hellip;<\/p>\n","protected":false},"author":1,"featured_media":13293,"comment_status":"closed","ping_status":"closed","sticky":false,"template":"","format":"standard","meta":{"_monsterinsights_skip_tracking":false,"_monsterinsights_sitenote_active":false,"_monsterinsights_sitenote_note":"","_monsterinsights_sitenote_category":0,"footnotes":""},"categories":[2,5474],"tags":[1794,237,472,3462,432,911,907],"class_list":["post-13291","post","type-post","status-publish","format-standard","has-post-thumbnail","hentry","category-antofagasta","category-educacion","tag-aia","tag-desafio","tag-educacion","tag-inicial","tag-seminario","tag-tea","tag-todos"],"_links":{"self":[{"href":"https:\/\/antofapop.cl\/index.php\/wp-json\/wp\/v2\/posts\/13291"}],"collection":[{"href":"https:\/\/antofapop.cl\/index.php\/wp-json\/wp\/v2\/posts"}],"about":[{"href":"https:\/\/antofapop.cl\/index.php\/wp-json\/wp\/v2\/types\/post"}],"author":[{"embeddable":true,"href":"https:\/\/antofapop.cl\/index.php\/wp-json\/wp\/v2\/users\/1"}],"replies":[{"embeddable":true,"href":"https:\/\/antofapop.cl\/index.php\/wp-json\/wp\/v2\/comments?post=13291"}],"version-history":[{"count":1,"href":"https:\/\/antofapop.cl\/index.php\/wp-json\/wp\/v2\/posts\/13291\/revisions"}],"predecessor-version":[{"id":13292,"href":"https:\/\/antofapop.cl\/index.php\/wp-json\/wp\/v2\/posts\/13291\/revisions\/13292"}],"wp:featuredmedia":[{"embeddable":true,"href":"https:\/\/antofapop.cl\/index.php\/wp-json\/wp\/v2\/media\/13293"}],"wp:attachment":[{"href":"https:\/\/antofapop.cl\/index.php\/wp-json\/wp\/v2\/media?parent=13291"}],"wp:term":[{"taxonomy":"category","embeddable":true,"href":"https:\/\/antofapop.cl\/index.php\/wp-json\/wp\/v2\/categories?post=13291"},{"taxonomy":"post_tag","embeddable":true,"href":"https:\/\/antofapop.cl\/index.php\/wp-json\/wp\/v2\/tags?post=13291"}],"curies":[{"name":"wp","href":"https:\/\/api.w.org\/{rel}","templated":true}]}}