{"id":13297,"date":"2023-08-18T18:50:51","date_gmt":"2023-08-18T15:50:51","guid":{"rendered":"https:\/\/antofapop.cl\/?p=13297"},"modified":"2023-08-18T18:51:40","modified_gmt":"2023-08-18T15:51:40","slug":"cristobal-gacitua-canta-a-su-abuelo-en-julio-su-nuevo-y-nostalgico-sencillo","status":"publish","type":"post","link":"https:\/\/antofapop.cl\/index.php\/2023\/08\/18\/cristobal-gacitua-canta-a-su-abuelo-en-julio-su-nuevo-y-nostalgico-sencillo\/","title":{"rendered":"Crist\u00f3bal Gacit\u00faa canta a su abuelo en &#8220;Julio&#8221;, su nuevo y nost\u00e1lgico sencillo"},"content":{"rendered":"<div class='booster-block booster-read-block'>\n                <div class=\"twp-read-time\">\n                \t<i class=\"booster-icon twp-clock\"><\/i> <span>Tiempo de Lectura:<\/span>1 Minutos, 56 Segundos                <\/div>\n\n            <\/div>\n<h5 class=\"wp-block-heading\"><strong><em>Dedicada a su abuelo y con sonido indie pop-rock, Crist\u00f3bal Gacit\u00faa estrena &#8220;Julio&#8221; una sentida canci\u00f3n para homenajear la historia de su familia,&nbsp;y que ya est\u00e1 disponible en todas las plataformas.&nbsp;<\/em><\/strong><\/h5>\n\n\n\n<p>Con un lado A y un lado B,\u00a0<strong>Crist\u00f3bal Gacit\u00faa<\/strong>\u00a0estrena &#8220;<strong>Julio<\/strong>&#8221; y &#8220;<strong>Por el monte bajan<\/strong>&#8221; dos canciones que recuerdan a su abuelo. La primera es una composici\u00f3n original del artista donde recuerda la historia de vida de su ser querido, y la segunda una reinterpretaci\u00f3n de una pieza musical que su abuelo sol\u00eda cantar.<br><br>En la letra de &#8220;<strong>Julio<\/strong>&#8220;, Crist\u00f3bal relata la vida de su abuelo, la etapa en la que vivi\u00f3 en la calle, cuando form\u00f3 una familia y vend\u00eda carb\u00f3n a sus vecinos, hasta que se transform\u00f3 en ac\u00f3lito y fund\u00f3 una parroquia. Mientras que el lado B &#8220;<strong>Por el monte bajan<\/strong>&#8221; es una canci\u00f3n popular que su abuelo cantaba a sus hijos y nietos, pero que nunca ha encontrado su origen y que solo su familia conoce.<\/p>\n\n\n\n<p>&#8220;Ambas rinden homenaje a mi abuelo, una persona que fue muy importante en mi vida pese a que \u00e9l falleci\u00f3 cuando yo ten\u00eda 5 a\u00f1os. Fue una figura fundamental y muy querida en Temuco, lider\u00f3 el movimiento de personas sin hogar y fund\u00f3 la parroquia &#8216;San Juan Bautista&#8217;. Siempre recuerdo su funeral, no cab\u00eda gente en la iglesia y el cementerio estaba repleto&#8221;, comenta Crist\u00f3bal sobre la historia de la canci\u00f3n.<\/p>\n\n\n\n<p>Esta nostalgia de recordar a un ser querido es acompa\u00f1ada por guitarras el\u00e9ctricas, que f\u00e1cilmente encaja en la etiqueta de &#8220;<strong>Rock Chileno<\/strong>&#8220;. Fue grabada y producida en casa y cuenta con la ejecuci\u00f3n instrumental de Tom\u00e1s Arce, Diego Ram\u00edrez y Felipe Contreras. El m\u00e1ster estuvo a cargo de Francisco Holzmann y el arte de la portada es una fotograf\u00eda antigua donde su abuelo lo sostiene en sus brazos cuando era ni\u00f1o.<\/p>\n\n\n\n<p>&#8220;<strong>Julio<\/strong>&#8221; es uno de los varios singles que Crist\u00f3bal Gacit\u00faa ha estrenado en 2023 en camino al lanzamiento de su disco de larga duraci\u00f3n. Y que adem\u00e1s, acompa\u00f1a su gira por Buenos Aires donde grabar\u00e1 v\u00eddeos promocionales en los estudios Romaphonic y Un\u00edsono de Gustavo Cerati, y se presentar\u00e1 en vivo el 10 de agosto en Mackena Club y el 12 de agosto en un lugar por confirmar.<\/p>\n\n\n\n<figure class=\"wp-block-embed is-type-rich is-provider-spotify wp-block-embed-spotify wp-embed-aspect-21-9 wp-has-aspect-ratio\"><div class=\"wp-block-embed__wrapper\">\n<iframe title=\"Spotify Embed: Julio\" style=\"border-radius: 12px\" width=\"100%\" height=\"352\" frameborder=\"0\" allowfullscreen allow=\"autoplay; clipboard-write; encrypted-media; fullscreen; picture-in-picture\" loading=\"lazy\" src=\"https:\/\/open.spotify.com\/embed\/album\/66iLE5lKVprA3Umr1ZiS2o?utm_source=oembed\"><\/iframe>\n<\/div><\/figure>\n","protected":false},"excerpt":{"rendered":"<p>Dedicada a su abuelo y con sonido indie pop-rock, Crist\u00f3bal Gacit\u00faa estrena &#8220;Julio&#8221; una sentida canci\u00f3n para homenajear la historia de su familia,&nbsp;y que ya est\u00e1 disponible en todas las&hellip;<\/p>\n","protected":false},"author":1,"featured_media":13298,"comment_status":"closed","ping_status":"closed","sticky":false,"template":"","format":"standard","meta":{"_monsterinsights_skip_tracking":false,"_monsterinsights_sitenote_active":false,"_monsterinsights_sitenote_note":"","_monsterinsights_sitenote_category":0,"footnotes":""},"categories":[3],"tags":[5937,1549,7561,7562,1466,4039,252,84],"class_list":["post-13297","post","type-post","status-publish","format-standard","has-post-thumbnail","hentry","category-musica-chilena","tag-abuelo","tag-canta","tag-cristobal","tag-gacitua","tag-julio","tag-nostalgico","tag-nuevo","tag-sencillo"],"_links":{"self":[{"href":"https:\/\/antofapop.cl\/index.php\/wp-json\/wp\/v2\/posts\/13297"}],"collection":[{"href":"https:\/\/antofapop.cl\/index.php\/wp-json\/wp\/v2\/posts"}],"about":[{"href":"https:\/\/antofapop.cl\/index.php\/wp-json\/wp\/v2\/types\/post"}],"author":[{"embeddable":true,"href":"https:\/\/antofapop.cl\/index.php\/wp-json\/wp\/v2\/users\/1"}],"replies":[{"embeddable":true,"href":"https:\/\/antofapop.cl\/index.php\/wp-json\/wp\/v2\/comments?post=13297"}],"version-history":[{"count":2,"href":"https:\/\/antofapop.cl\/index.php\/wp-json\/wp\/v2\/posts\/13297\/revisions"}],"predecessor-version":[{"id":13300,"href":"https:\/\/antofapop.cl\/index.php\/wp-json\/wp\/v2\/posts\/13297\/revisions\/13300"}],"wp:featuredmedia":[{"embeddable":true,"href":"https:\/\/antofapop.cl\/index.php\/wp-json\/wp\/v2\/media\/13298"}],"wp:attachment":[{"href":"https:\/\/antofapop.cl\/index.php\/wp-json\/wp\/v2\/media?parent=13297"}],"wp:term":[{"taxonomy":"category","embeddable":true,"href":"https:\/\/antofapop.cl\/index.php\/wp-json\/wp\/v2\/categories?post=13297"},{"taxonomy":"post_tag","embeddable":true,"href":"https:\/\/antofapop.cl\/index.php\/wp-json\/wp\/v2\/tags?post=13297"}],"curies":[{"name":"wp","href":"https:\/\/api.w.org\/{rel}","templated":true}]}}