{"id":13322,"date":"2023-08-18T22:16:22","date_gmt":"2023-08-18T19:16:22","guid":{"rendered":"https:\/\/antofapop.cl\/?p=13322"},"modified":"2023-08-18T22:16:23","modified_gmt":"2023-08-18T19:16:23","slug":"con-musical-los-madrigal-continuan-la-celebracion-del-mes-de-la-familia","status":"publish","type":"post","link":"https:\/\/antofapop.cl\/index.php\/2023\/08\/18\/con-musical-los-madrigal-continuan-la-celebracion-del-mes-de-la-familia\/","title":{"rendered":"<strong>Con Musical \u201cLos Madrigal\u201d contin\u00faan la celebraci\u00f3n del Mes de la Familia<\/strong>"},"content":{"rendered":"<div class='booster-block booster-read-block'>\n                <div class=\"twp-read-time\">\n                \t<i class=\"booster-icon twp-clock\"><\/i> <span>Tiempo de Lectura:<\/span>1 Minutos, 49 Segundos                <\/div>\n\n            <\/div>\n<p><strong><em>Municipio y Corporaci\u00f3n Cultural realizar\u00e1n dos funciones gratuitas de este \u00e9xito de Disney, dedicadas a los ni\u00f1os y ni\u00f1as de la comuna.&nbsp;<\/em><\/strong><\/p>\n\n\n\n<p>Este pr\u00f3ximo lunes 21 de agosto, y continuando con la programaci\u00f3n que la Ilustre Municipalidad de Calama a trav\u00e9s de su Corporaci\u00f3n de Cultura y Turismo han preparado para el mes de agosto con motivo del Mes de la Familia \u2013 y enmarcado en la celebraci\u00f3n del D\u00eda de los Ni\u00f1os y Ni\u00f1as -, se presentar\u00e1 el Musical \u201cLos Madrigal\u201d, basado en la pel\u00edcula \u201cEncanto\u201d de Disney.&nbsp;<\/p>\n\n\n\n<p>Ser\u00e1n en total dos funciones a desarrollarse en el Estadio Techado, la primera dirigida a establecimientos municipales y particulares de la comuna, mientras que la segunda a las 17:30 horas, abierta a todo p\u00fablico, un espacio de entretenci\u00f3n para toda la familia, quienes podr\u00e1n disfrutar de este espect\u00e1culo que ya ha cautivado en distintos puntos del pa\u00eds, teniendo incluso sus \u00faltimas presentaciones \u2013 previo a su arribo a Calama \u2013 en la Isla de Pascua.<\/p>\n\n\n\n<p>Edwin Alavia Ticona, Director Ejecutivo de la Corporaci\u00f3n de Cultura y Turismo, extendi\u00f3 en nombre del alcalde de la comuna, Eliecer Chamorro Vargas, la invitaci\u00f3n para que la comunidad se sume a esta propuesta, la que \u201ces un musical ya conocido, y estamos haciendo todos los esfuerzos para que esta actividad llegue a toda la comunidad. Esperamos que puedan disfrutar este momento importante, continuando con lo que es nuestra programaci\u00f3n del Mes de la Familia\u201d.&nbsp;<\/p>\n\n\n\n<p><strong>Sobre la adaptaci\u00f3n del Musical&nbsp;<\/strong><\/p>\n\n\n\n<p>Los Madrigal, es una adaptaci\u00f3n de la pel\u00edcula Encanto\u201d, una de las \u00faltimas animaciones de Disney que lleva al p\u00fablico a un mundo colorido y encantado del realismo m\u00e1gico colombiano, presentando a la familia Madrigal, a quienes se les han otorgado dones extraordinarios excepto un miembro, nuestra hero\u00edna, Mirabel, quien a\u00fan tiene que descubrir su propia magia.<\/p>\n\n\n\n<p>El don y encanto de la protagonista, radica en su nacionalidad, con ello se env\u00eda un mensaje potente de amor, inclusi\u00f3n y respeto.&nbsp;<\/p>\n\n\n\n<p>Los Madrigal, es una invitaci\u00f3n al amor, alegr\u00eda, al respeto y sobre todo a la empat\u00eda por quienes abandonan su pa\u00eds buscando una mejor vida, porque no solo dejan atr\u00e1s su territorio, sino que tambi\u00e9n sus familias.&nbsp;<\/p>\n","protected":false},"excerpt":{"rendered":"<p>Municipio y Corporaci\u00f3n Cultural realizar\u00e1n dos funciones gratuitas de este \u00e9xito de Disney, dedicadas a los ni\u00f1os y ni\u00f1as de la comuna.&nbsp; Este pr\u00f3ximo lunes 21 de agosto, y continuando&hellip;<\/p>\n","protected":false},"author":1,"featured_media":13323,"comment_status":"closed","ping_status":"closed","sticky":false,"template":"","format":"standard","meta":{"_monsterinsights_skip_tracking":false,"_monsterinsights_sitenote_active":false,"_monsterinsights_sitenote_note":"","_monsterinsights_sitenote_category":0,"footnotes":""},"categories":[2221,123],"tags":[1660,1926,8096,1073,63],"class_list":["post-13322","post","type-post","status-publish","format-standard","has-post-thumbnail","hentry","category-calama","category-cine-tv-y-teatro","tag-celebracion","tag-familia","tag-madrigal","tag-mes","tag-musical"],"_links":{"self":[{"href":"https:\/\/antofapop.cl\/index.php\/wp-json\/wp\/v2\/posts\/13322"}],"collection":[{"href":"https:\/\/antofapop.cl\/index.php\/wp-json\/wp\/v2\/posts"}],"about":[{"href":"https:\/\/antofapop.cl\/index.php\/wp-json\/wp\/v2\/types\/post"}],"author":[{"embeddable":true,"href":"https:\/\/antofapop.cl\/index.php\/wp-json\/wp\/v2\/users\/1"}],"replies":[{"embeddable":true,"href":"https:\/\/antofapop.cl\/index.php\/wp-json\/wp\/v2\/comments?post=13322"}],"version-history":[{"count":1,"href":"https:\/\/antofapop.cl\/index.php\/wp-json\/wp\/v2\/posts\/13322\/revisions"}],"predecessor-version":[{"id":13324,"href":"https:\/\/antofapop.cl\/index.php\/wp-json\/wp\/v2\/posts\/13322\/revisions\/13324"}],"wp:featuredmedia":[{"embeddable":true,"href":"https:\/\/antofapop.cl\/index.php\/wp-json\/wp\/v2\/media\/13323"}],"wp:attachment":[{"href":"https:\/\/antofapop.cl\/index.php\/wp-json\/wp\/v2\/media?parent=13322"}],"wp:term":[{"taxonomy":"category","embeddable":true,"href":"https:\/\/antofapop.cl\/index.php\/wp-json\/wp\/v2\/categories?post=13322"},{"taxonomy":"post_tag","embeddable":true,"href":"https:\/\/antofapop.cl\/index.php\/wp-json\/wp\/v2\/tags?post=13322"}],"curies":[{"name":"wp","href":"https:\/\/api.w.org\/{rel}","templated":true}]}}