{"id":13332,"date":"2023-08-18T23:03:40","date_gmt":"2023-08-18T20:03:40","guid":{"rendered":"https:\/\/antofapop.cl\/?p=13332"},"modified":"2023-08-18T23:03:41","modified_gmt":"2023-08-18T20:03:41","slug":"molie-y-monse-sembler-nos-invitan-a-abrazar-la-vulnerabilidad-con-su-nuevo-single-nadie-quiere-demostrar","status":"publish","type":"post","link":"https:\/\/antofapop.cl\/index.php\/2023\/08\/18\/molie-y-monse-sembler-nos-invitan-a-abrazar-la-vulnerabilidad-con-su-nuevo-single-nadie-quiere-demostrar\/","title":{"rendered":"Moli\u00e9 y Monse Sembler\u00a0nos\u00a0invitan a abrazar la vulnerabilidad con su nuevo single\u00a0&#8220;Nadie quiere demostrar&#8221;"},"content":{"rendered":"<div class='booster-block booster-read-block'>\n                <div class=\"twp-read-time\">\n                \t<i class=\"booster-icon twp-clock\"><\/i> <span>Tiempo de Lectura:<\/span>2 Minutos, 14 Segundos                <\/div>\n\n            <\/div>\n<p><em><strong>La canci\u00f3n\u00a0se desliza con sutileza entre las texturas sonoras\u00a0y las emociones, que nos recuerdan la importancia de abrazar la vulnerabilidad y la p\u00e9rdida como elementos fundamentales del camino humano.<\/strong><\/em><\/p>\n\n\n\n<p>En un mundo en constante movimiento y cambio, el joven cantante, compositor y productor musical&nbsp;<a href=\"https:\/\/redponchoproducciones.us19.list-manage.com\/track\/click?u=aa0d32b818369295249137137&amp;id=b7c880c4c2&amp;e=8efce6811c\" target=\"_blank\" rel=\"noreferrer noopener\"><strong>moli\u00e9<\/strong><\/a>, nos invita a un viaje introspectivo a trav\u00e9s de su m\u00e1s reciente sencillo, &#8220;<a href=\"https:\/\/redponchoproducciones.us19.list-manage.com\/track\/click?u=aa0d32b818369295249137137&amp;id=a43640df69&amp;e=8efce6811c\" target=\"_blank\" rel=\"noreferrer noopener\"><strong>nadie quiere demostrar<\/strong><\/a>&#8220;.<\/p>\n\n\n\n<p>La canci\u00f3n, que&nbsp;<strong>se desliza con sutileza entre&nbsp;texturas y emociones<\/strong>, nos recuerda la importancia de abrazar la vulnerabilidad y la p\u00e9rdida como elementos fundamentales del camino humano.<\/p>\n\n\n\n<p>&#8220;<a href=\"https:\/\/redponchoproducciones.us19.list-manage.com\/track\/click?u=aa0d32b818369295249137137&amp;id=5dc81eec10&amp;e=8efce6811c\" target=\"_blank\" rel=\"noreferrer noopener\"><strong>nadie quiere demostrar<\/strong><\/a>&#8221; marca un hito en la carrera de&nbsp;<a href=\"https:\/\/redponchoproducciones.us19.list-manage.com\/track\/click?u=aa0d32b818369295249137137&amp;id=781ed4150c&amp;e=8efce6811c\" target=\"_blank\" rel=\"noreferrer noopener\"><strong>moli\u00e9<\/strong><\/a>, siendo el segundo sencillo de su esperado \u00e1lbum producido por el reconocido&nbsp;<a href=\"https:\/\/redponchoproducciones.us19.list-manage.com\/track\/click?u=aa0d32b818369295249137137&amp;id=7478541183&amp;e=8efce6811c\" target=\"_blank\" rel=\"noreferrer noopener\"><strong>Javier Barr\u00eda<\/strong><\/a>, galardonado productor y m\u00fasico nacional.<\/p>\n\n\n\n<p>La canci\u00f3n es&nbsp;<strong>un eco resonante de experiencias pasadas<\/strong>, un reflejo de las ausencias y las luchas internas que todos enfrentamos en alg\u00fan momento de nuestras vidas. Con la participaci\u00f3n vocal de la joven artista&nbsp;<a href=\"https:\/\/redponchoproducciones.us19.list-manage.com\/track\/click?u=aa0d32b818369295249137137&amp;id=f1b0f11aef&amp;e=8efce6811c\" target=\"_blank\" rel=\"noreferrer noopener\"><strong>Monse Sembler<\/strong><\/a>, esta colaboraci\u00f3n agrega capas adicionales de profundidad y movimiento.<\/p>\n\n\n\n<p>Tras una pausa en el proceso debido a la pandemia en el a\u00f1o 2020, el artista tom\u00f3 la decisi\u00f3n de invitar a&nbsp;<a href=\"https:\/\/redponchoproducciones.us19.list-manage.com\/track\/click?u=aa0d32b818369295249137137&amp;id=b82a377404&amp;e=8efce6811c\" target=\"_blank\" rel=\"noreferrer noopener\"><strong>Monse Sembler<\/strong><\/a>&nbsp;a unirse a la canci\u00f3n,&nbsp;<strong>un giro que result\u00f3 en una elecci\u00f3n brillante<\/strong>&nbsp;y que a\u00f1ade una dimensi\u00f3n \u00fanica a la narrativa de la pieza.<\/p>\n\n\n\n<p>La producci\u00f3n de &#8220;<a href=\"https:\/\/redponchoproducciones.us19.list-manage.com\/track\/click?u=aa0d32b818369295249137137&amp;id=720dee90ed&amp;e=8efce6811c\" target=\"_blank\" rel=\"noreferrer noopener\"><strong>nadie quiere demostrar<\/strong><\/a>&#8221; es un testimonio del compromiso art\u00edstico de&nbsp;<a href=\"https:\/\/redponchoproducciones.us19.list-manage.com\/track\/click?u=aa0d32b818369295249137137&amp;id=3e406ee109&amp;e=8efce6811c\" target=\"_blank\" rel=\"noreferrer noopener\"><strong>moli\u00e9<\/strong><\/a>. El sencillo cuenta con la participaci\u00f3n de destacados m\u00fasicos, como&nbsp;<strong>\u00c1lvaro Manzanero desde Argentina<\/strong>&nbsp;en la bater\u00eda,<strong>&nbsp;Javier Barr\u00eda&nbsp;<\/strong>en el bajo, guitarras el\u00e9ctricas,&nbsp;sintetizadores y programaciones,&nbsp;moli\u00e9 en&nbsp; guitarras electro-ac\u00fasticas.<\/p>\n\n\n\n<p>La grabaci\u00f3n de voces y guitarras electro-ac\u00fasticas fue llevada a cabo por&nbsp;<strong>Alonso Nu\u00f1ez&nbsp;<\/strong>en una caba\u00f1a en medio del bosque a trav\u00e9s de&nbsp;<strong>ChilotaRecords<\/strong>. La producci\u00f3n y mezcla&nbsp; estuvieron a cargo de&nbsp;<a href=\"https:\/\/redponchoproducciones.us19.list-manage.com\/track\/click?u=aa0d32b818369295249137137&amp;id=67d4114dc4&amp;e=8efce6811c\" target=\"_blank\" rel=\"noreferrer noopener\"><strong>Javier Barr\u00eda<\/strong><\/a>&nbsp;y la masterizaci\u00f3n por&nbsp;<a href=\"https:\/\/redponchoproducciones.us19.list-manage.com\/track\/click?u=aa0d32b818369295249137137&amp;id=6d83da1a45&amp;e=8efce6811c\" target=\"_blank\" rel=\"noreferrer noopener\"><strong>Francisco Holzmann<\/strong><\/a>.<\/p>\n\n\n\n<p>&#8220;<a rel=\"noreferrer noopener\" href=\"https:\/\/redponchoproducciones.us19.list-manage.com\/track\/click?u=aa0d32b818369295249137137&amp;id=88108c3899&amp;e=8efce6811c\" target=\"_blank\"><strong>nadie quiere demostrar<\/strong><\/a>&#8221; es una invitaci\u00f3n a sumergirse en las profundidades de la autenticidad humana y al mismo tiempo\u00a0\u00a0una experiencia sonora que busca\u00a0<strong>provocar intriga, reflexi\u00f3n y transformaci\u00f3n en sus oyentes<\/strong>. Con su estilo distintivo y su enfoque art\u00edstico innovador, moli\u00e9 sigue dejando su huella en la escena musical contempor\u00e1nea.<\/p>\n\n\n\n<figure class=\"wp-block-embed is-type-video is-provider-youtube wp-block-embed-youtube wp-embed-aspect-4-3 wp-has-aspect-ratio\"><div class=\"wp-block-embed__wrapper\">\n<iframe loading=\"lazy\" title=\"nadie quiere demostrar\" width=\"500\" height=\"375\" src=\"https:\/\/www.youtube.com\/embed\/cWlkZomou_k?feature=oembed\" frameborder=\"0\" allow=\"accelerometer; autoplay; clipboard-write; encrypted-media; gyroscope; picture-in-picture; web-share\" referrerpolicy=\"strict-origin-when-cross-origin\" allowfullscreen><\/iframe>\n<\/div><figcaption class=\"wp-element-caption\"><strong>Cr\u00e9ditos de producci\u00f3n, grabaci\u00f3n y mezcla<\/strong><br><br><strong>Bater\u00eda<\/strong>: \u00c1lvaro Manzanero<br><strong>Bajo<\/strong>: Javier Barr\u00eda<br><strong>Guitarras electricas<\/strong>: Javier Barr\u00eda y moli\u00e9<br><strong>Guitarras electro-ac\u00fasticas<\/strong>: moli\u00e9<br><strong>Sintetizadores<\/strong>: Javier Barr\u00eda<br><strong>Programaciones<\/strong>: Javier Barr\u00eda<br><strong>Voz<\/strong>: Monse Sembler<br><strong>Voz<\/strong>: moli\u00e9<br><br><strong>Grabaci\u00f3n de voces y guitarras el\u00e9ctro-ac\u00fastica<\/strong>s:\u00a0Alonso Nu\u00f1ez &#8211; ChilotaRecords, en un caba\u00f1a en medio del bosque.<br><br><strong>Producci\u00f3n<\/strong>: Javier Barr\u00eda<br><strong>Mix<\/strong>: Javier Barr\u00eda<br><strong>Master<\/strong>: Francisco Holzmann<\/figcaption><\/figure>\n\n\n\n<figure class=\"wp-block-embed is-type-rich is-provider-spotify wp-block-embed-spotify wp-embed-aspect-21-9 wp-has-aspect-ratio\"><div class=\"wp-block-embed__wrapper\">\n<iframe title=\"Spotify Embed: nadie quiere demostrar\" style=\"border-radius: 12px\" width=\"100%\" height=\"152\" frameborder=\"0\" allowfullscreen allow=\"autoplay; clipboard-write; encrypted-media; fullscreen; picture-in-picture\" loading=\"lazy\" src=\"https:\/\/open.spotify.com\/embed\/track\/5llPPr4cIJNWJVrh4KJ2n2?si=2efe2421683f4108&#038;nd=1&#038;utm_source=oembed\"><\/iframe>\n<\/div><\/figure>\n","protected":false},"excerpt":{"rendered":"<p>La canci\u00f3n\u00a0se desliza con sutileza entre las texturas sonoras\u00a0y las emociones, que nos recuerdan la importancia de abrazar la vulnerabilidad y la p\u00e9rdida como elementos fundamentales del camino humano. En&hellip;<\/p>\n","protected":false},"author":1,"featured_media":13333,"comment_status":"closed","ping_status":"closed","sticky":false,"template":"","format":"standard","meta":{"_monsterinsights_skip_tracking":false,"_monsterinsights_sitenote_active":false,"_monsterinsights_sitenote_note":"","_monsterinsights_sitenote_category":0,"footnotes":""},"categories":[3],"tags":[8099,4064,49,252,4065,16,7217],"class_list":["post-13332","post","type-post","status-publish","format-standard","has-post-thumbnail","hentry","category-musica-chilena","tag-molie","tag-monse","tag-nadie","tag-nuevo","tag-sembler","tag-single","tag-vulnerabilidad"],"_links":{"self":[{"href":"https:\/\/antofapop.cl\/index.php\/wp-json\/wp\/v2\/posts\/13332"}],"collection":[{"href":"https:\/\/antofapop.cl\/index.php\/wp-json\/wp\/v2\/posts"}],"about":[{"href":"https:\/\/antofapop.cl\/index.php\/wp-json\/wp\/v2\/types\/post"}],"author":[{"embeddable":true,"href":"https:\/\/antofapop.cl\/index.php\/wp-json\/wp\/v2\/users\/1"}],"replies":[{"embeddable":true,"href":"https:\/\/antofapop.cl\/index.php\/wp-json\/wp\/v2\/comments?post=13332"}],"version-history":[{"count":1,"href":"https:\/\/antofapop.cl\/index.php\/wp-json\/wp\/v2\/posts\/13332\/revisions"}],"predecessor-version":[{"id":13334,"href":"https:\/\/antofapop.cl\/index.php\/wp-json\/wp\/v2\/posts\/13332\/revisions\/13334"}],"wp:featuredmedia":[{"embeddable":true,"href":"https:\/\/antofapop.cl\/index.php\/wp-json\/wp\/v2\/media\/13333"}],"wp:attachment":[{"href":"https:\/\/antofapop.cl\/index.php\/wp-json\/wp\/v2\/media?parent=13332"}],"wp:term":[{"taxonomy":"category","embeddable":true,"href":"https:\/\/antofapop.cl\/index.php\/wp-json\/wp\/v2\/categories?post=13332"},{"taxonomy":"post_tag","embeddable":true,"href":"https:\/\/antofapop.cl\/index.php\/wp-json\/wp\/v2\/tags?post=13332"}],"curies":[{"name":"wp","href":"https:\/\/api.w.org\/{rel}","templated":true}]}}