{"id":13335,"date":"2023-08-18T23:06:10","date_gmt":"2023-08-18T20:06:10","guid":{"rendered":"https:\/\/antofapop.cl\/?p=13335"},"modified":"2023-08-18T23:06:11","modified_gmt":"2023-08-18T20:06:11","slug":"plumas-inicia-su-nueva-etapa-hablando-sobre-el-cahuin","status":"publish","type":"post","link":"https:\/\/antofapop.cl\/index.php\/2023\/08\/18\/plumas-inicia-su-nueva-etapa-hablando-sobre-el-cahuin\/","title":{"rendered":"Plumas inicia su nueva etapa hablando sobre el \u2018Cahu\u00edn\u2019"},"content":{"rendered":"<div class='booster-block booster-read-block'>\n                <div class=\"twp-read-time\">\n                \t<i class=\"booster-icon twp-clock\"><\/i> <span>Tiempo de Lectura:<\/span>2 Minutos, 34 Segundos                <\/div>\n\n            <\/div>\n<p><strong><em>La banda nacional regresa al trabajo discogr\u00e1fico y presenta el primer single de su pr\u00f3ximo larga duraci\u00f3n que saldr\u00e1 este a\u00f1o.<\/em><\/strong><\/p>\n\n\n\n<p>Plumas inicia una nueva etapa con \u2018Cahu\u00edn\u2019, una canci\u00f3n de influencias del brit, hip-hop y un poco de salsa, este tema es parte del nuevo disco sucesor de su hom\u00f3nimo (2021) y del EP \u2018Sobre el j\u00fabilo y la pena\u2019 (2023).<\/p>\n\n\n\n<p>\u2018Cahu\u00edn\u2019 es la palabra coloquial referido al rumor, como ha sido el punto de vista social de la banda de los hermanos Zicavo, se aborda&nbsp;como una cr\u00edtica hacia el chisme y el comportamiento que se genera desde gente com\u00fan hasta los medios, siempre con el tono en\u00e9rgico que impregnan en sus canciones.<\/p>\n\n\n\n<p>\u201cHace rato estamos buscando canciones que \u2018nos muevan la patita\u2019. Es lo que m\u00e1s disfrutamos tocar, lo que m\u00e1s nos entretiene en el escenario. As\u00ed mismo tambi\u00e9n estaba la inquietud de mezclar ese mundo latino del cual venimos con el pop rock en el que estamos, juntar los lenguajes, mezclar los ritmos. En esa b\u00fasqueda nos dimos con CAHU\u00cdN y nos vol\u00f3 la cabeza cuando dimos con este resultado\u201d, comentan Camilo y Abel Zicavo.<\/p>\n\n\n\n<p>Este single es la primera producci\u00f3n hecha en su totalidad por Abel Zicavo debutando en la faceta de productor del nuevo disco de Plumas. Fue grabado en Los Lobos Records (Pichilemu) a cargo de Victoria Cordero.<\/p>\n\n\n\n<figure class=\"wp-block-embed is-type-video is-provider-youtube wp-block-embed-youtube wp-embed-aspect-16-9 wp-has-aspect-ratio\"><div class=\"wp-block-embed__wrapper\">\n<iframe loading=\"lazy\" title=\"Plumas - Cahu\u00edn (Video Oficial)\" width=\"500\" height=\"281\" src=\"https:\/\/www.youtube.com\/embed\/nVromIbiJYA?feature=oembed\" frameborder=\"0\" allow=\"accelerometer; autoplay; clipboard-write; encrypted-media; gyroscope; picture-in-picture; web-share\" referrerpolicy=\"strict-origin-when-cross-origin\" allowfullscreen><\/iframe>\n<\/div><figcaption class=\"wp-element-caption\"><strong>Cr\u00e9ditos \u2018Cahu\u00edn\u2019.<\/strong><br><br><strong>M\u00fasica y letra:<\/strong>\u00a0Abel Zicavo y Camilo Zicavo.<br><strong>Producci\u00f3n:<\/strong>\u00a0Abel Zicavo.<br><strong>Ingeniera:<\/strong>\u00a0Victoria Cordero.<br><strong>Estudio:<\/strong>\u00a0Los Lobos Records, Pichilemu.\u00a0<br><strong>Mezcla:<\/strong>\u00a0Oscar Rai Lama.<br><strong>Master:<\/strong>\u00a0Chalo Gonz\u00e1lez.<br><br><strong>Cr\u00e9ditos video \u2018Cahu\u00edn\u2019.<\/strong><br><br><strong>Idea original:<\/strong>\u00a0Abel y Camilo Zicavo, Mart\u00edn Palma.<br><strong>Direcci\u00f3n \/ Gui\u00f3n \/ Montaje:<\/strong>\u00a0Mart\u00edn Palma.<br><strong>Producci\u00f3n Ejecutiva:<\/strong>\u00a0Antonio Vilches.<br><strong>Producci\u00f3n general:<\/strong>\u00a0Daniela Valenzuela, Camilo Zicavo.<br><strong>Asistencia de direcci\u00f3n:<\/strong>\u00a0Eduardo Tirado.<br><strong>Direcci\u00f3n de Foto:<\/strong>\u00a0Eduardo Guaita.<br><strong>Direcci\u00f3n de Arte \/ Escenograf\u00eda \/ Vestuario:<\/strong>\u00a0Karla Molina.<br><strong>Producci\u00f3n t\u00e9cnica y asistente de c\u00e1mara:<\/strong>\u00a0Diego Araya Corval\u00e1n.<br><strong>Asistencia de producci\u00f3n general:<\/strong>\u00a0Alexis Leyton Guitierrez.<br><strong>Asistencia de producci\u00f3n ejecutiva:<\/strong>\u00a0Kari Lizana.<br><strong>Asistencia de arte \/ Escenograf\u00eda \/ Vestuario:<\/strong>\u00a0Tamara Simpson , Catalina Saavedra.<br><strong>Dise\u00f1o:<\/strong>\u00a0Felipe Manriquez.<br><strong>Transporte equipos:<\/strong>\u00a0Francisco Gonzalez.<\/figcaption><\/figure>\n\n\n\n<p><strong>Acerca Plumas:<\/strong><\/p>\n\n\n\n<p>Plumas es el proyecto de los hermanos Abel y Camilo Zicavo, conocidos por ser integrantes de Moral Distra\u00edda. Durante m\u00e1s de dos a\u00f1os, los Zicavo trabajaron con serie de canciones que se transform\u00f3 en su disco debut que fue dando luces desde septiembre del 2021 publicando sus primeros singles hasta estrenar la placa hom\u00f3nima en diciembre del 2021, siendo una mezcla de sonoridades cercanas al rock y al pop orquestado, con la clara influencia de sus referentes.<\/p>\n\n\n\n<p><br>El disco debut de Plumas cont\u00f3 con la producci\u00f3n musical de Francisco y Mauricio Dur\u00e1n (Los Bunkers) y grabado por los ingenieros Pablo Giadach, Victoria Cordero y Nicol\u00e1s Vilaxa. A inicios de este a\u00f1o publican su nuevo EP &#8220;Sobre el j\u00fabilo y la pena&#8221;, que cuenta colaboraciones con Pedropiedra y Liricistas, y con \u00c1ngelo Pierattini como productor. Ahora inician su nueva etapa con el pr\u00f3ximo estreno de un nuevo disco, esta vez con la producci\u00f3n a cargo de Abel Zicavo.<\/p>\n\n\n\n<figure class=\"wp-block-embed is-type-rich is-provider-spotify wp-block-embed-spotify wp-embed-aspect-21-9 wp-has-aspect-ratio\"><div class=\"wp-block-embed__wrapper\">\n<iframe title=\"Spotify Embed: Plumas\" style=\"border-radius: 12px\" width=\"100%\" height=\"352\" frameborder=\"0\" allowfullscreen allow=\"autoplay; clipboard-write; encrypted-media; fullscreen; picture-in-picture\" loading=\"lazy\" src=\"https:\/\/open.spotify.com\/embed\/artist\/3y5Ow3rtN1WGkfFIXLIxMg?si=e4v-4BeDSeenPuhRhq8ZlQ&#038;nd=1&#038;utm_source=oembed\"><\/iframe>\n<\/div><\/figure>\n","protected":false},"excerpt":{"rendered":"<p>La banda nacional regresa al trabajo discogr\u00e1fico y presenta el primer single de su pr\u00f3ximo larga duraci\u00f3n que saldr\u00e1 este a\u00f1o. Plumas inicia una nueva etapa con \u2018Cahu\u00edn\u2019, una canci\u00f3n&hellip;<\/p>\n","protected":false},"author":1,"featured_media":13336,"comment_status":"closed","ping_status":"closed","sticky":false,"template":"","format":"standard","meta":{"_monsterinsights_skip_tracking":false,"_monsterinsights_sitenote_active":false,"_monsterinsights_sitenote_note":"","_monsterinsights_sitenote_category":0,"footnotes":""},"categories":[3],"tags":[8100,1591,196,2154],"class_list":["post-13335","post","type-post","status-publish","format-standard","has-post-thumbnail","hentry","category-musica-chilena","tag-cahuin","tag-etapa","tag-nueva","tag-plumas"],"_links":{"self":[{"href":"https:\/\/antofapop.cl\/index.php\/wp-json\/wp\/v2\/posts\/13335"}],"collection":[{"href":"https:\/\/antofapop.cl\/index.php\/wp-json\/wp\/v2\/posts"}],"about":[{"href":"https:\/\/antofapop.cl\/index.php\/wp-json\/wp\/v2\/types\/post"}],"author":[{"embeddable":true,"href":"https:\/\/antofapop.cl\/index.php\/wp-json\/wp\/v2\/users\/1"}],"replies":[{"embeddable":true,"href":"https:\/\/antofapop.cl\/index.php\/wp-json\/wp\/v2\/comments?post=13335"}],"version-history":[{"count":1,"href":"https:\/\/antofapop.cl\/index.php\/wp-json\/wp\/v2\/posts\/13335\/revisions"}],"predecessor-version":[{"id":13337,"href":"https:\/\/antofapop.cl\/index.php\/wp-json\/wp\/v2\/posts\/13335\/revisions\/13337"}],"wp:featuredmedia":[{"embeddable":true,"href":"https:\/\/antofapop.cl\/index.php\/wp-json\/wp\/v2\/media\/13336"}],"wp:attachment":[{"href":"https:\/\/antofapop.cl\/index.php\/wp-json\/wp\/v2\/media?parent=13335"}],"wp:term":[{"taxonomy":"category","embeddable":true,"href":"https:\/\/antofapop.cl\/index.php\/wp-json\/wp\/v2\/categories?post=13335"},{"taxonomy":"post_tag","embeddable":true,"href":"https:\/\/antofapop.cl\/index.php\/wp-json\/wp\/v2\/tags?post=13335"}],"curies":[{"name":"wp","href":"https:\/\/api.w.org\/{rel}","templated":true}]}}