{"id":13350,"date":"2023-08-21T21:50:19","date_gmt":"2023-08-21T18:50:19","guid":{"rendered":"https:\/\/antofapop.cl\/?p=13350"},"modified":"2023-08-21T23:54:26","modified_gmt":"2023-08-21T20:54:26","slug":"ecutec-primer-centro-cultural-y-tecnologico-de-economia-circular-marca-un-hito","status":"publish","type":"post","link":"https:\/\/antofapop.cl\/index.php\/2023\/08\/21\/ecutec-primer-centro-cultural-y-tecnologico-de-economia-circular-marca-un-hito\/","title":{"rendered":"<strong>ECUTEC: Primer Centro Cultural y Tecnol\u00f3gico de Econom\u00eda Circular marca un hito<\/strong>"},"content":{"rendered":"<div class='booster-block booster-read-block'>\n                <div class=\"twp-read-time\">\n                \t<i class=\"booster-icon twp-clock\"><\/i> <span>Tiempo de Lectura:<\/span>3 Minutos, 0 Segundos                <\/div>\n\n            <\/div>\n<p><strong><em>La iniciativa est\u00e1 a cargo del Holding Servilinares, empresa comprometida con el desarrollo ambiental sustentable y el crecimiento de toda la regi\u00f3n. El centro estar\u00e1 ubicado en el sector La Negra y sus instalaciones cuentan adem\u00e1s con un anfiteatro construido con tolvas de camiones mineros en desuso y recicladas, convirti\u00e9ndose en un punto de encuentro para la comunidad destinado al desarrollo de actividades culturales y educativas.<\/em><\/strong><\/p>\n\n\n\n<p>Con el objetivo de impulsar el uso, la investigaci\u00f3n y la difusi\u00f3n de las tecnolog\u00edas relacionadas a la econom\u00eda circular, energ\u00edas renovables, reciclaje, vegetaci\u00f3n nativa y reutilizaci\u00f3n del agua, el Holding Servilinares inaugurar\u00e1 el primer Centro Cultural y Tecnol\u00f3gico de econom\u00eda circular ECUTEC de la regi\u00f3n orientado a la comunidad con foco en los ni\u00f1os, j\u00f3venes y estudiantes.<\/p>\n\n\n\n<p>Como se menciona anteriormente, ECUTEC est\u00e1 ubicado en el sector industrial La Negra, catalogado como un sitio estrat\u00e9gico para el desarrollo de la miner\u00eda y contar\u00e1 con innovadores espacios que pondr\u00e1n en valor la reutilizaci\u00f3n de residuos industriales a disposici\u00f3n de la comunidad, la educaci\u00f3n y la cultura a trav\u00e9s de nuevas formas de uso.<\/p>\n\n\n\n<p>As\u00ed es como el nuevo espacio que tendr\u00e1 como hito de inicio la puesta de la primera piedra en el mes de septiembre, albergar\u00e1 una planta de reutilizaci\u00f3n de agua que funcionar\u00e1 con energ\u00eda solar y permitir\u00e1 disminuir un 80% del consumo interno de agua, adem\u00e1s de ser reutilizada en el riego y en el jard\u00edn bot\u00e1nico que contar\u00e1 con vegetaci\u00f3n aut\u00f3ctona de 1500<em>m<sup>2<\/sup><\/em>. Tambi\u00e9n se incorporar\u00e1 en la infraestructura pavimento construido en su totalidad de residuos industriales mineros.<\/p>\n\n\n\n<p>El Centro Cultural y Tecnol\u00f3gico ECUTEC &nbsp;tendr\u00e1 una fuente seca de agua reutilizada, que incorporar\u00e1 juegos y luces para la interacci\u00f3n de los visitantes, una planta fotovoltaica y un anfiteatro a cielo abierto, construido con tolvas de camiones mineros en desuso y recicladas, convirti\u00e9ndose en un punto de encuentro para la comunidad destinado al desarrollo de actividades culturales y educativas, as\u00ed como en un gran espacio para crear conciencia sobre la econom\u00eda circular y energ\u00edas renovables.<\/p>\n\n\n\n<p>El CEO de Holding Servilinares, Juan Luis Linares menciona la proyecci\u00f3n de este importante centro, \u201cECUTEC es un sue\u00f1o que tengo hace muchos a\u00f1os, queremos romper con el paradigma y construir un oasis en La Negra donde la cultura y vegetaci\u00f3n nativa sean protagonistas, demostrando que la escasez h\u00eddrica no es un impedimento para desarrollar un proyecto que beneficie a la comunidad, especialmente a los j\u00f3venes concientizandolos a un mundo m\u00e1s sustentable\u201d.<\/p>\n\n\n\n<p>Asimismo, agreg\u00f3 que \u201cECUTEC es un proyecto ambicioso, que busca ser un lugar de esparcimiento cultural y entretenci\u00f3n, donde los ni\u00f1os puedan jugar y aprender de la econom\u00eda circular y las energ\u00edas renovables. Este sue\u00f1o tambi\u00e9n involucra a nuestros colaboradores teniendo la misi\u00f3n y sinti\u00e9ndose orgullosos de construir un futuro sostenible\u201d.<\/p>\n\n\n\n<p>En tanto Christofer Ferrada, Gerente de Infraestructura e Innovaci\u00f3n del Holding Servilinares, se\u00f1al\u00f3 \u201ctener un proyecto como ECUTEC, dedicado a la econom\u00eda circular, es de gran valor para la regi\u00f3n y su industria. Nos permite compartir nuestro trabajo y la gesti\u00f3n en la revalorizaci\u00f3n de residuos industriales mineros a la comunidad de una forma amigable abarcando la sociedad acad\u00e9mica y civil, el sector p\u00fablico y a las diversas empresas. Con esto se busca generar un punto de encuentro en el sector en torno a la difusi\u00f3n, masificaci\u00f3n y evoluci\u00f3n de la econom\u00eda circular orientada a proyectos mineros\u201d.<\/p>\n\n\n\n<p>El Centro Cultural y Tecnol\u00f3gico de Holding Servilinares es el primero de su tipo en la zona y representa una nueva acci\u00f3n de la empresa que se suma al proyecto de reciclaje de excedentes industriales ganador del Recycling Challenge.<\/p>\n\n\n\n<figure class=\"wp-block-embed is-type-video is-provider-youtube wp-block-embed-youtube wp-embed-aspect-16-9 wp-has-aspect-ratio\"><div class=\"wp-block-embed__wrapper\">\n<iframe loading=\"lazy\" title=\"ECUTEC - Centro Cultural y Tecnol\u00f3gico Econom\u00eda Circular\" width=\"500\" height=\"281\" src=\"https:\/\/www.youtube.com\/embed\/H2R2QsZ4YDE?feature=oembed\" frameborder=\"0\" allow=\"accelerometer; autoplay; clipboard-write; encrypted-media; gyroscope; picture-in-picture; web-share\" referrerpolicy=\"strict-origin-when-cross-origin\" allowfullscreen><\/iframe>\n<\/div><\/figure>\n","protected":false},"excerpt":{"rendered":"<p>La iniciativa est\u00e1 a cargo del Holding Servilinares, empresa comprometida con el desarrollo ambiental sustentable y el crecimiento de toda la regi\u00f3n. El centro estar\u00e1 ubicado en el sector La&hellip;<\/p>\n","protected":false},"author":1,"featured_media":13380,"comment_status":"closed","ping_status":"closed","sticky":false,"template":"","format":"standard","meta":{"_monsterinsights_skip_tracking":false,"_monsterinsights_sitenote_active":false,"_monsterinsights_sitenote_note":"","_monsterinsights_sitenote_category":0,"footnotes":""},"categories":[2,178],"tags":[903,1668,614,1667,8107,1703,1141,522,5099],"class_list":["post-13350","post","type-post","status-publish","format-standard","has-post-thumbnail","hentry","category-antofagasta","category-arte-cultura","tag-centro","tag-circular","tag-cultural","tag-economia","tag-ecutec","tag-hito","tag-marca","tag-primer","tag-tecnologico"],"_links":{"self":[{"href":"https:\/\/antofapop.cl\/index.php\/wp-json\/wp\/v2\/posts\/13350"}],"collection":[{"href":"https:\/\/antofapop.cl\/index.php\/wp-json\/wp\/v2\/posts"}],"about":[{"href":"https:\/\/antofapop.cl\/index.php\/wp-json\/wp\/v2\/types\/post"}],"author":[{"embeddable":true,"href":"https:\/\/antofapop.cl\/index.php\/wp-json\/wp\/v2\/users\/1"}],"replies":[{"embeddable":true,"href":"https:\/\/antofapop.cl\/index.php\/wp-json\/wp\/v2\/comments?post=13350"}],"version-history":[{"count":1,"href":"https:\/\/antofapop.cl\/index.php\/wp-json\/wp\/v2\/posts\/13350\/revisions"}],"predecessor-version":[{"id":13352,"href":"https:\/\/antofapop.cl\/index.php\/wp-json\/wp\/v2\/posts\/13350\/revisions\/13352"}],"wp:featuredmedia":[{"embeddable":true,"href":"https:\/\/antofapop.cl\/index.php\/wp-json\/wp\/v2\/media\/13380"}],"wp:attachment":[{"href":"https:\/\/antofapop.cl\/index.php\/wp-json\/wp\/v2\/media?parent=13350"}],"wp:term":[{"taxonomy":"category","embeddable":true,"href":"https:\/\/antofapop.cl\/index.php\/wp-json\/wp\/v2\/categories?post=13350"},{"taxonomy":"post_tag","embeddable":true,"href":"https:\/\/antofapop.cl\/index.php\/wp-json\/wp\/v2\/tags?post=13350"}],"curies":[{"name":"wp","href":"https:\/\/api.w.org\/{rel}","templated":true}]}}