{"id":13356,"date":"2023-08-21T22:04:40","date_gmt":"2023-08-21T19:04:40","guid":{"rendered":"https:\/\/antofapop.cl\/?p=13356"},"modified":"2023-08-21T22:04:40","modified_gmt":"2023-08-21T19:04:40","slug":"miguel-negro-pinera-se-despide-de-los-escenarios-tras-50-anos-de-carrera-musical","status":"publish","type":"post","link":"https:\/\/antofapop.cl\/index.php\/2023\/08\/21\/miguel-negro-pinera-se-despide-de-los-escenarios-tras-50-anos-de-carrera-musical\/","title":{"rendered":"Miguel Negro Pi\u00f1era se despide de los escenarios tras 50 a\u00f1os de carrera musical"},"content":{"rendered":"<div class='booster-block booster-read-block'>\n                <div class=\"twp-read-time\">\n                \t<i class=\"booster-icon twp-clock\"><\/i> <span>Tiempo de Lectura:<\/span>2 Minutos, 21 Segundos                <\/div>\n\n            <\/div>\n<p><em><strong>El emblem\u00e1tico m\u00fasico chileno, anunci\u00f3 una gira nacional para poner fin a su carrera art\u00edstica, acompa\u00f1ado de los destacados m\u00fasicos de Charly Garc\u00eda. Adem\u00e1s, para coronar sus \u00faltimos conciertos en Chile, regalar\u00e1 a sus seguidores un \u00e1lbum recopilatorio con sus grandes \u00e9xitos.<\/strong><\/em><\/p>\n\n\n\n<p>El legendario m\u00fasico\u00a0<strong>Miguel Negro Pi\u00f1era<\/strong>\u00a0anunci\u00f3 que llevar\u00e1 a cabo un receso indefinido de su carrera musical. Luego de\u00a0<strong>cinco d\u00e9cadas<\/strong>\u00a0de presencia en los escenarios nacionales e internacionales, se despide de sus seguidores, con una serie de emotivos conciertos que lo llevaran a recorrer distintas ciudades desde\u00a0<strong>Arica a Punta Arenas.<\/strong>\u00a0El receso, se dar\u00eda para conmemorar sus cincuenta a\u00f1os de trayectoria musical por el mundo, los que anhela celebrar junto a su p\u00fablico en Chile.<br><br>Para agradecer el apoyo de\u00a0fieles seguidores y amantes de su m\u00fasica, en la ocasi\u00f3n lo acompa\u00f1aran los destacados m\u00fasicos de<strong>\u00a0Charly Garc\u00eda<\/strong>, con quienes promete entregar a su fanaticada, inolvidables \u00faltimos shows en vivo, en el marco del tour titulado\u00a0<strong>\u201cLa \u00daltima Gira Por Chile\u201d.<\/strong><br><br>En estos cincuenta a\u00f1os,\u00a0<a rel=\"noreferrer noopener\" href=\"https:\/\/instagram.com\/negropineraoficial?igshid=MmU2YjMzNjRlOQ==\" target=\"_blank\">Negro Pi\u00f1era<\/a>\u00a0lanz\u00f3 nueve \u00e1lbumes; en 1982 grab\u00f3 su primer disco\u00a0<a rel=\"noreferrer noopener\" href=\"https:\/\/youtu.be\/3zist9tuT8o\" target=\"_blank\">\u201cFusi\u00f3n Latina\u201d<\/a>, de all\u00ed se desprende el single\u00a0<a rel=\"noreferrer noopener\" href=\"https:\/\/youtu.be\/IuFtYsnjkC4\" target=\"_blank\">Luna Llena<\/a><strong>\u201d,<\/strong>\u00a0que termin\u00f3 siendo el mayor hit de su historia. Luego de esto, lanz\u00f3 los discos\u00a0<strong>\u201cDonde Pidas Voy\u201d<\/strong>\u00a0editado bajo el sello\u00a0<strong>EMI<\/strong>,\u00a0<strong>\u201cCanciones de Amor y Carrete\u201d<\/strong>\u00a0y\u00a0<strong>\u201cNostalgia\u201d,<\/strong>\u00a0siendo estos los m\u00e1s recordados por sus seguidores. Grab\u00f3, adem\u00e1s, temas del grupo\u00a0<strong>Congreso (Hijo del sol luminoso) y Violeta Parra (Casamiento de negros).<\/strong>\u00a0En el a\u00f1o 2010, estren\u00f3 tres canciones\u00a0<strong>\u201cTributo a Cerati\u201d<\/strong>\u00a0y en el 2012 present\u00f3 la cueca\u00a0<strong>\u201cEl halc\u00f3n\u201d,\u00a0<\/strong>dedicada al fallecido animador\u00a0<strong>Felipe Camiroaga<\/strong>.<\/p>\n\n\n\n<figure class=\"wp-block-embed is-type-video is-provider-youtube wp-block-embed-youtube wp-embed-aspect-4-3 wp-has-aspect-ratio\"><div class=\"wp-block-embed__wrapper\">\n<iframe loading=\"lazy\" title=\"Casamiento de Negros\" width=\"500\" height=\"375\" src=\"https:\/\/www.youtube.com\/embed\/27ys-9nHXrU?feature=oembed\" frameborder=\"0\" allow=\"accelerometer; autoplay; clipboard-write; encrypted-media; gyroscope; picture-in-picture; web-share\" referrerpolicy=\"strict-origin-when-cross-origin\" allowfullscreen><\/iframe>\n<\/div><\/figure>\n\n\n\n<p>Cabe mencionar su participaci\u00f3n en reconocidos escenarios nacionales e internacionales; distinguiendo su presentaci\u00f3n en reiteradas ocasiones en el programa\u00a0<strong>S\u00e1bados Gigantes<\/strong>\u00a0y su exitoso concierto en el\u00a0<strong>Festival de Vi\u00f1a del Mar<\/strong>, lugar en el que fue ovacionado por la\u00a0<strong>Quinta Vergara<\/strong>\u00a0por sus reconocidos sencillos\u00a0<strong>\u201cLa Luna Llena\u201d y \u201cComo El Sol\u201d,<\/strong>\u00a0entre otros. En el 2005, junto a una serie de ic\u00f3nicas figuras musicales del pasado, fue parte del programa\u00a0<strong>\u201cRojo Vip<\/strong>\u201d de\u00a0<strong>TVN<\/strong>.<br><br>Para coronar su gira de despedida de los escenarios, el artista<strong>\u00a0regalar\u00e1 en cada uno de sus shows\u00a0<\/strong>en vivo el \u00e1lbum\u00a0<a rel=\"noreferrer noopener\" href=\"https:\/\/www.youtube.com\/playlist?list=OLAK5uy_k_5dBzIYc8soLuyWSDoN6QxrR9jdNcPKc\" target=\"_blank\">\u201c50 A\u00f1os Cantando\u201d<\/a>; se trata de un disco en formato f\u00edsico, en el que recopila sus grandes \u00e9xitos.<br><br>Adem\u00e1s, el m\u00fasico anunciar\u00e1 durante los pr\u00f3ximos d\u00edas a trav\u00e9s de sus redes sociales, una serie de conciertos en los que se embarcar\u00e1 desde septiembre. El tour de nombre\u00a0<strong>\u201cLa<\/strong>\u00a0<strong>\u00daltima Gira Por Chile\u201d\u00a0<\/strong>lo llevar\u00e1 a recorrer todo el pa\u00eds de la mano\u00a0de la prestigiosa productora\u00a0<strong>Ricem Music Chile<\/strong>, la que culminar\u00e1 con un gran concierto sorpresa en Santiago.<br><br>Sigue a\u00a0\u00a0<a rel=\"noreferrer noopener\" href=\"https:\/\/instagram.com\/negropineraoficial?igshid=MmU2YjMzNjRlOQ==\" target=\"_blank\">Negro Pi\u00f1era<\/a>\u00a0en sus redes sociales para no perderte de sus novedades\u00a0<a rel=\"noreferrer noopener\" href=\"https:\/\/instagram.com\/negropineraoficial?igshid=MmU2YjMzNjRlOQ==\" target=\"_blank\">Instagram<\/a>\u00a0<a rel=\"noreferrer noopener\" href=\"https:\/\/www.youtube.com\/channel\/UCHwgXOg9Pg-qda7X0_zpchw\" target=\"_blank\">Youtube<\/a>\u00a0<a rel=\"noreferrer noopener\" href=\"https:\/\/open.spotify.com\/album\/0szuwnHQoD0Bd3cy4HVQ1s?si=HfLv9G_NQ_iGRwEqIHuu9g\" target=\"_blank\">Spotify<\/a><\/p>\n","protected":false},"excerpt":{"rendered":"<p>El emblem\u00e1tico m\u00fasico chileno, anunci\u00f3 una gira nacional para poner fin a su carrera art\u00edstica, acompa\u00f1ado de los destacados m\u00fasicos de Charly Garc\u00eda. Adem\u00e1s, para coronar sus \u00faltimos conciertos en&hellip;<\/p>\n","protected":false},"author":1,"featured_media":13357,"comment_status":"closed","ping_status":"closed","sticky":false,"template":"","format":"standard","meta":{"_monsterinsights_skip_tracking":false,"_monsterinsights_sitenote_active":false,"_monsterinsights_sitenote_note":"","_monsterinsights_sitenote_category":0,"footnotes":""},"categories":[3],"tags":[919,21,1520,4322,63,2169,8108],"class_list":["post-13356","post","type-post","status-publish","format-standard","has-post-thumbnail","hentry","category-musica-chilena","tag-anos","tag-carrera","tag-escenarios","tag-miguel","tag-musical","tag-negro","tag-pinera"],"_links":{"self":[{"href":"https:\/\/antofapop.cl\/index.php\/wp-json\/wp\/v2\/posts\/13356"}],"collection":[{"href":"https:\/\/antofapop.cl\/index.php\/wp-json\/wp\/v2\/posts"}],"about":[{"href":"https:\/\/antofapop.cl\/index.php\/wp-json\/wp\/v2\/types\/post"}],"author":[{"embeddable":true,"href":"https:\/\/antofapop.cl\/index.php\/wp-json\/wp\/v2\/users\/1"}],"replies":[{"embeddable":true,"href":"https:\/\/antofapop.cl\/index.php\/wp-json\/wp\/v2\/comments?post=13356"}],"version-history":[{"count":1,"href":"https:\/\/antofapop.cl\/index.php\/wp-json\/wp\/v2\/posts\/13356\/revisions"}],"predecessor-version":[{"id":13358,"href":"https:\/\/antofapop.cl\/index.php\/wp-json\/wp\/v2\/posts\/13356\/revisions\/13358"}],"wp:featuredmedia":[{"embeddable":true,"href":"https:\/\/antofapop.cl\/index.php\/wp-json\/wp\/v2\/media\/13357"}],"wp:attachment":[{"href":"https:\/\/antofapop.cl\/index.php\/wp-json\/wp\/v2\/media?parent=13356"}],"wp:term":[{"taxonomy":"category","embeddable":true,"href":"https:\/\/antofapop.cl\/index.php\/wp-json\/wp\/v2\/categories?post=13356"},{"taxonomy":"post_tag","embeddable":true,"href":"https:\/\/antofapop.cl\/index.php\/wp-json\/wp\/v2\/tags?post=13356"}],"curies":[{"name":"wp","href":"https:\/\/api.w.org\/{rel}","templated":true}]}}