{"id":13510,"date":"2023-08-30T20:53:56","date_gmt":"2023-08-30T17:53:56","guid":{"rendered":"https:\/\/antofapop.cl\/?p=13510"},"modified":"2023-08-30T20:58:06","modified_gmt":"2023-08-30T17:58:06","slug":"en-calama-se-presentara-la-nueva-y-renovada-version-de-la-pergola-de-las-flores-en-concierto","status":"publish","type":"post","link":"https:\/\/antofapop.cl\/index.php\/2023\/08\/30\/en-calama-se-presentara-la-nueva-y-renovada-version-de-la-pergola-de-las-flores-en-concierto\/","title":{"rendered":"<strong>En Calama se presentar\u00e1 la nueva y renovada versi\u00f3n de La P\u00e9rgola de las Flores en concierto<\/strong>"},"content":{"rendered":"<div class='booster-block booster-read-block'>\n                <div class=\"twp-read-time\">\n                \t<i class=\"booster-icon twp-clock\"><\/i> <span>Tiempo de Lectura:<\/span>1 Minutos, 55 Segundos                <\/div>\n\n            <\/div>\n<p><strong><em>La presentaci\u00f3n, totalmente gratuita, es una de las tantas actividades programadas por Municipio y Corporaci\u00f3n Cultural en el marco del programa de Fiestas Patrias.&nbsp;<\/em><\/strong><\/p>\n\n\n\n<p>Este jueves 31 de agosto a las 18:30 horas se presentar\u00e1 en el Estadio Techado de Calama \u201cLa P\u00e9rgola de las Flores: En Concierto\u201d, un cl\u00e1sico dentro del teatro chileno, original de Isidora Aguirre Tupper, esta vez bajo la direcci\u00f3n y adaptaci\u00f3n del reconocido actor y m\u00fasico Gustavo Becerra Gaete, quien en compa\u00f1\u00eda de 30 artistas m\u00e1s, entre actrices, actores, bailarines y m\u00fasicos, presentar\u00e1n una renovada y actualizada versi\u00f3n, adaptada a los tiempos modernos pero sin perder el valor patrimonial de la obra original.&nbsp;<\/p>\n\n\n\n<p>Esta presentaci\u00f3n que es totalmente gratuita para la comunidad de Calama, forma parte de las distintas iniciativas que el Municipio local y sus Corporaciones llevan a cabo por estos d\u00edas en el marco de la programaci\u00f3n de Fiestas Patrias \u201cJuntos por Calama, Juntos en Septiembre\u201d.&nbsp;<\/p>\n\n\n\n<p>Edwin Alavia Ticona, Director Ejecutivo de la Corporaci\u00f3n de Cultura y Turismo, destac\u00f3 la importancia de tener en la comuna este musical, una petici\u00f3n del mismo alcalde Eliecer Chamorro Vargas para que la comunidad pueda disfrutarla, en el entendido que \u201cla P\u00e9rgola de las Flores es parte de la historia de Chile y por supuesto tenemos que presentarla ac\u00e1 en Calama. Es un momento especial porque valoramos nuestras tradiciones y por ello queremos que la comunidad se haga parte de esta jornada\u201d.&nbsp;<\/p>\n\n\n\n<p><strong>La P\u00e9rgola de las Flores: Historia de un Musical&nbsp;<\/strong><\/p>\n\n\n\n<p>Sin duda alguna, La P\u00e9rgola de las Flores es una de las comedias musicales m\u00e1s reconocidas en el pa\u00eds, y constituye uno de los mayores hitos de la historia del teatro chileno de la segunda mitad del siglo XX. Hasta el d\u00eda de hoy no solo goza de una popularidad inmensa, sino que su vigencia social se mantiene intacta, tanto as\u00ed que parece imposible imaginar un septiembre sin tenerla en alguna cartelera cultural.&nbsp;<\/p>\n\n\n\n<p>Hoy, bajo la direcci\u00f3n de Gustavo Becerra Gaete, Compa\u00f1\u00eda de Teatro Mutante, la Banda Sonora de Swing del mono, y la producci\u00f3n de productora Proyectil, se presenta una propuesta de la historia de este musical con adaptaciones acordes a la \u00e9poca que vivimos y con una puesta en escena viva y l\u00fadica que no dejar\u00e1 indiferente al espectador.&nbsp;<\/p>\n","protected":false},"excerpt":{"rendered":"<p>La presentaci\u00f3n, totalmente gratuita, es una de las tantas actividades programadas por Municipio y Corporaci\u00f3n Cultural en el marco del programa de Fiestas Patrias.&nbsp; Este jueves 31 de agosto a&hellip;<\/p>\n","protected":false},"author":1,"featured_media":13515,"comment_status":"closed","ping_status":"closed","sticky":false,"template":"","format":"standard","meta":{"_monsterinsights_skip_tracking":false,"_monsterinsights_sitenote_active":false,"_monsterinsights_sitenote_note":"","_monsterinsights_sitenote_category":0,"footnotes":""},"categories":[2221,123],"tags":[2222,559,3196,196,3195,6701],"class_list":["post-13510","post","type-post","status-publish","format-standard","has-post-thumbnail","hentry","category-calama","category-cine-tv-y-teatro","tag-calama","tag-concierto","tag-flores","tag-nueva","tag-pergola","tag-renovada"],"_links":{"self":[{"href":"https:\/\/antofapop.cl\/index.php\/wp-json\/wp\/v2\/posts\/13510"}],"collection":[{"href":"https:\/\/antofapop.cl\/index.php\/wp-json\/wp\/v2\/posts"}],"about":[{"href":"https:\/\/antofapop.cl\/index.php\/wp-json\/wp\/v2\/types\/post"}],"author":[{"embeddable":true,"href":"https:\/\/antofapop.cl\/index.php\/wp-json\/wp\/v2\/users\/1"}],"replies":[{"embeddable":true,"href":"https:\/\/antofapop.cl\/index.php\/wp-json\/wp\/v2\/comments?post=13510"}],"version-history":[{"count":1,"href":"https:\/\/antofapop.cl\/index.php\/wp-json\/wp\/v2\/posts\/13510\/revisions"}],"predecessor-version":[{"id":13511,"href":"https:\/\/antofapop.cl\/index.php\/wp-json\/wp\/v2\/posts\/13510\/revisions\/13511"}],"wp:featuredmedia":[{"embeddable":true,"href":"https:\/\/antofapop.cl\/index.php\/wp-json\/wp\/v2\/media\/13515"}],"wp:attachment":[{"href":"https:\/\/antofapop.cl\/index.php\/wp-json\/wp\/v2\/media?parent=13510"}],"wp:term":[{"taxonomy":"category","embeddable":true,"href":"https:\/\/antofapop.cl\/index.php\/wp-json\/wp\/v2\/categories?post=13510"},{"taxonomy":"post_tag","embeddable":true,"href":"https:\/\/antofapop.cl\/index.php\/wp-json\/wp\/v2\/tags?post=13510"}],"curies":[{"name":"wp","href":"https:\/\/api.w.org\/{rel}","templated":true}]}}