{"id":13578,"date":"2023-09-06T22:05:48","date_gmt":"2023-09-06T19:05:48","guid":{"rendered":"https:\/\/antofapop.cl\/?p=13578"},"modified":"2023-09-06T22:05:48","modified_gmt":"2023-09-06T19:05:48","slug":"lanzan-libro-la-universidad-catolica-del-norte-y-los-50-anos-del-golpe-militar","status":"publish","type":"post","link":"https:\/\/antofapop.cl\/index.php\/2023\/09\/06\/lanzan-libro-la-universidad-catolica-del-norte-y-los-50-anos-del-golpe-militar\/","title":{"rendered":"<strong>Lanzan libro \u201cLa Universidad Cat\u00f3lica del Norte y los 50 A\u00f1os del Golpe Militar\u201d<\/strong>"},"content":{"rendered":"<div class='booster-block booster-read-block'>\n                <div class=\"twp-read-time\">\n                \t<i class=\"booster-icon twp-clock\"><\/i> <span>Tiempo de Lectura:<\/span>1 Minutos, 33 Segundos                <\/div>\n\n            <\/div>\n<p><em><strong>La obra ofrece un an\u00e1lisis profundo y documentado de ese hecho, as\u00ed como las voces de quienes vivieron ese periodo en el plantel.<\/strong><\/em><\/p>\n\n\n\n<p>La Universidad Cat\u00f3lica del Norte (UCN) lanzar\u00e1 oficialmente este jueves 7 el libro \u201cLa Universidad Cat\u00f3lica del Norte y los 50 A\u00f1os del Golpe Militar\u201d, una obra que arroja luz sobre este cap\u00edtulo de la historia de la instituci\u00f3n y el pa\u00eds. La ceremonia se llevar\u00e1 a cabo a las 18:00 horas en el Auditorio Andr\u00e9s Sabella de la casa de estudios nortina.<\/p>\n\n\n\n<p>El libro, publicado por la editorial universitaria Colecci\u00f3n Iglesia Mundo, representa un valioso testimonio de la memoria hist\u00f3rica de la Universidad Cat\u00f3lica del Norte y su relaci\u00f3n con los eventos acontecidos durante el Golpe Militar de 1973 en Chile. La obra ofrece un an\u00e1lisis profundo y documentado de los hechos, as\u00ed como las voces de quienes vivieron ese periodo en el plantel.<\/p>\n\n\n\n<p>\u201cLa Universidad Cat\u00f3lica del Norte y los 50 A\u00f1os del Golpe Militar\u201d busca tender puentes de reconciliaci\u00f3n, alentando un espacio donde la verdad y la comprensi\u00f3n, el perd\u00f3n y la solidaridad sean los pilares para forjar un futuro de convivencia y justicia.<\/p>\n\n\n\n<p>En esta mirada retrospectiva, se recuerdan no s\u00f3lo las cicatrices de aquel doloroso cap\u00edtulo, sino tambi\u00e9n el renacer de la esperanza y la determinaci\u00f3n por construir una comunidad universitaria que promueva la dignidad humana y la defensa de los derechos fundamentales. \u201cUnidos en el compromiso de no olvidar, miramos hacia adelante con la certeza de que s\u00f3lo a trav\u00e9s del di\u00e1logo fraterno y la valoraci\u00f3n de la diversidad podremos consolidar una sociedad m\u00e1s justa y equitativa para las generaciones venideras\u201d, se\u00f1ala la introducci\u00f3n de la publicaci\u00f3n.<\/p>\n\n\n\n<p>La Universidad Cat\u00f3lica del Norte extiende una cordial invitaci\u00f3n a la comunidad acad\u00e9mica, estudiantes, periodistas y al p\u00fablico en general a participar en este significativo lanzamiento.<\/p>\n\n\n\n<p>Para m\u00e1s informaci\u00f3n contactarse con <a href=\"mailto:pastoral@ucn.cl\">pastoral@ucn.cl<\/a>.<\/p>\n","protected":false},"excerpt":{"rendered":"<p>La obra ofrece un an\u00e1lisis profundo y documentado de ese hecho, as\u00ed como las voces de quienes vivieron ese periodo en el plantel. La Universidad Cat\u00f3lica del Norte (UCN) lanzar\u00e1&hellip;<\/p>\n","protected":false},"author":1,"featured_media":13579,"comment_status":"closed","ping_status":"closed","sticky":false,"template":"","format":"standard","meta":{"_monsterinsights_skip_tracking":false,"_monsterinsights_sitenote_active":false,"_monsterinsights_sitenote_note":"","_monsterinsights_sitenote_category":0,"footnotes":""},"categories":[2,197],"tags":[919,8188,5767,319,6577,339,478,1037],"class_list":["post-13578","post","type-post","status-publish","format-standard","has-post-thumbnail","hentry","category-antofagasta","category-libros","tag-anos","tag-catolica","tag-golpe","tag-libro","tag-militar","tag-norte","tag-ucn","tag-universidad"],"_links":{"self":[{"href":"https:\/\/antofapop.cl\/index.php\/wp-json\/wp\/v2\/posts\/13578"}],"collection":[{"href":"https:\/\/antofapop.cl\/index.php\/wp-json\/wp\/v2\/posts"}],"about":[{"href":"https:\/\/antofapop.cl\/index.php\/wp-json\/wp\/v2\/types\/post"}],"author":[{"embeddable":true,"href":"https:\/\/antofapop.cl\/index.php\/wp-json\/wp\/v2\/users\/1"}],"replies":[{"embeddable":true,"href":"https:\/\/antofapop.cl\/index.php\/wp-json\/wp\/v2\/comments?post=13578"}],"version-history":[{"count":1,"href":"https:\/\/antofapop.cl\/index.php\/wp-json\/wp\/v2\/posts\/13578\/revisions"}],"predecessor-version":[{"id":13580,"href":"https:\/\/antofapop.cl\/index.php\/wp-json\/wp\/v2\/posts\/13578\/revisions\/13580"}],"wp:featuredmedia":[{"embeddable":true,"href":"https:\/\/antofapop.cl\/index.php\/wp-json\/wp\/v2\/media\/13579"}],"wp:attachment":[{"href":"https:\/\/antofapop.cl\/index.php\/wp-json\/wp\/v2\/media?parent=13578"}],"wp:term":[{"taxonomy":"category","embeddable":true,"href":"https:\/\/antofapop.cl\/index.php\/wp-json\/wp\/v2\/categories?post=13578"},{"taxonomy":"post_tag","embeddable":true,"href":"https:\/\/antofapop.cl\/index.php\/wp-json\/wp\/v2\/tags?post=13578"}],"curies":[{"name":"wp","href":"https:\/\/api.w.org\/{rel}","templated":true}]}}