{"id":13634,"date":"2023-09-12T00:52:56","date_gmt":"2023-09-11T21:52:56","guid":{"rendered":"https:\/\/antofapop.cl\/?p=13634"},"modified":"2023-09-12T00:54:39","modified_gmt":"2023-09-11T21:54:39","slug":"once-voces-por-el-nunca-mas-lleno-de-musica-y-memoria-la-plaza-sotomayor-para-conmemorar-los-50-anos-del-golpe-de-estado","status":"publish","type":"post","link":"https:\/\/antofapop.cl\/index.php\/2023\/09\/12\/once-voces-por-el-nunca-mas-lleno-de-musica-y-memoria-la-plaza-sotomayor-para-conmemorar-los-50-anos-del-golpe-de-estado\/","title":{"rendered":"<strong>\u201cOnce Voces por el Nunca M\u00e1s\u201d llen\u00f3 de m\u00fasica y memoria la plaza Sotomayor para conmemorar los 50 a\u00f1os del Golpe de Estado<\/strong>"},"content":{"rendered":"<div class='booster-block booster-read-block'>\n                <div class=\"twp-read-time\">\n                \t<i class=\"booster-icon twp-clock\"><\/i> <span>Tiempo de Lectura:<\/span>7 Minutos, 27 Segundos                <\/div>\n\n            <\/div>\n<p><strong><em>M\u00fasica, declamaciones po\u00e9ticas y discursos de representantes de diversas agrupaciones de Memoria y Derechos Humanos de la regi\u00f3n de Antofagasta marcaron la actividad cultural.<\/em><\/strong><\/p>\n\n\n\n<p>Una jornada llena de emociones, memoria y mucha m\u00fasica, fue la vivida este s\u00e1bado en la explanada de la plaza Sotomayor de Antofagasta mediante \u201cOnce Voces por el Nunca M\u00e1s\u201d, el acto cultural conmemorativo efectuado por la Seremi de las Culturas, las Artes y el Patrimonio, la Delegaci\u00f3n Presidencial Regional y agrupaciones de Memoria y Derechos Humanos de la regi\u00f3n, en el marco de los 50 a\u00f1os del Golpe de Estado y paso de la Caravana de la Muerte.<\/p>\n\n\n\n<p>La actividad, logr\u00f3 reunir a los artistas locales, Mauricio Lagunas de banda \u201cHombres que Lloran, Eddie Jim\u00e9nez de \u201cApachekta\u201d, Francisca Ya\u00f1ez, Alejandro Guardia de grupo \u201cAnkaly\u201d, Luis Cort\u00e9s de \u201cIndios de todas las Tribus\u201d, Evelyn Creus, Giannina Mutarello Brenda Luna, Paulina V\u00e9liz de \u201cHombre P\u00e1jaro\u201d y Mario Vernal de \u201cPunahue\u201d, quienes interpretaron reconocidos temas del cancionero popular latinoamericano pertenecientes a V\u00edctor Jara, Violeta Parra, Patricio Manns, Intillimani, Quilapay\u00fan, Mercedes Soza y Silvio Rodr\u00edguez, entre otros, presentaciones que estuvieron bajo la direcci\u00f3n orquestal de D\u00e1libor Yutronic.&nbsp;<\/p>\n\n\n\n<p>A las y los cantantes locales se sum\u00f3 de la participaci\u00f3n del Coro de 60 voces del Liceo Experimental Art\u00edstico de Antofagasta, dirigido por la docente Esther Rodr\u00edguez, quienes estuvieron a cargo de interpretar el himno nacional en la obertura de la actividad, adem\u00e1s de cantar otros temas durante el transcurso del acto, los cuales tambi\u00e9n fueron acompa\u00f1ados por el d\u00fao de artistas Jenny y C\u00e9sar.<\/p>\n\n\n\n<p>\u201cCada vez que nos acercamos m\u00e1s al 11 de septiembre, a la fecha de la conmemoraci\u00f3n del Golpe de Estado C\u00edvico Militar, las emociones y la sensibilidad est\u00e1n mucho m\u00e1s a flor de piel, por lo que es muy importante establecer espacios de comuni\u00f3n, en los que nos sintamos fraternamente hermanos en este pa\u00eds, aprendiendo de los errores del pasado, abrazando nuestra memoria para construir de verdad un futuro para todos y todas. El gran aprendizaje que tenemos es que nunca en este pa\u00eds y en ning\u00fan otro lugar del mundo puedan ocurrir atropellos a los derechos humanos como los que ocurrieron en el pa\u00eds, Nunca M\u00e1s en Chile; por eso que hoy desde la cultura, el arte, nos paramos para poder determinar un espacio de no repetici\u00f3n, una garant\u00eda de no repetici\u00f3n de todas las violaciones de derechos humanos que se vivieron \u201d manifest\u00f3 el seremi de las Culturas, las Artes y el Patrimonio, Claudio Lagos.<\/p>\n\n\n\n<p>En representaci\u00f3n de la Delegaci\u00f3n Presidencial Regional, el seremi de Gobierno, Pablo Iriarte, se\u00f1al\u00f3 que \u201clo principal es que hoy d\u00eda estamos generando un espacio de encuentro a trav\u00e9s de la cultura, impulsado por la Seremi de las Culturas de la regi\u00f3n de Antofagasta, que busca transmitir la reflexi\u00f3n de lo que significa, los 50 a\u00f1os. Primero existe un compromiso del Estado, a trav\u00e9s del Plan Nacional de B\u00fasqueda de Verdad y Justicia, que busca hacer una pol\u00edtica permanente sistem\u00e1tica de esclarecer los hechos que ocurrieron hace 50 a\u00f1os y particularmente en la b\u00fasqueda de los detenidos desaparecidos y desparecidas, pero por otro lado tambi\u00e9n hacer reflexiones sobre lo importante que es la Memoria.<\/p>\n\n\n\n<p>\u201cAqu\u00ed el mensaje del gobierno es cuidar la democracia, por lo tanto, el no darle espacio a la instrucci\u00f3n respecto de lo que signific\u00f3 a trav\u00e9s de la Memoria, la discusi\u00f3n sobre el futuro, implica tambi\u00e9n ser claves y enf\u00e1ticos en lo que significa cuidar la democracia. El Golpe y la conmemoraci\u00f3n de los 50 a\u00f1os significa eso, para nosotros como Gobierno de poder instalar lo que significa cuidar la democracia en un \u00e1mbito de diferencias que son v\u00e1lidas pero que por ning\u00fan motivo pueden justificar la violencia y mucho menos un Golpe de Estado\u201d agreg\u00f3 la autoridad de gobierno.<\/p>\n\n\n\n<p><strong>Declamaciones po\u00e9ticas<\/strong><\/p>\n\n\n\n<p>Junto a las presentaciones de las y los diversos cantantes y entre los innumerables momentos de emoci\u00f3n que se vivieron, destacaron las declamaciones po\u00e9ticas efectuadas por la docente, poetisa, maestra de danza y Ancla de Oro, Nelly Lemus, quien declam\u00f3 el poema de su autor\u00eda \u201c\u00bfQu\u00e9 dir\u00eda el Santo Padre?\u201d y&nbsp; el escritor pampino y Premio Nacional de Literatura 2022, Hern\u00e1n Rivera Letelier con su poema \u201cA ese alguien\u201d, ambos recibiendo la ovaci\u00f3n de la comunidad que lleg\u00f3 hasta la plaza de la ciudad.<\/p>\n\n\n\n<p><strong>Intervenci\u00f3n agrupaciones de Memoria y Derechos Humanos<\/strong><\/p>\n\n\n\n<p>Otro de los momentos de emoci\u00f3n y respeto, fue durante la intervenci\u00f3n que representantes de agrupaciones de Memoria y Derechos Humanos de la regi\u00f3n de Antofagasta efectuaron durante la actividad, donde estuvieron presentes Juan V\u00e1squez de la agrupaci\u00f3n Sitio de Memoria La Veleidosa de Tocopilla, Luc\u00eda Rojas de la agrupaci\u00f3n de Familiares y Amigos de Ejecutados Pol\u00edticos y Detenidos Desaparecidos por la Memoria Hist\u00f3rica de Antofagasta, Afaeda, \u00c1ngel Quezada de la Corporaci\u00f3n Memoria Chacabuco, M\u00f3nica D\u00edaz de la agrupaci\u00f3n de Familiares de Ejecutados Pol\u00edticos y Detenidos Desaparecidos de Antofagasta, Afep-Afdd, Galvarino Irigoyen de agrupaci\u00f3n Ex Presos Pol\u00edticos de Antofagasta, H\u00e9ctor Campos de agrupaci\u00f3n por los Derechos Humanos de Antofagasta \u201cBrigada Salvador\u201d y Ricardo Zuaznabar de Comisi\u00f3n Independiente de Derechos Humanos de Tocopilla.<\/p>\n\n\n\n<p>Sobre la actividad, la presidenta de la agrupaci\u00f3n de familiares pol\u00edticos y detenidos desaparecidos de Antofagasta, M\u00f3nica D\u00edaz,&nbsp; manifest\u00f3 que \u201cyo creo que todas estas acciones para hacer memoria son muy significativas, es relevante en un momento de tanto negacionismo, hacer este tipo de actividades y que vaya de la mano de la Cultura, yo creo que realmente es plausible\u201d.<\/p>\n\n\n\n<p>En tanto, el encargado de Comunicaciones y secretario de la Corporaci\u00f3n Memoria Chacabuco, Juan Ariel Quezada, indic\u00f3 que \u201cespero que el 11 de septiembre sea m\u00e1s que nada la gente que se manifieste y d\u00e9 a conocer todo ese sentimiento, no quedarse sentado en el sof\u00e1 viendo c\u00f3mo por televisi\u00f3n vamos conociendo la historia, cuando en realidad la historia es un tema que debe estar en las escuelas, las instituciones; debe estar en todo lugar formal y dar a conocer lo que significa la historia de este pa\u00eds como cualquier otro hecho hist\u00f3rico, \u00e9ste es m\u00e1s tr\u00e1gico y reciente s\u00ed, pero ech\u00e9 de menos que otros a\u00f1os no haya tenido el peso tan grande que tuvo \u00e9ste\u201d.<\/p>\n\n\n\n<p><strong>Artistas e importancia de la Memoria<\/strong><\/p>\n\n\n\n<p>Las y los artistas que participaron de \u201cOnce Voces por el Nunca M\u00e1s\u201d destacaron la instancia cultural conmemorativa y coincidieron en la importancia de mantener la Memoria a trav\u00e9s del arte, tal como lo expres\u00f3 la maestra Nelly Lemus. \u201cTodo lo que se ha movido, realmente pasa a ser para nosotros para los trabajadores culturales una verdadera joya, es decir, es una demostraci\u00f3n de respeto, de cari\u00f1o. de decir: Uds. tienen un lugar en el espacio, en nuestra historia, porque la resistencia gran parte de la resistencia se llev\u00f3 gracias a las actividades de creadores, muchos que tuvimos que crear muchas formas de hacer resistencia\u201d.<\/p>\n\n\n\n<p>Mauricio Lagunas, vocalista de banda regional \u201cHombres que Lloran\u201d se\u00f1al\u00f3 que \u201cestoy muy contento y honrado de poder estar participando el d\u00eda de hoy aqu\u00ed, en esta conmemoraci\u00f3n. Como artista joven debo destacar que est\u00e1 en nuestras manos, como personas que ejercemos el arte de canalizar la energ\u00eda de las personas que ya no est\u00e1n, de los que estamos y los que vendr\u00e1n para que estas situaciones no vuelvan a ocurrir Nunca M\u00e1s\u201d.<\/p>\n\n\n\n<p>A las opiniones se sum\u00f3 Giannina Mutarello. \u201cA m\u00ed como cantautora sobre todo, me es muy importante participar en estas instancias, por un lado para participar y conmemorar este d\u00eda con otros compa\u00f1eros m\u00fasicos, desde el arte, la cultura, desde el rescate de otros compa\u00f1eros m\u00fasicos y por otro lado, es importante tomarse los espacios p\u00fablicos con actos culturales que tengan el objetivo de rescatar, no olvidar y sobre todo esto que le llamamos la no repetici\u00f3n del Nunca M\u00e1s, as\u00ed que estoy muy contenta de esta invitaci\u00f3n y por haber compartido con grandes elencos y compa\u00f1eros m\u00fasicos\u201d.<\/p>\n\n\n\n<p>Por su parte, la cantante Brenda Luna, manifest\u00f3 que \u201cestoy muy agradecida por esta invitaci\u00f3n a este acto conmemorativo donde ya cumplimos 50 a\u00f1os de este terrible y doloroso cruento Golpe de Estado en Chile, comandado por Pinochet y despu\u00e9s seguido por un mont\u00f3n de situaciones durante todos los a\u00f1os que siguieron en este pa\u00eds con otros presidentes. Yo estoy muy feliz y contenta de poder decir las cosas que quedaban por decir y queda mucho por decir a\u00fan, y mucho por seguir luchando tambi\u00e9n, desde la perspectiva del amor, de la m\u00fasica y del entendimiento, para que seamos mejores seres humanos en esta nueva sociedad que estanos forjando para Chile\u201d.<\/p>\n\n\n\n<p>Para finalizar el acto conmemorativo \u201cOnce Voces por el Nunca M\u00e1s\u201d todas y todos los artistas interpretaron juntos el tema \u201cEl Pueblo Unido jam\u00e1s ser\u00e1 vencido\u201d, que fue tambi\u00e9n vitoreado por el numeroso p\u00fablico que lleg\u00f3 hasta la plaza Sotomayor de Antofagasta, cerrando as\u00ed una inolvidable jornada de Arte y Memoria.<\/p>\n\n\n\n<p>Cabe destacar que las actividades de conmemoraci\u00f3n continuar\u00e1n y se extender\u00e1n hasta noviembre, programaci\u00f3n que la comunidad puede conocer en la plataforma oficial <a href=\"http:\/\/www.50.cl\">www.50.cl<\/a> .<\/p>\n","protected":false},"excerpt":{"rendered":"<p>M\u00fasica, declamaciones po\u00e9ticas y discursos de representantes de diversas agrupaciones de Memoria y Derechos Humanos de la regi\u00f3n de Antofagasta marcaron la actividad cultural. Una jornada llena de emociones, memoria&hellip;<\/p>\n","protected":false},"author":1,"featured_media":13636,"comment_status":"closed","ping_status":"closed","sticky":false,"template":"","format":"standard","meta":{"_monsterinsights_skip_tracking":false,"_monsterinsights_sitenote_active":false,"_monsterinsights_sitenote_note":"","_monsterinsights_sitenote_category":0,"footnotes":""},"categories":[2,188],"tags":[919,5259,5767,254,1844,214,48,8205,713,6738,3501],"class_list":["post-13634","post","type-post","status-publish","format-standard","has-post-thumbnail","hentry","category-antofagasta","category-patrimonio","tag-anos","tag-estado","tag-golpe","tag-mas","tag-memoria","tag-musica","tag-nunca","tag-once","tag-plaza","tag-sotomayor","tag-voces"],"_links":{"self":[{"href":"https:\/\/antofapop.cl\/index.php\/wp-json\/wp\/v2\/posts\/13634"}],"collection":[{"href":"https:\/\/antofapop.cl\/index.php\/wp-json\/wp\/v2\/posts"}],"about":[{"href":"https:\/\/antofapop.cl\/index.php\/wp-json\/wp\/v2\/types\/post"}],"author":[{"embeddable":true,"href":"https:\/\/antofapop.cl\/index.php\/wp-json\/wp\/v2\/users\/1"}],"replies":[{"embeddable":true,"href":"https:\/\/antofapop.cl\/index.php\/wp-json\/wp\/v2\/comments?post=13634"}],"version-history":[{"count":1,"href":"https:\/\/antofapop.cl\/index.php\/wp-json\/wp\/v2\/posts\/13634\/revisions"}],"predecessor-version":[{"id":13635,"href":"https:\/\/antofapop.cl\/index.php\/wp-json\/wp\/v2\/posts\/13634\/revisions\/13635"}],"wp:featuredmedia":[{"embeddable":true,"href":"https:\/\/antofapop.cl\/index.php\/wp-json\/wp\/v2\/media\/13636"}],"wp:attachment":[{"href":"https:\/\/antofapop.cl\/index.php\/wp-json\/wp\/v2\/media?parent=13634"}],"wp:term":[{"taxonomy":"category","embeddable":true,"href":"https:\/\/antofapop.cl\/index.php\/wp-json\/wp\/v2\/categories?post=13634"},{"taxonomy":"post_tag","embeddable":true,"href":"https:\/\/antofapop.cl\/index.php\/wp-json\/wp\/v2\/tags?post=13634"}],"curies":[{"name":"wp","href":"https:\/\/api.w.org\/{rel}","templated":true}]}}