{"id":13682,"date":"2023-09-26T15:47:07","date_gmt":"2023-09-26T12:47:07","guid":{"rendered":"https:\/\/antofapop.cl\/?p=13682"},"modified":"2023-09-26T15:47:07","modified_gmt":"2023-09-26T12:47:07","slug":"jairo-hofer-y-jose-alfredo-pollo-fuentes-estrenan-videoclip-de-herida-cruel","status":"publish","type":"post","link":"https:\/\/antofapop.cl\/index.php\/2023\/09\/26\/jairo-hofer-y-jose-alfredo-pollo-fuentes-estrenan-videoclip-de-herida-cruel\/","title":{"rendered":"<strong>Jairo Hofer y Jos\u00e9 Alfredo \u201cPollo\u201d Fuentes estrenan\u00a0videoclip de \u201cHerida Cruel\u201d<\/strong>"},"content":{"rendered":"<div class='booster-block booster-read-block'>\n                <div class=\"twp-read-time\">\n                \t<i class=\"booster-icon twp-clock\"><\/i> <span>Tiempo de Lectura:<\/span>2 Minutos, 24 Segundos                <\/div>\n\n            <\/div>\n<p><em><a rel=\"noreferrer noopener\" href=\"https:\/\/youtu.be\/v3TqikclZMc\" target=\"_blank\">&#8220;Herida Cruel&#8221;<\/a>\u00a0se encuentra disponible desde el viernes 1 de septiembre, en el\u00a0canal\u00a0oficial de\u00a0<a rel=\"noreferrer noopener\" href=\"https:\/\/youtu.be\/v3TqikclZMc\" target=\"_blank\">Youtube<\/a>\u00a0del artista nacional Jairo Hofer.<\/em><\/p>\n\n\n\n<p><a rel=\"noreferrer noopener\" href=\"https:\/\/www.instagram.com\/jairohofer\/\" target=\"_blank\">Jairo Hofer<\/a>, productor\u00a0y compositor chileno, acaba de estrenar su nuevo sencillo,\u00a0<a rel=\"noreferrer noopener\" href=\"https:\/\/youtu.be\/v3TqikclZMc\" target=\"_blank\">&#8220;Herida Cruel&#8221;<\/a>\u00a0junto al emblem\u00e1tico cantante y animador nacional,\u00a0<a rel=\"noreferrer noopener\" href=\"https:\/\/www.instagram.com\/pollofuentesoficial\/\" target=\"_blank\">Jos\u00e9 Alfredo Fuentes<\/a>. Los artistas de trayectoria, se unieron en una canci\u00f3n con un marcado estilo\u00a0<strong>setentero<\/strong>, en la que narran una dram\u00e1tica historia de amor. Esta nueva producci\u00f3n musical, viene acompa\u00f1ada de un l\u00fadico trabajo\u00a0<strong>audiovisual<\/strong>, con el que prometen conquistar a todos sus seguidores.<br><br>La nueva propuesta musical del d\u00fao, cuenta una historia de desamor en una pareja,\u00a0la que tristemente se separa\u00a0producto de una infidelidad por parte de una persona narcisista, quien al ser descubierta no siente culpa y arrepentimientos. De este modo la letra hace \u00e9nfasis en que\u00a0<strong>\u201cla traici\u00f3n es imperdonable,<\/strong>\u00a0<strong>m\u00e1s cuando viene de la persona a quien amas\u201d.<\/strong>\u00a0Esa es la\u00a0<a rel=\"noreferrer noopener\" href=\"https:\/\/youtu.be\/v3TqikclZMc\" target=\"_blank\">&#8220;Herida Cruel&#8221;<\/a><strong>,<\/strong>\u00a0aquella dif\u00edcil de sanar, menos olvidar.<br><br><strong>La uni\u00f3n de estos cantantes<\/strong>\u00a0se desarroll\u00f3 durante varios meses, en los que trabajaron arduamente en arreglos, grabaciones, ensayos y procesos de aprendizaje<strong>.<\/strong>\u00a0<strong>Hofer<\/strong>, reflexiona y menciona que\u00a0<strong>\u201cJos\u00e9 Alfredo Fuentes fue uno de mis referentes cuando ni\u00f1o. Es un gran artista, una gran voz, una persona muy gentil y carism\u00e1tica\u201d<\/strong>.<br><br>Adem\u00e1s, a\u00f1ade que\u00a0<strong>&#8220;estoy seguro que lograremos quedar en la retina musical de muchos corazones, tanto en nuestro pa\u00eds como en el extranjero\u201d.<\/strong><br>\u00a0<br><a rel=\"noreferrer noopener\" href=\"https:\/\/www.instagram.com\/pollofuentesoficial\/\" target=\"_blank\">Jos\u00e9 Alfredo<\/a>\u00a0por su parte, comenta con entusiasmo, que al escuchar el single por primera vez, se identific\u00f3 con la canci\u00f3n y las melod\u00edas con reminiscencias\u00a0de la\u00a0<strong>\u201cNUEVA OLA\u201d<\/strong>. Se\u00f1ala que \u201c<strong>si hubiese grabado esta canci\u00f3n en los a\u00f1os 70, sin duda alguna habr\u00eda sido un \u00e9xito\u201d.<\/strong><\/p>\n\n\n\n<figure class=\"wp-block-embed is-type-video is-provider-youtube wp-block-embed-youtube wp-embed-aspect-16-9 wp-has-aspect-ratio\"><div class=\"wp-block-embed__wrapper\">\n<iframe loading=\"lazy\" title=\"HERIDA CRUEL - Jairo Hofer Ft. Jos\u00e9 Alfredo Fuentes\" width=\"500\" height=\"281\" src=\"https:\/\/www.youtube.com\/embed\/v3TqikclZMc?feature=oembed\" frameborder=\"0\" allow=\"accelerometer; autoplay; clipboard-write; encrypted-media; gyroscope; picture-in-picture; web-share\" referrerpolicy=\"strict-origin-when-cross-origin\" allowfullscreen><\/iframe>\n<\/div><\/figure>\n\n\n\n<p>El desarrollo de la idea y letra de&nbsp;<strong>\u201cHerida Cruel\u201d<\/strong>, naci\u00f3 hace m\u00e1s de una d\u00e9cada y fue terminada en septiembre del 2022, a dos semanas de entrar al estudio a grabar. El largo proceso de la canci\u00f3n, termina en una&nbsp;<strong>creaci\u00f3n que narra profundas l\u00edricas, mezcladas con melod\u00edas&nbsp;<\/strong>que esperan enamorar al p\u00fablico.<\/p>\n\n\n\n<p><a href=\"https:\/\/youtu.be\/v3TqikclZMc\" target=\"_blank\" rel=\"noreferrer noopener\">&#8220;Herida Cruel&#8221;<\/a>&nbsp;cont\u00f3 con la producci\u00f3n, grabaci\u00f3n y mezcla del destacado&nbsp;Ingeniero en Sonido&nbsp;<a href=\"https:\/\/www.instagram.com\/gonzalosonido\/\" target=\"_blank\" rel=\"noreferrer noopener\">Gonzalo Ramos<\/a>&nbsp;en Espa\u00f1a, reconocido&nbsp;por una basta trayectoria en la industria&nbsp;de la m\u00fasica internacional. Adem\u00e1s, es miembro votante de&nbsp;<strong>The National Academy of Recording Arts and Sciences (NARAS), Grammy\u00ae Awards.&nbsp;<\/strong>Mientras que la letra, m\u00fasica y&nbsp;arreglos fue llevada a cabo por<strong>&nbsp;Jairo Hofer.<br>&nbsp;<\/strong><br>Este nuevo sencillo, es el cuarto single&nbsp;de su nuevo \u00e1lbum&nbsp;<strong>&#8220;Un D\u00eda Sin T\u00ed&#8221;, caracterizado por presentar nuevos temas cada mes.<\/strong><\/p>\n\n\n\n<p><strong>Sigue a Jairo Hofer<\/strong><strong>&nbsp;en sus redes sociales&nbsp;<\/strong><a href=\"https:\/\/www.facebook.com\/JAIROHOFER21\" target=\"_blank\" rel=\"noreferrer noopener\">Facebook<\/a><a href=\"https:\/\/www.instagram.com\/jairohofer\/\" target=\"_blank\" rel=\"noreferrer noopener\">Instagram<\/a><strong>para no perderte de sus novedades.<\/strong><\/p>\n\n\n\n<p><a href=\"https:\/\/youtu.be\/v3TqikclZMc\" target=\"_blank\" rel=\"noreferrer noopener\">&#8220;Herida Cruel&#8221;<\/a>&nbsp;<strong>se encuentra disponible desde el viernes 1&nbsp;de septiembre en el&nbsp;canal&nbsp;oficial de<\/strong>&nbsp;<a href=\"https:\/\/youtu.be\/v3TqikclZMc\" target=\"_blank\" rel=\"noreferrer noopener\">Youtube<\/a>&nbsp;<strong>de<\/strong>&nbsp;<strong>Jairo Hofer<\/strong>.<\/p>\n","protected":false},"excerpt":{"rendered":"<p>&#8220;Herida Cruel&#8221;\u00a0se encuentra disponible desde el viernes 1 de septiembre, en el\u00a0canal\u00a0oficial de\u00a0Youtube\u00a0del artista nacional Jairo Hofer. Jairo Hofer, productor\u00a0y compositor chileno, acaba de estrenar su nuevo sencillo,\u00a0&#8220;Herida Cruel&#8221;\u00a0junto al&hellip;<\/p>\n","protected":false},"author":1,"featured_media":13683,"comment_status":"closed","ping_status":"closed","sticky":false,"template":"","format":"standard","meta":{"_monsterinsights_skip_tracking":false,"_monsterinsights_sitenote_active":false,"_monsterinsights_sitenote_note":"","_monsterinsights_sitenote_category":0,"footnotes":""},"categories":[2,3],"tags":[8225,2534,5353,8226,5890,5889,986,7822,43],"class_list":["post-13682","post","type-post","status-publish","format-standard","has-post-thumbnail","hentry","category-antofagasta","category-musica-chilena","tag-alfredo","tag-cruel","tag-fuentes","tag-herida","tag-hofer","tag-jairo","tag-jose","tag-pollo","tag-videoclip"],"_links":{"self":[{"href":"https:\/\/antofapop.cl\/index.php\/wp-json\/wp\/v2\/posts\/13682"}],"collection":[{"href":"https:\/\/antofapop.cl\/index.php\/wp-json\/wp\/v2\/posts"}],"about":[{"href":"https:\/\/antofapop.cl\/index.php\/wp-json\/wp\/v2\/types\/post"}],"author":[{"embeddable":true,"href":"https:\/\/antofapop.cl\/index.php\/wp-json\/wp\/v2\/users\/1"}],"replies":[{"embeddable":true,"href":"https:\/\/antofapop.cl\/index.php\/wp-json\/wp\/v2\/comments?post=13682"}],"version-history":[{"count":1,"href":"https:\/\/antofapop.cl\/index.php\/wp-json\/wp\/v2\/posts\/13682\/revisions"}],"predecessor-version":[{"id":13684,"href":"https:\/\/antofapop.cl\/index.php\/wp-json\/wp\/v2\/posts\/13682\/revisions\/13684"}],"wp:featuredmedia":[{"embeddable":true,"href":"https:\/\/antofapop.cl\/index.php\/wp-json\/wp\/v2\/media\/13683"}],"wp:attachment":[{"href":"https:\/\/antofapop.cl\/index.php\/wp-json\/wp\/v2\/media?parent=13682"}],"wp:term":[{"taxonomy":"category","embeddable":true,"href":"https:\/\/antofapop.cl\/index.php\/wp-json\/wp\/v2\/categories?post=13682"},{"taxonomy":"post_tag","embeddable":true,"href":"https:\/\/antofapop.cl\/index.php\/wp-json\/wp\/v2\/tags?post=13682"}],"curies":[{"name":"wp","href":"https:\/\/api.w.org\/{rel}","templated":true}]}}