{"id":13695,"date":"2023-09-26T16:21:04","date_gmt":"2023-09-26T13:21:04","guid":{"rendered":"https:\/\/antofapop.cl\/?p=13695"},"modified":"2023-09-26T16:21:04","modified_gmt":"2023-09-26T13:21:04","slug":"mural-del-loco-victor-inspiraciones-fuera-de-la-elite-cultural-de-la-perla-del-norte","status":"publish","type":"post","link":"https:\/\/antofapop.cl\/index.php\/2023\/09\/26\/mural-del-loco-victor-inspiraciones-fuera-de-la-elite-cultural-de-la-perla-del-norte\/","title":{"rendered":"Mural del loco V\u00edctor: inspiraciones fuera de la elite cultural de la Perla del Norte"},"content":{"rendered":"<div class='booster-block booster-read-block'>\n                <div class=\"twp-read-time\">\n                \t<i class=\"booster-icon twp-clock\"><\/i> <span>Tiempo de Lectura:<\/span>2 Minutos, 17 Segundos                <\/div>\n\n            <\/div>\n<p><strong><em>Obra de arte firmada por Pantera Pro fue realizada en el centro de la ciudad, previo al 11 de septiembre, inmortalizando al personaje popular emergido en el periodo de la dictadura.<\/em><\/strong><\/p>\n\n\n\n<p>En la intersecci\u00f3n de Maip\u00fa con Washington se puede apreciar inmortalizado en un mural a V\u00edctor Guillermo Barrios Gonz\u00e1lez, personaje de la cultura popular antofagastina.&nbsp;<\/p>\n\n\n\n<p>M\u00e1s conocido como \u201cel loco V\u00edctor\u201d, deambulaba durante las tardes por el centro de la ciudad. Muchas historias surg\u00edan alrededor de su andar, una persona alta, de grandes cejas y ojos esquivos. Con los a\u00f1os, la paciencia de V\u00edctor fue disminuyendo, haci\u00e9ndose cada vez m\u00e1s tosco y solitario, hasta su deceso el 04 de septiembre de 2022, a la edad de 82 a\u00f1os.&nbsp;<\/p>\n\n\n\n<p>Su familia relata que se uni\u00f3 a Carabineros previo a que Chile fuera sometido a la dictadura de Augusto Pinochet. Durante su juventud tom\u00f3 la decisi\u00f3n de enlistarse en las filas de Carabineros, sin dimensionar -en su entonces an\u00f3nima vida- los cruentos hechos que presenciar\u00eda, sucesos que habr\u00edan gatillado sus problemas de salud mental. Hay relatos que incluso aseguran que V\u00edctor se neg\u00f3 a cometer delitos de lesa humanidad, por lo que agentes de la dictadura lo habr\u00edan sometido a torturas hasta provocarle las graves afectaciones de las que fuimos testigos durante muchos a\u00f1os.&nbsp;<\/p>\n\n\n\n<p>Lamentablemente, no existe una versi\u00f3n oficial de los hechos, al igual que tantas otras historias olvidadas -a la fuerza- ocurridas durante dictadura.&nbsp;<\/p>\n\n\n\n<p>Sobre su motivaci\u00f3n para realizar la obra, el firmante y artista local, Pantera Pro relata que \u201ca lo largo de la ciudad se pueden observar murales, mosaicos y esculturas que honran a distintos personajes, entre escritores, intelectuales, prohombres y otras personalidades, pero escasamente se visibiliza a quienes est\u00e1n fuera de los circuitos de poder, culturales, de escritores o validados por otra instituci\u00f3n, que posean una historia detr\u00e1s\u2026 \u00e9ste es un reconocimiento a todos quienes no decidimos la historia y tenemos que lidiar con las consecuencias de ella, mientras quienes inciden de verdad gozan y abusan de su impunidad\u201d.&nbsp;<\/p>\n\n\n\n<p>El reconocimiento de la gente fue inmediato: \u201ces el Loco V\u00edctor\u201d. La poblaci\u00f3n que circulaba por el lugar se detuvo a conversar con el equipo de trabajo para compartir su relaci\u00f3n con este personaje popular. Es inevitable recordarlo, tener una historia junto a \u00e9l. Esto es lo que busca generar en la comunidad el mural. Las artes visuales en la calle son id\u00f3neas para presentar temas que no le son indiferentes a la comunidad, rescatando relatos urbanos degradados por el tiempo y evadidos por el poder.<\/p>\n\n\n\n<p>Se puede encontrar el proceso completo de esta obra y otras m\u00e1s de la firma en el siguiente Instagram: @panterapro_com o en el link: https:\/\/www.instagram.com\/reel\/CxGd2MbOThn\/?igshid=MTc4MmM1YmI2Ng==<\/p>\n","protected":false},"excerpt":{"rendered":"<p>Obra de arte firmada por Pantera Pro fue realizada en el centro de la ciudad, previo al 11 de septiembre, inmortalizando al personaje popular emergido en el periodo de la&hellip;<\/p>\n","protected":false},"author":1,"featured_media":13696,"comment_status":"closed","ping_status":"closed","sticky":false,"template":"","format":"standard","meta":{"_monsterinsights_skip_tracking":false,"_monsterinsights_sitenote_active":false,"_monsterinsights_sitenote_note":"","_monsterinsights_sitenote_category":0,"footnotes":""},"categories":[2,188],"tags":[614,8231,8230,8229,2182,1280,339,3426,980],"class_list":["post-13695","post","type-post","status-publish","format-standard","has-post-thumbnail","hentry","category-antofagasta","category-patrimonio","tag-cultural","tag-elite","tag-fuera","tag-inspiraciones","tag-loco","tag-mural","tag-norte","tag-perla","tag-victor"],"_links":{"self":[{"href":"https:\/\/antofapop.cl\/index.php\/wp-json\/wp\/v2\/posts\/13695"}],"collection":[{"href":"https:\/\/antofapop.cl\/index.php\/wp-json\/wp\/v2\/posts"}],"about":[{"href":"https:\/\/antofapop.cl\/index.php\/wp-json\/wp\/v2\/types\/post"}],"author":[{"embeddable":true,"href":"https:\/\/antofapop.cl\/index.php\/wp-json\/wp\/v2\/users\/1"}],"replies":[{"embeddable":true,"href":"https:\/\/antofapop.cl\/index.php\/wp-json\/wp\/v2\/comments?post=13695"}],"version-history":[{"count":1,"href":"https:\/\/antofapop.cl\/index.php\/wp-json\/wp\/v2\/posts\/13695\/revisions"}],"predecessor-version":[{"id":13697,"href":"https:\/\/antofapop.cl\/index.php\/wp-json\/wp\/v2\/posts\/13695\/revisions\/13697"}],"wp:featuredmedia":[{"embeddable":true,"href":"https:\/\/antofapop.cl\/index.php\/wp-json\/wp\/v2\/media\/13696"}],"wp:attachment":[{"href":"https:\/\/antofapop.cl\/index.php\/wp-json\/wp\/v2\/media?parent=13695"}],"wp:term":[{"taxonomy":"category","embeddable":true,"href":"https:\/\/antofapop.cl\/index.php\/wp-json\/wp\/v2\/categories?post=13695"},{"taxonomy":"post_tag","embeddable":true,"href":"https:\/\/antofapop.cl\/index.php\/wp-json\/wp\/v2\/tags?post=13695"}],"curies":[{"name":"wp","href":"https:\/\/api.w.org\/{rel}","templated":true}]}}