{"id":13800,"date":"2023-10-13T19:25:13","date_gmt":"2023-10-13T16:25:13","guid":{"rendered":"https:\/\/antofapop.cl\/?p=13800"},"modified":"2023-10-13T19:25:13","modified_gmt":"2023-10-13T16:25:13","slug":"franklin-comparte-single-y-video-para-calor","status":"publish","type":"post","link":"https:\/\/antofapop.cl\/index.php\/2023\/10\/13\/franklin-comparte-single-y-video-para-calor\/","title":{"rendered":"Franklin comparte single y video para &#8220;Calor&#8221;"},"content":{"rendered":"<div class='booster-block booster-read-block'>\n                <div class=\"twp-read-time\">\n                \t<i class=\"booster-icon twp-clock\"><\/i> <span>Tiempo de Lectura:<\/span>1 Minutos, 23 Segundos                <\/div>\n\n            <\/div>\n<p>La banda nacional liderada por&nbsp;<strong>Carlos Kretschmer<\/strong>&nbsp;(BBS Paranoicos) e&nbsp;<strong>Ismael Bustamante<\/strong>&nbsp;(Sin Perd\u00f3n) presenta su nuevo sencillo \u201c<a href=\"https:\/\/agenciapleable.us11.list-manage.com\/track\/click?u=af669a1b83e8e7a241def059a&amp;id=4cf76f2ba2&amp;e=63250dc901\" target=\"_blank\" rel=\"noreferrer noopener\"><strong>Calor<\/strong><\/a>\u201d.<br><br>\u201c<a href=\"https:\/\/agenciapleable.us11.list-manage.com\/track\/click?u=af669a1b83e8e7a241def059a&amp;id=7d2ee7c537&amp;e=63250dc901\" target=\"_blank\" rel=\"noreferrer noopener\"><strong>Calor<\/strong>\u201d<\/a>&nbsp;es el segundo single (con video clip) del pr\u00f3ximo disco de&nbsp;<strong>Franklin<\/strong>. As\u00ed es, la banda est\u00e1 de regreso a meses de lo que fue la canci\u00f3n \u201c<strong>Quema este lugar<\/strong>\u201d (enero 2023).<br><br><em>\u201cCalor es una canci\u00f3n que ampl\u00eda la paleta de colores s\u00f3nica de la banda hacia espacios introspectivos y emotivos, en clave \u00edntima y melanc\u00f3lica, conjugando elementos del rock, del pop y del indie, en una canci\u00f3n potente por la propuesta vocal y contenido instrumental\u201d<\/em>&nbsp;asegura Carlos.&nbsp;<strong>Roberto Ugarte<\/strong>&nbsp;(ex Weichafe) y&nbsp;<strong>Sebasti\u00e1n Urrutia<\/strong>&nbsp;(Juguete Enfermo) completan el cuarteto.<\/p>\n\n\n\n<p>\u201c<strong>Calor<\/strong>\u201d cuenta con la participaci\u00f3n de\u00a0<strong>Sebastian Gallardo<\/strong>, quien adem\u00e1s figura como productor junto a\u00a0<strong>Fernando Lamas\u00a0<\/strong>(ambos del grupo We Are The Grand). Se grab\u00f3 en\u00a0<strong>Estudios Fantasma<\/strong>\u00a0y\u00a0<strong>Estudios CajaNegra<\/strong>. Mezclaron ambos en Estudio Fantasma y el nuevo single fue masterizado por\u00a0<strong>Jason Livermore<\/strong>\u00a0en\u00a0<strong>The Blasting Room<\/strong>, Estados Unidos.\u00a0<br><br>Cabe destacar que<strong>\u00a0Franklin\u00a0<\/strong>se form\u00f3 en 2019 en Santiago de Chile. Su primer \u00e1lbum \u201c<strong>Altamar<\/strong>\u201d (publicado en noviembre de 2021), les trajo excelentes comentarios en la prensa y de parte del p\u00fablico, destacando adem\u00e1s la invitaci\u00f3n recibida para ser show de apertura de Billy Idol en Chile, el pasado 1 de septiembre de 2022.<br><br>\u201c<a rel=\"noreferrer noopener\" href=\"https:\/\/agenciapleable.us11.list-manage.com\/track\/click?u=af669a1b83e8e7a241def059a&amp;id=764f92fe42&amp;e=63250dc901\" target=\"_blank\"><strong>Calor<\/strong>\u201d<\/a>\u00a0cuenta con su correspondiente video clip. La pieza audiovisual fue dirigida por\u00a0<strong>Cristian Pino Anguita<\/strong>\u00a0y la producci\u00f3n ejecutiva, a cargo de\u00a0<strong>Problematic Discos<\/strong>.<br><br>Escucha \u201c<a rel=\"noreferrer noopener\" href=\"https:\/\/agenciapleable.us11.list-manage.com\/track\/click?u=af669a1b83e8e7a241def059a&amp;id=9f2ee7d0c7&amp;e=63250dc901\" target=\"_blank\"><strong>Calor<\/strong><\/a>\u201d y ve su video en la cuenta de\u00a0<a rel=\"noreferrer noopener\" href=\"https:\/\/agenciapleable.us11.list-manage.com\/track\/click?u=af669a1b83e8e7a241def059a&amp;id=5d912487ca&amp;e=63250dc901\" target=\"_blank\"><strong>YouTube<\/strong><\/a>. Sigue a Franklin en su cuenta de\u00a0<a rel=\"noreferrer noopener\" href=\"https:\/\/agenciapleable.us11.list-manage.com\/track\/click?u=af669a1b83e8e7a241def059a&amp;id=e5857c98dc&amp;e=63250dc901\" target=\"_blank\"><strong>Instagram<\/strong><\/a><\/p>\n\n\n\n<figure class=\"wp-block-embed is-type-video is-provider-youtube wp-block-embed-youtube wp-embed-aspect-16-9 wp-has-aspect-ratio\"><div class=\"wp-block-embed__wrapper\">\n<iframe loading=\"lazy\" title=\"Franklin  y We Are The Grand -  Calor  (Video Oficial)\" width=\"500\" height=\"281\" src=\"https:\/\/www.youtube.com\/embed\/U9C01mQ0TQ8?feature=oembed\" frameborder=\"0\" allow=\"accelerometer; autoplay; clipboard-write; encrypted-media; gyroscope; picture-in-picture; web-share\" referrerpolicy=\"strict-origin-when-cross-origin\" allowfullscreen><\/iframe>\n<\/div><\/figure>\n","protected":false},"excerpt":{"rendered":"<p>La banda nacional liderada por&nbsp;Carlos Kretschmer&nbsp;(BBS Paranoicos) e&nbsp;Ismael Bustamante&nbsp;(Sin Perd\u00f3n) presenta su nuevo sencillo \u201cCalor\u201d. \u201cCalor\u201d&nbsp;es el segundo single (con video clip) del pr\u00f3ximo disco de&nbsp;Franklin. As\u00ed es, la banda&hellip;<\/p>\n","protected":false},"author":1,"featured_media":13801,"comment_status":"closed","ping_status":"closed","sticky":false,"template":"","format":"standard","meta":{"_monsterinsights_skip_tracking":false,"_monsterinsights_sitenote_active":false,"_monsterinsights_sitenote_note":"","_monsterinsights_sitenote_category":0,"footnotes":""},"categories":[3],"tags":[3543,8260,16,121],"class_list":["post-13800","post","type-post","status-publish","format-standard","has-post-thumbnail","hentry","category-musica-chilena","tag-calor","tag-franklin","tag-single","tag-video"],"_links":{"self":[{"href":"https:\/\/antofapop.cl\/index.php\/wp-json\/wp\/v2\/posts\/13800"}],"collection":[{"href":"https:\/\/antofapop.cl\/index.php\/wp-json\/wp\/v2\/posts"}],"about":[{"href":"https:\/\/antofapop.cl\/index.php\/wp-json\/wp\/v2\/types\/post"}],"author":[{"embeddable":true,"href":"https:\/\/antofapop.cl\/index.php\/wp-json\/wp\/v2\/users\/1"}],"replies":[{"embeddable":true,"href":"https:\/\/antofapop.cl\/index.php\/wp-json\/wp\/v2\/comments?post=13800"}],"version-history":[{"count":1,"href":"https:\/\/antofapop.cl\/index.php\/wp-json\/wp\/v2\/posts\/13800\/revisions"}],"predecessor-version":[{"id":13802,"href":"https:\/\/antofapop.cl\/index.php\/wp-json\/wp\/v2\/posts\/13800\/revisions\/13802"}],"wp:featuredmedia":[{"embeddable":true,"href":"https:\/\/antofapop.cl\/index.php\/wp-json\/wp\/v2\/media\/13801"}],"wp:attachment":[{"href":"https:\/\/antofapop.cl\/index.php\/wp-json\/wp\/v2\/media?parent=13800"}],"wp:term":[{"taxonomy":"category","embeddable":true,"href":"https:\/\/antofapop.cl\/index.php\/wp-json\/wp\/v2\/categories?post=13800"},{"taxonomy":"post_tag","embeddable":true,"href":"https:\/\/antofapop.cl\/index.php\/wp-json\/wp\/v2\/tags?post=13800"}],"curies":[{"name":"wp","href":"https:\/\/api.w.org\/{rel}","templated":true}]}}