{"id":13803,"date":"2023-10-13T19:29:54","date_gmt":"2023-10-13T16:29:54","guid":{"rendered":"https:\/\/antofapop.cl\/?p=13803"},"modified":"2023-10-13T19:29:54","modified_gmt":"2023-10-13T16:29:54","slug":"con-cerca-de-20-mil-personas-los-tres-celebraron-su-reunion-en-la-plaza-de-la-independencia-de-concepcion","status":"publish","type":"post","link":"https:\/\/antofapop.cl\/index.php\/2023\/10\/13\/con-cerca-de-20-mil-personas-los-tres-celebraron-su-reunion-en-la-plaza-de-la-independencia-de-concepcion\/","title":{"rendered":"Con cerca de 20 mil personas, Los Tres celebraron su reuni\u00f3n en la Plaza de la Independencia de Concepci\u00f3n"},"content":{"rendered":"<div class='booster-block booster-read-block'>\n                <div class=\"twp-read-time\">\n                \t<i class=\"booster-icon twp-clock\"><\/i> <span>Tiempo de Lectura:<\/span>3 Minutos, 2 Segundos                <\/div>\n\n            <\/div>\n<p><em><strong>\u201cREVUELTA\u201d<\/strong>, <strong>\u00c1lvaro Henr\u00edquez \u2013 Titae Lindl \u2013 \u00c1ngel Parra \u2013 Pancho Molina.<\/strong><\/em><\/p>\n\n\n\n<p>Los Tres, la banda m\u00e1s importante del rock chileno reunida con su formaci\u00f3n original y m\u00e1s emblem\u00e1tica, brind\u00f3 un emocionante concierto gratuito en la Plaza de la Independencia de Concepci\u00f3n, justo en medio de dos lugares significativos para la historia del grupo: el Aula Magna, donde hace d\u00e9cadas debutaron como grupo tocando junto a Los Prisioneros; y el Teatro de la Universidad de Concepci\u00f3n, donde tocaron por \u00faltima vez en la ciudad antes de separarse la formaci\u00f3n original en 2000, hace 23 a\u00f1os.<\/p>\n\n\n\n<p>A las 13.30 hrs la banda subi\u00f3 al escenario para interpretar un set de cl\u00e1sicos de la \u00e9poca que los hizo grandes y que hasta hoy ha trascendido como un per\u00edodo fundamental de la cultura nacional. De hecho gran parte del p\u00fablico que llen\u00f3 el lugar fueron j\u00f3venes, estudiantes, hijos de fan\u00e1ticos, que nunca hab\u00edan podido ver a la formaci\u00f3n original y ahora son testigos del arranque de esta nueva etapa.<\/p>\n\n\n\n<p>Tan intacto como el valor de este legado art\u00edstico es la qu\u00edmica y la capacidad de la banda para generar magia al momento de tocar juntos. \u00c1lvaro Henr\u00edquez, Titae Lindl, \u00c1ngel Parra y Pancho Molina, los m\u00fasicos m\u00e1s dotados de su generaci\u00f3n, han trasladado su maestr\u00eda al contexto 2023 sonando tan fuerte, claro y s\u00f3lido como siempre. Ya no quedan dudas de que est\u00e1n de vuelta y no es s\u00f3lo el nombre, es la sustancia que sigue estando detr\u00e1s. Algo que s\u00f3lo pueden lograr Los Tres.<\/p>\n\n\n\n<p>Tras el simbolismo de volver a su lugar de origen para dar el puntapi\u00e9 inicial a su regreso, tocando gratis para la gente de su ciudad natal, ahora vienen nuevos desaf\u00edos: tocar en la inauguraci\u00f3n de los Juegos Panamericanos y Parapanamericanos, el 20 de octubre, y ya en la temporada 2024 los grandes conciertos que consagran su regreso: el s\u00e1bado 6 de abril en el Estadio Ester Roa de Concepci\u00f3n y el s\u00e1bado 27 y s\u00e1bado 28 de abril en el Movistar Arena de Santiago.<\/p>\n\n\n\n<p>Para todos esos conciertos se abri\u00f3 la venta de entradas este mismo jueves 12 de octubre al mediod\u00eda por sistema Puntoticket.<\/p>\n\n\n\n<p>La nueva era de Los Tres es una realidad. Y esto reci\u00e9n comienza. \u00a1Nos vemos en las pr\u00f3ximas paradas!<\/p>\n\n\n\n<p><strong>Setlist:<\/strong><br>Somos tontos no pesados<\/p>\n\n\n\n<p>Hojas de t\u00e9<\/p>\n\n\n\n<p>Gato por liebre&nbsp;<\/p>\n\n\n\n<p>La Torre de Babel<\/p>\n\n\n\n<p>D\u00e9jate caer&nbsp;<\/p>\n\n\n\n<p>Amor violento&nbsp;<\/p>\n\n\n\n<p>La vida que yo he pasado&nbsp;<\/p>\n\n\n\n<p>Haz sensor&nbsp;<\/p>\n\n\n\n<p>La primera vez&nbsp;<\/p>\n\n\n\n<p>Tu cari\u00f1o se me va<\/p>\n\n\n\n<p>No sabes que desperdicio tengo en el alma.<\/p>\n\n\n\n<p>Las entradas para los hist\u00f3ricos conciertos que marcar\u00e1n el regreso de la banda m\u00e1s importante del rock chileno, est\u00e1n disponibles&nbsp;<strong>en&nbsp;<\/strong><a href=\"https:\/\/www.puntoticket.com\/los-tres-revuelta\" rel=\"noreferrer noopener\" target=\"_blank\"><strong>https:\/\/www.puntoticket.com\/los-tres-revuelta<\/strong><\/a><strong>&nbsp;<\/strong>con los siguientes precios.&nbsp;&nbsp;<\/p>\n\n\n\n<p><strong>S\u00e1bado 6 de abril 2024 &#8211; Estadio Ester Roa, Concepci\u00f3n.<\/strong><br>Cancha General, $28.000<\/p>\n\n\n\n<p>Palcos, $120.000<\/p>\n\n\n\n<p>Andes VIP, $95.000<\/p>\n\n\n\n<p>Andes Superior, $35.000<\/p>\n\n\n\n<p>Andes Inferior, $40.000<\/p>\n\n\n\n<p>Pacifico Superior, $45.000<\/p>\n\n\n\n<p>Pacifico Inferior, $50.000<\/p>\n\n\n\n<p>Galer\u00eda, $22.000<\/p>\n\n\n\n<p>Silla de Ruedas, $28.000<\/p>\n\n\n\n<p>Acompa\u00f1ante Silla de Ruedas, $28.000<\/p>\n\n\n\n<p>*El precio de las entradas no incluye cargo por servicio.<br>*Concierto para todas las edades<\/p>\n\n\n\n<p><strong>S\u00e1bado&nbsp; 27 &#8211; Domingo&nbsp; 28 de abril 2024, Movistar Arena, Santiago.<\/strong><\/p>\n\n\n\n<p>Diamante,&nbsp; $109.250<\/p>\n\n\n\n<p>Platinum , $97.750<\/p>\n\n\n\n<p>Golden,&nbsp; $74.750<\/p>\n\n\n\n<p>Silver, $57.500<\/p>\n\n\n\n<p>Golden Platea Baja, $80.500<\/p>\n\n\n\n<p>Silver Plata Baja, $63.250<\/p>\n\n\n\n<p>Platea Alta, $51.750<\/p>\n\n\n\n<p>Galer\u00eda, $28.750<br>Silla de Ruedas $57.500<br>Acompa\u00f1ante Silla de Ruedas, $57.500<\/p>\n\n\n\n<p>Platea Alta Full, $51.750<\/p>\n\n\n\n<p>Tribuna, $28.750<br>*Todas las ubicaciones son numeradas.<\/p>\n\n\n\n<p>*El precio de las entradas no incluye cargo por servicio.<br>*Conciertos para todas las edades<\/p>\n","protected":false},"excerpt":{"rendered":"<p>\u201cREVUELTA\u201d, \u00c1lvaro Henr\u00edquez \u2013 Titae Lindl \u2013 \u00c1ngel Parra \u2013 Pancho Molina. Los Tres, la banda m\u00e1s importante del rock chileno reunida con su formaci\u00f3n original y m\u00e1s emblem\u00e1tica, brind\u00f3&hellip;<\/p>\n","protected":false},"author":1,"featured_media":13804,"comment_status":"closed","ping_status":"closed","sticky":false,"template":"","format":"standard","meta":{"_monsterinsights_skip_tracking":false,"_monsterinsights_sitenote_active":false,"_monsterinsights_sitenote_note":"","_monsterinsights_sitenote_category":0,"footnotes":""},"categories":[3],"tags":[2007,1098,1499,1032,398,713,8261,3604],"class_list":["post-13803","post","type-post","status-publish","format-standard","has-post-thumbnail","hentry","category-musica-chilena","tag-cerca","tag-concepcion","tag-independencia","tag-mil","tag-personas","tag-plaza","tag-reunion","tag-tres"],"_links":{"self":[{"href":"https:\/\/antofapop.cl\/index.php\/wp-json\/wp\/v2\/posts\/13803"}],"collection":[{"href":"https:\/\/antofapop.cl\/index.php\/wp-json\/wp\/v2\/posts"}],"about":[{"href":"https:\/\/antofapop.cl\/index.php\/wp-json\/wp\/v2\/types\/post"}],"author":[{"embeddable":true,"href":"https:\/\/antofapop.cl\/index.php\/wp-json\/wp\/v2\/users\/1"}],"replies":[{"embeddable":true,"href":"https:\/\/antofapop.cl\/index.php\/wp-json\/wp\/v2\/comments?post=13803"}],"version-history":[{"count":1,"href":"https:\/\/antofapop.cl\/index.php\/wp-json\/wp\/v2\/posts\/13803\/revisions"}],"predecessor-version":[{"id":13805,"href":"https:\/\/antofapop.cl\/index.php\/wp-json\/wp\/v2\/posts\/13803\/revisions\/13805"}],"wp:featuredmedia":[{"embeddable":true,"href":"https:\/\/antofapop.cl\/index.php\/wp-json\/wp\/v2\/media\/13804"}],"wp:attachment":[{"href":"https:\/\/antofapop.cl\/index.php\/wp-json\/wp\/v2\/media?parent=13803"}],"wp:term":[{"taxonomy":"category","embeddable":true,"href":"https:\/\/antofapop.cl\/index.php\/wp-json\/wp\/v2\/categories?post=13803"},{"taxonomy":"post_tag","embeddable":true,"href":"https:\/\/antofapop.cl\/index.php\/wp-json\/wp\/v2\/tags?post=13803"}],"curies":[{"name":"wp","href":"https:\/\/api.w.org\/{rel}","templated":true}]}}