{"id":13943,"date":"2023-10-30T18:16:48","date_gmt":"2023-10-30T15:16:48","guid":{"rendered":"https:\/\/antofapop.cl\/?p=13943"},"modified":"2023-10-30T18:16:49","modified_gmt":"2023-10-30T15:16:49","slug":"como-asesinar-a-felipes-estrena-el-video-de-espiral","status":"publish","type":"post","link":"https:\/\/antofapop.cl\/index.php\/2023\/10\/30\/como-asesinar-a-felipes-estrena-el-video-de-espiral\/","title":{"rendered":"C\u00f3mo Asesinar a Felipes estrena el video de &#8220;Espiral&#8221;"},"content":{"rendered":"<div class='booster-block booster-read-block'>\n                <div class=\"twp-read-time\">\n                \t<i class=\"booster-icon twp-clock\"><\/i> <span>Tiempo de Lectura:<\/span>1 Minutos, 0 Segundos                <\/div>\n\n            <\/div>\n<p><strong><em>El video esta inspirado en un cuento del escritor argentino Julio Cort\u00e1zar.<\/em><\/strong><\/p>\n\n\n\n<p>Grabado en la cordillera de los andes y santiago, el video de &#8220;Espiral&#8221; esta inspirado en un cuento del escrito argentino Julio Cort\u00e1zar &#8220;<em>Continuidad de los parques&#8221;.<\/em><\/p>\n\n\n\n<p>Este es el relato m\u00e1s breve de Cort\u00e1zar, en \u00e9l, la ficci\u00f3n y la realidad se entrelazan en una historia circular. Se manifiesta como paradigma de la &#8220;obra abierta&#8221; susceptible de m\u00faltiples lecturas.<\/p>\n\n\n\n<p><strong>&#8220;Espiral&#8221;<\/strong>\u00a0es una ventana abierta al coraz\u00f3n de la banda, donde la pasi\u00f3n y la creatividad convergen para crear algo verdaderamente especial.\u00a0 Reafirma el particular estilo de la banda, retratando muy bien lo que es el universo CAF.<\/p>\n\n\n\n<figure class=\"wp-block-embed is-type-video is-provider-youtube wp-block-embed-youtube wp-embed-aspect-16-9 wp-has-aspect-ratio\"><div class=\"wp-block-embed__wrapper\">\n<iframe loading=\"lazy\" title=\"Como Asesinar a Felipes \u2013 &quot;Espiral&quot; (Official Music Video)\" width=\"500\" height=\"281\" src=\"https:\/\/www.youtube.com\/embed\/TPnlnazQ0d8?feature=oembed\" frameborder=\"0\" allow=\"accelerometer; autoplay; clipboard-write; encrypted-media; gyroscope; picture-in-picture; web-share\" referrerpolicy=\"strict-origin-when-cross-origin\" allowfullscreen><\/iframe>\n<\/div><\/figure>\n\n\n\n<figure class=\"wp-block-embed is-type-rich is-provider-spotify wp-block-embed-spotify wp-embed-aspect-21-9 wp-has-aspect-ratio\"><div class=\"wp-block-embed__wrapper\">\n<iframe title=\"Spotify Embed: Espiral\" style=\"border-radius: 12px\" width=\"100%\" height=\"352\" frameborder=\"0\" allowfullscreen allow=\"autoplay; clipboard-write; encrypted-media; fullscreen; picture-in-picture\" loading=\"lazy\" src=\"https:\/\/open.spotify.com\/embed\/album\/495rUc24tM77ybcvdozycw?si=NRj8oPvVQhK8s0KX0r_6bg&#038;nd=1&#038;utm_source=oembed\"><\/iframe>\n<\/div><figcaption class=\"wp-element-caption\"><strong>&#8220;ENDLOS&#8221; se estrenar\u00e1 el 3 de noviembre<\/strong><br>\u00a0<br><strong>\u00a0 \u00a0 \u00a0 \u00a0\u00a0Tracklist:<\/strong><br>Espiral<br>Hologramas<br>En pausa<br>Invitaci\u00f3n de despedida<\/figcaption><\/figure>\n\n\n\n<p><strong>Acerca de Clouds Hill<\/strong><\/p>\n\n\n\n<p>Clouds Hill es la casa discogr\u00e1fica tambi\u00e9n de otros artistas como The Mars Volta, Omar Rodr\u00edguez-L\u00f3pez, Teri Gender Bender (l\u00edder de Le Butcherettes), Emma Elisabeth, Gone is Gone entre otros.<\/p>\n\n\n\n<p>Uno de los mayores prop\u00f3sitos de Cloud Hill es encontrar siempre artistas con la mejor calidad posible, buscando una forma en com\u00fan de sentir el arte.<\/p>\n","protected":false},"excerpt":{"rendered":"<p>El video esta inspirado en un cuento del escritor argentino Julio Cort\u00e1zar. Grabado en la cordillera de los andes y santiago, el video de &#8220;Espiral&#8221; esta inspirado en un cuento&hellip;<\/p>\n","protected":false},"author":1,"featured_media":13944,"comment_status":"closed","ping_status":"closed","sticky":false,"template":"","format":"standard","meta":{"_monsterinsights_skip_tracking":false,"_monsterinsights_sitenote_active":false,"_monsterinsights_sitenote_note":"","_monsterinsights_sitenote_category":0,"footnotes":""},"categories":[3],"tags":[370,8232,121],"class_list":["post-13943","post","type-post","status-publish","format-standard","has-post-thumbnail","hentry","category-musica-chilena","tag-espiral","tag-felipes","tag-video"],"_links":{"self":[{"href":"https:\/\/antofapop.cl\/index.php\/wp-json\/wp\/v2\/posts\/13943"}],"collection":[{"href":"https:\/\/antofapop.cl\/index.php\/wp-json\/wp\/v2\/posts"}],"about":[{"href":"https:\/\/antofapop.cl\/index.php\/wp-json\/wp\/v2\/types\/post"}],"author":[{"embeddable":true,"href":"https:\/\/antofapop.cl\/index.php\/wp-json\/wp\/v2\/users\/1"}],"replies":[{"embeddable":true,"href":"https:\/\/antofapop.cl\/index.php\/wp-json\/wp\/v2\/comments?post=13943"}],"version-history":[{"count":1,"href":"https:\/\/antofapop.cl\/index.php\/wp-json\/wp\/v2\/posts\/13943\/revisions"}],"predecessor-version":[{"id":13945,"href":"https:\/\/antofapop.cl\/index.php\/wp-json\/wp\/v2\/posts\/13943\/revisions\/13945"}],"wp:featuredmedia":[{"embeddable":true,"href":"https:\/\/antofapop.cl\/index.php\/wp-json\/wp\/v2\/media\/13944"}],"wp:attachment":[{"href":"https:\/\/antofapop.cl\/index.php\/wp-json\/wp\/v2\/media?parent=13943"}],"wp:term":[{"taxonomy":"category","embeddable":true,"href":"https:\/\/antofapop.cl\/index.php\/wp-json\/wp\/v2\/categories?post=13943"},{"taxonomy":"post_tag","embeddable":true,"href":"https:\/\/antofapop.cl\/index.php\/wp-json\/wp\/v2\/tags?post=13943"}],"curies":[{"name":"wp","href":"https:\/\/api.w.org\/{rel}","templated":true}]}}