{"id":13946,"date":"2023-10-30T18:22:19","date_gmt":"2023-10-30T15:22:19","guid":{"rendered":"https:\/\/antofapop.cl\/?p=13946"},"modified":"2023-10-30T18:22:19","modified_gmt":"2023-10-30T15:22:19","slug":"ebensai-lanza-su-segundo-disco-el-camino-a-medias","status":"publish","type":"post","link":"https:\/\/antofapop.cl\/index.php\/2023\/10\/30\/ebensai-lanza-su-segundo-disco-el-camino-a-medias\/","title":{"rendered":"Ebensai lanza su segundo disco &#8220;El camino a medias"},"content":{"rendered":"<div class='booster-block booster-read-block'>\n                <div class=\"twp-read-time\">\n                \t<i class=\"booster-icon twp-clock\"><\/i> <span>Tiempo de Lectura:<\/span>1 Minutos, 20 Segundos                <\/div>\n\n            <\/div>\n<p><strong><strong>Y quiere enfrentarse al concepto \u201c<em>American dream\u201d<\/em><\/strong><\/strong>.<\/p>\n\n\n\n<p>El ex campe\u00f3n regional de Redbull concepci\u00f3n (antes conocido como Temple) nos presenta su segundo \u00e1lbum llamado&nbsp;<strong>\u201cEl camino a medias\u201d<\/strong>.<\/p>\n\n\n\n<p>Con este disco&nbsp;<strong>Ebensai<\/strong>&nbsp;pretende llevar un modelo musical herm\u00e9tico y profundo, a la vanguardia del hip-hop nacional, a trav\u00e9s de la propuesta art\u00edstica de un \u00e1lbum cuyo esp\u00edritu pretende universalizar sentimientos de tristeza y p\u00e9rdida.<\/p>\n\n\n\n<p>Esto, basado en el concepto (acu\u00f1ado por el artista) de\u00a0<strong>\u201c<em>Latin nightmare\u201d,\u00a0<\/em><\/strong>el cual pretende enfrentarse a las promesas e ilusiones del problem\u00e1tico concepto \u201c<em>American dream\u201d\u00a0<\/em>del historiador James Truslow Adams.<\/p>\n\n\n\n<figure class=\"wp-block-embed is-type-video is-provider-youtube wp-block-embed-youtube wp-embed-aspect-16-9 wp-has-aspect-ratio\"><div class=\"wp-block-embed__wrapper\">\n<iframe loading=\"lazy\" title=\"Ebensai - Negro y oro (Full Film)\" width=\"500\" height=\"281\" src=\"https:\/\/www.youtube.com\/embed\/6PxZZjtCXyI?feature=oembed\" frameborder=\"0\" allow=\"accelerometer; autoplay; clipboard-write; encrypted-media; gyroscope; picture-in-picture; web-share\" referrerpolicy=\"strict-origin-when-cross-origin\" allowfullscreen><\/iframe>\n<\/div><figcaption class=\"wp-element-caption\">\u201cEl camino a medias\u201d cuenta tambi\u00e9n con la participaci\u00f3n de artistas de hip-hop reconocidos en el underground nacional tales como: Douglass, El Oss, Inefable, ESE R (Espa\u00f1a) y Emcigah.<\/figcaption><\/figure>\n\n\n\n<p><strong>\u201cEl camino a medias\u201d<\/strong>&nbsp;es tambi\u00e9n una frase que alude al sentimiento de renuncia y permanente huida que envuelve las 12 canciones de este LP.<\/p>\n\n\n\n<p>Este disco es una propuesta conceptual llevada a la m\u00fasica de la mano del productor<strong>&nbsp;<a href=\"https:\/\/www.instagram.com\/lidanza\/\" rel=\"noreferrer noopener\" target=\"_blank\">Lidanza<\/a><\/strong>, quien estuvo a cargo de la mezcla y el m\u00e1ster del proyecto.<\/p>\n\n\n\n<p>De ritmos hip hop, texturas experimentales como el jazz y letras que buscan dar significado al mundo, nace un sonido que marca la evoluci\u00f3n de la carrera musical de Ebensai y que transforma la propuesta del artista como un g\u00e9nero en si mismo.<\/p>\n\n\n\n<figure class=\"wp-block-embed is-type-rich is-provider-spotify wp-block-embed-spotify wp-embed-aspect-21-9 wp-has-aspect-ratio\"><div class=\"wp-block-embed__wrapper\">\n<iframe title=\"Spotify Embed: El camino a medias\" style=\"border-radius: 12px\" width=\"100%\" height=\"352\" frameborder=\"0\" allowfullscreen allow=\"autoplay; clipboard-write; encrypted-media; fullscreen; picture-in-picture\" loading=\"lazy\" src=\"https:\/\/open.spotify.com\/embed\/album\/03cjP5V60E3qTcU0PJpUGH?si=dBWS9YRuQ9Wsqf6El49uzQ&#038;nd=1&#038;utm_source=oembed\"><\/iframe>\n<\/div><figcaption class=\"wp-element-caption\"><strong>Tracklist &#8220;El camino a Medias&#8221;<\/strong><br>Isabel<br>N\u00f3mada<br>Barras para un sue\u00f1o ft El Oss, Douglass<br>Negro y Oro<br>Imperfect Blue ft ESE R<br>Nostalghia<br>\u00c9feso<br>Ojal\u00e1<br>Asimetr\u00eda<br>Casablanca ft Inefable<br>Rain ft Emcigah<br>Tormentas<\/figcaption><\/figure>\n\n\n\n<p><\/p>\n","protected":false},"excerpt":{"rendered":"<p>Y quiere enfrentarse al concepto \u201cAmerican dream\u201d. El ex campe\u00f3n regional de Redbull concepci\u00f3n (antes conocido como Temple) nos presenta su segundo \u00e1lbum llamado&nbsp;\u201cEl camino a medias\u201d. Con este disco&nbsp;Ebensai&nbsp;pretende&hellip;<\/p>\n","protected":false},"author":1,"featured_media":13947,"comment_status":"closed","ping_status":"closed","sticky":false,"template":"","format":"standard","meta":{"_monsterinsights_skip_tracking":false,"_monsterinsights_sitenote_active":false,"_monsterinsights_sitenote_note":"","_monsterinsights_sitenote_category":0,"footnotes":""},"categories":[3],"tags":[2092,20,8306,945,8307,1460],"class_list":["post-13946","post","type-post","status-publish","format-standard","has-post-thumbnail","hentry","category-musica-chilena","tag-camino","tag-disco","tag-ebensai","tag-lanza","tag-medias","tag-segundo"],"_links":{"self":[{"href":"https:\/\/antofapop.cl\/index.php\/wp-json\/wp\/v2\/posts\/13946"}],"collection":[{"href":"https:\/\/antofapop.cl\/index.php\/wp-json\/wp\/v2\/posts"}],"about":[{"href":"https:\/\/antofapop.cl\/index.php\/wp-json\/wp\/v2\/types\/post"}],"author":[{"embeddable":true,"href":"https:\/\/antofapop.cl\/index.php\/wp-json\/wp\/v2\/users\/1"}],"replies":[{"embeddable":true,"href":"https:\/\/antofapop.cl\/index.php\/wp-json\/wp\/v2\/comments?post=13946"}],"version-history":[{"count":1,"href":"https:\/\/antofapop.cl\/index.php\/wp-json\/wp\/v2\/posts\/13946\/revisions"}],"predecessor-version":[{"id":13948,"href":"https:\/\/antofapop.cl\/index.php\/wp-json\/wp\/v2\/posts\/13946\/revisions\/13948"}],"wp:featuredmedia":[{"embeddable":true,"href":"https:\/\/antofapop.cl\/index.php\/wp-json\/wp\/v2\/media\/13947"}],"wp:attachment":[{"href":"https:\/\/antofapop.cl\/index.php\/wp-json\/wp\/v2\/media?parent=13946"}],"wp:term":[{"taxonomy":"category","embeddable":true,"href":"https:\/\/antofapop.cl\/index.php\/wp-json\/wp\/v2\/categories?post=13946"},{"taxonomy":"post_tag","embeddable":true,"href":"https:\/\/antofapop.cl\/index.php\/wp-json\/wp\/v2\/tags?post=13946"}],"curies":[{"name":"wp","href":"https:\/\/api.w.org\/{rel}","templated":true}]}}