{"id":13949,"date":"2023-10-30T18:25:10","date_gmt":"2023-10-30T15:25:10","guid":{"rendered":"https:\/\/antofapop.cl\/?p=13949"},"modified":"2023-10-30T18:25:11","modified_gmt":"2023-10-30T15:25:11","slug":"saiko-estrena-drama-a-dias-de-su-lanzamiento-en-teatro-oriente","status":"publish","type":"post","link":"https:\/\/antofapop.cl\/index.php\/2023\/10\/30\/saiko-estrena-drama-a-dias-de-su-lanzamiento-en-teatro-oriente\/","title":{"rendered":"<strong>Saiko estrena\u00a0&#8220;DRAMA&#8221;\u00a0a d\u00edas de su lanzamiento en Teatro Oriente<\/strong>"},"content":{"rendered":"<div class='booster-block booster-read-block'>\n                <div class=\"twp-read-time\">\n                \t<i class=\"booster-icon twp-clock\"><\/i> <span>Tiempo de Lectura:<\/span>2 Minutos, 30 Segundos                <\/div>\n\n            <\/div>\n<p><strong><em>El noveno \u00e1lbum de la agrupaci\u00f3n ya est\u00e1 aqu\u00ed y contar\u00e1 con su lanzamiento el pr\u00f3ximo\u00a0<a rel=\"noreferrer noopener\" href=\"https:\/\/agenciarebeldes.us20.list-manage.com\/track\/click?u=12608a4c4b27528e709169dbd&amp;id=5bf75a2cfa&amp;e=dd88e52509\" target=\"_blank\">24 de noviembre<\/a>. El concierto no s\u00f3lo repasar\u00e1 de forma completa\u00a0<a rel=\"noreferrer noopener\" href=\"https:\/\/agenciarebeldes.us20.list-manage.com\/track\/click?u=12608a4c4b27528e709169dbd&amp;id=ce924ee20a&amp;e=dd88e52509\" target=\"_blank\">\u201cDRAMA\u201d<\/a>, tambi\u00e9n ser\u00e1 una conceptual ocasi\u00f3n para celebrar su importante trayectoria.<\/em><\/strong><\/p>\n\n\n\n<p>Luego de tres a\u00f1os gest\u00e1ndose, el noveno disco de&nbsp;<a href=\"https:\/\/agenciarebeldes.us20.list-manage.com\/track\/click?u=12608a4c4b27528e709169dbd&amp;id=30622efc61&amp;e=dd88e52509\" target=\"_blank\" rel=\"noreferrer noopener\"><strong>Saiko<\/strong><\/a>&nbsp;es una realidad. Con una serie de sencillos previos como&nbsp;<a href=\"https:\/\/agenciarebeldes.us20.list-manage.com\/track\/click?u=12608a4c4b27528e709169dbd&amp;id=42022dad5e&amp;e=dd88e52509\" target=\"_blank\" rel=\"noreferrer noopener\"><strong>\u2018 Av\u00edsame\u2019<\/strong><\/a>,&nbsp;&nbsp;<a href=\"https:\/\/agenciarebeldes.us20.list-manage.com\/track\/click?u=12608a4c4b27528e709169dbd&amp;id=32d1eaf447&amp;e=dd88e52509\" target=\"_blank\" rel=\"noreferrer noopener\"><strong>\u2018Se Nos Hace Tarde\u2019<\/strong><\/a>,&nbsp;<a href=\"https:\/\/agenciarebeldes.us20.list-manage.com\/track\/click?u=12608a4c4b27528e709169dbd&amp;id=6d4ba99f0a&amp;e=dd88e52509\" target=\"_blank\" rel=\"noreferrer noopener\"><strong>&#8216;Amaneciendo&#8217;<\/strong><\/a>&nbsp;y un&nbsp;<a href=\"https:\/\/agenciarebeldes.us20.list-manage.com\/track\/click?u=12608a4c4b27528e709169dbd&amp;id=c2804f5189&amp;e=dd88e52509\" target=\"_blank\" rel=\"noreferrer noopener\"><strong>\u00faltimo adelanto encargado de titular al album<\/strong><\/a>, podemos introducirnos \u00edntegramente en esta nueva era que ser\u00e1 celebrada con un especial lanzamiento en vivo en&nbsp;<strong>Teatro Oriente<\/strong>.&nbsp;<\/p>\n\n\n\n<p>\u201cEste disco se llama&nbsp;<a href=\"https:\/\/agenciarebeldes.us20.list-manage.com\/track\/click?u=12608a4c4b27528e709169dbd&amp;id=5be37171d2&amp;e=dd88e52509\" target=\"_blank\" rel=\"noreferrer noopener\"><strong>&#8220;DRAMA&#8221;<\/strong><\/a>&nbsp;por las diferentes situaciones que se han ido desarrollando en la sociedad actual desde que empezamos a trabajarlo:<strong>&nbsp;pandemia, estallido social, pol\u00edtica vociferante, guerras<\/strong>; todo ha causado divisiones y conflictos de todo tipo, que han crispado el ambiente social actual, las relaciones familiares y quiebres personales\u201d, cuenta la agrupaci\u00f3n.&nbsp;<\/p>\n\n\n\n<p>Con diez canciones capaces de abarcar el gran oc\u00e9ano sonoro e interpretativo de\u00a0<a rel=\"noreferrer noopener\" href=\"https:\/\/agenciarebeldes.us20.list-manage.com\/track\/click?u=12608a4c4b27528e709169dbd&amp;id=c6260b701a&amp;e=dd88e52509\" target=\"_blank\"><strong>Saiko<\/strong><\/a>,\u00a0<a rel=\"noreferrer noopener\" href=\"https:\/\/agenciarebeldes.us20.list-manage.com\/track\/click?u=12608a4c4b27528e709169dbd&amp;id=821b39452c&amp;e=dd88e52509\" target=\"_blank\"><strong>&#8220;DRAMA&#8221;<\/strong><\/a>\u00a0refresca la esencia de<strong>\u00a0Denisse Malebr\u00e1n y Luciano Rojas<\/strong>, sin olvidar aquellos estilos y elementos con los que han consolidado una de las carreras m\u00e1s activas de la m\u00fasica chilena durante las \u00faltimas d\u00e9cadas.<\/p>\n\n\n\n<p><strong>\u201cEl disco est\u00e1 influenciado, en alguna medida, por el trip hop de fines de los noventas,\u00a0g\u00e9nero\u00a0que marca mucho las primeras canciones de\u00a0<\/strong><a rel=\"noreferrer noopener\" href=\"https:\/\/agenciarebeldes.us20.list-manage.com\/track\/click?u=12608a4c4b27528e709169dbd&amp;id=0f22d8bdbf&amp;e=dd88e52509\" target=\"_blank\"><strong>Saiko<\/strong><\/a><strong>, y que muestra\u00a0en este LP un sonido \u00e1spero y melodioso, adem\u00e1s de una l\u00edrica de romanticismo cl\u00e1sico\u201d<\/strong>,\u00a0profundizanrespecto al trabajo, que adem\u00e1s de engrosar la discograf\u00eda de los artistas, tambi\u00e9n contar\u00e1 con un especial lanzamiento para introducirnos en el universo \u00a0<a rel=\"noreferrer noopener\" href=\"https:\/\/agenciarebeldes.us20.list-manage.com\/track\/click?u=12608a4c4b27528e709169dbd&amp;id=84a8531f90&amp;e=dd88e52509\" target=\"_blank\"><strong>&#8220;DRAMA&#8221;<\/strong><\/a>\u201d<\/p>\n\n\n\n<p><strong>Este 24 de noviembre, desde las 21:00 horas, Teatro Oriente recibe a\u00a0<\/strong><a rel=\"noreferrer noopener\" href=\"https:\/\/agenciarebeldes.us20.list-manage.com\/track\/click?u=12608a4c4b27528e709169dbd&amp;id=d802d7b9d5&amp;e=dd88e52509\" target=\"_blank\"><strong>Saiko<\/strong><\/a>\u00a0luego de un 2022 cargado de presentaciones por todo el pa\u00eds. Con todo el oficio del formato en vivo, y estas diez nuevas canciones en la cartera,\u00a0<a rel=\"noreferrer noopener\" href=\"https:\/\/agenciarebeldes.us20.list-manage.com\/track\/click?u=12608a4c4b27528e709169dbd&amp;id=7e32e19bea&amp;e=dd88e52509\" target=\"_blank\"><strong>&#8220;DRAMA&#8221;<\/strong><\/a>\u00a0ser\u00e1 presentado de forma completa en un concierto cuyas entradas est\u00e1n a la venta mediante\u00a0<a rel=\"noreferrer noopener\" href=\"https:\/\/agenciarebeldes.us20.list-manage.com\/track\/click?u=12608a4c4b27528e709169dbd&amp;id=52daced4bd&amp;e=dd88e52509\" target=\"_blank\"><strong>Puntoticket<\/strong><\/a>.\u00a0<br><br><strong>\u201cEstamos preparando nuestra tradicional fiesta de fin de a\u00f1o con un show de car\u00e1cter conceptual, que incluir\u00e1 variadas disciplinas art\u00edsticas como la danza, instrumentos cl\u00e1sicos en vivo y un espect\u00e1culo audiovisual a nivel, donde se ejecutar\u00e1 el disco en su totalidad y un recorrido por lo m\u00e1s descastado de nuestra larga discograf\u00eda. Tenemos unos invitados de lujo que nos acompa\u00f1ar\u00e1n en este importante hito para nosotros\u201d.<\/strong><br><br>Un pedazo de la historia musical chilena que no s\u00f3lo celebra nuevo \u00e1lbum, tambi\u00e9n el fuego vivo que mantienen tras m\u00e1s de treinta a\u00f1os de carrera; esta es la invitaci\u00f3n a ser testigos de una fruct\u00edfera historia que no cesa en su inquietud creativa, que contin\u00faa\u00a0regal\u00e1ndonos buenas historias y canciones como solo\u00a0<a rel=\"noreferrer noopener\" href=\"https:\/\/agenciarebeldes.us20.list-manage.com\/track\/click?u=12608a4c4b27528e709169dbd&amp;id=5b0d27411c&amp;e=dd88e52509\" target=\"_blank\"><strong>Saiko<\/strong><\/a>\u00a0sabe hacer.<\/p>\n\n\n\n<figure class=\"wp-block-embed is-type-rich is-provider-spotify wp-block-embed-spotify wp-embed-aspect-21-9 wp-has-aspect-ratio\"><div class=\"wp-block-embed__wrapper\">\n<iframe title=\"Spotify Embed: Drama\" style=\"border-radius: 12px\" width=\"100%\" height=\"352\" frameborder=\"0\" allowfullscreen allow=\"autoplay; clipboard-write; encrypted-media; fullscreen; picture-in-picture\" loading=\"lazy\" src=\"https:\/\/open.spotify.com\/embed\/album\/3ODXBYShxAlpNTKoiWY3Qb?si=MjkIML7hRa2Tx9WEYNCxcw&#038;context=spotify%3Aalbum%3A3ODXBYShxAlpNTKoiWY3Qb&#038;nd=1&#038;utm_source=oembed\"><\/iframe>\n<\/div><figcaption class=\"wp-element-caption\"><a rel=\"noreferrer noopener\" href=\"https:\/\/agenciarebeldes.us20.list-manage.com\/track\/click?u=12608a4c4b27528e709169dbd&amp;id=91856401dd&amp;e=dd88e52509\" target=\"_blank\"><strong><u>&#8216;<\/u><\/strong><\/a><strong><u>DRAMA<\/u><\/strong><a rel=\"noreferrer noopener\" href=\"https:\/\/agenciarebeldes.us20.list-manage.com\/track\/click?u=12608a4c4b27528e709169dbd&amp;id=19d7451ed8&amp;e=dd88e52509\" target=\"_blank\"><strong><u>&#8216;<\/u><\/strong><\/a><br><strong>Compositores<\/strong>: Luciano Rojas, Denisse Malebr\u00e1n<br><strong>Producci\u00f3n musical<\/strong>: Luciano Rojas,\u00a0 Denisse Malebr\u00e1n<br><strong>Grabaci\u00f3n y Producci\u00f3n<\/strong>: La F\u00e1brica Media Producciones, Santiago de Chile<br><strong>Mezcla y Mastering<\/strong>: Kevin Peterson, Nueva York, Estados Unidos.<\/figcaption><\/figure>\n","protected":false},"excerpt":{"rendered":"<p>El noveno \u00e1lbum de la agrupaci\u00f3n ya est\u00e1 aqu\u00ed y contar\u00e1 con su lanzamiento el pr\u00f3ximo\u00a024 de noviembre. El concierto no s\u00f3lo repasar\u00e1 de forma completa\u00a0\u201cDRAMA\u201d, tambi\u00e9n ser\u00e1 una conceptual&hellip;<\/p>\n","protected":false},"author":1,"featured_media":13950,"comment_status":"closed","ping_status":"closed","sticky":false,"template":"","format":"standard","meta":{"_monsterinsights_skip_tracking":false,"_monsterinsights_sitenote_active":false,"_monsterinsights_sitenote_note":"","_monsterinsights_sitenote_category":0,"footnotes":""},"categories":[3],"tags":[653,6193,204,8309,8308,125],"class_list":["post-13949","post","type-post","status-publish","format-standard","has-post-thumbnail","hentry","category-musica-chilena","tag-dias","tag-drama","tag-lanzamiento","tag-oriente","tag-saiko","tag-teatro"],"_links":{"self":[{"href":"https:\/\/antofapop.cl\/index.php\/wp-json\/wp\/v2\/posts\/13949"}],"collection":[{"href":"https:\/\/antofapop.cl\/index.php\/wp-json\/wp\/v2\/posts"}],"about":[{"href":"https:\/\/antofapop.cl\/index.php\/wp-json\/wp\/v2\/types\/post"}],"author":[{"embeddable":true,"href":"https:\/\/antofapop.cl\/index.php\/wp-json\/wp\/v2\/users\/1"}],"replies":[{"embeddable":true,"href":"https:\/\/antofapop.cl\/index.php\/wp-json\/wp\/v2\/comments?post=13949"}],"version-history":[{"count":1,"href":"https:\/\/antofapop.cl\/index.php\/wp-json\/wp\/v2\/posts\/13949\/revisions"}],"predecessor-version":[{"id":13951,"href":"https:\/\/antofapop.cl\/index.php\/wp-json\/wp\/v2\/posts\/13949\/revisions\/13951"}],"wp:featuredmedia":[{"embeddable":true,"href":"https:\/\/antofapop.cl\/index.php\/wp-json\/wp\/v2\/media\/13950"}],"wp:attachment":[{"href":"https:\/\/antofapop.cl\/index.php\/wp-json\/wp\/v2\/media?parent=13949"}],"wp:term":[{"taxonomy":"category","embeddable":true,"href":"https:\/\/antofapop.cl\/index.php\/wp-json\/wp\/v2\/categories?post=13949"},{"taxonomy":"post_tag","embeddable":true,"href":"https:\/\/antofapop.cl\/index.php\/wp-json\/wp\/v2\/tags?post=13949"}],"curies":[{"name":"wp","href":"https:\/\/api.w.org\/{rel}","templated":true}]}}