{"id":13953,"date":"2023-10-30T18:45:35","date_gmt":"2023-10-30T15:45:35","guid":{"rendered":"https:\/\/antofapop.cl\/?p=13953"},"modified":"2023-10-30T18:45:35","modified_gmt":"2023-10-30T15:45:35","slug":"mago-de-la-esencia-retrata-lo-vital-de-existir-en-es-lo-que-respiro","status":"publish","type":"post","link":"https:\/\/antofapop.cl\/index.php\/2023\/10\/30\/mago-de-la-esencia-retrata-lo-vital-de-existir-en-es-lo-que-respiro\/","title":{"rendered":"Mago de la Esencia retrata lo vital de existir en \u201cEs lo que respiro\u201d"},"content":{"rendered":"<div class='booster-block booster-read-block'>\n                <div class=\"twp-read-time\">\n                \t<i class=\"booster-icon twp-clock\"><\/i> <span>Tiempo de Lectura:<\/span>2 Minutos, 45 Segundos                <\/div>\n\n            <\/div>\n<p><em>El reconocido cantautor&nbsp;proveniente de la regi\u00f3n de la Araucan\u00eda, en la zona sur de Chile,&nbsp;destaca por sus trabajos po\u00e9ticos y espont\u00e1neos, donde rescata desde lo m\u00e1s profundo de su interioridad incentivos para un estilo de vida m\u00e1s aut\u00e9ntico. Su nuevo lanzamiento est\u00e1 muy ligado a este \u00faltimo punto, pues, habla sobre el valor del saber vivir en el presente.<\/em><\/p>\n\n\n\n<p><strong>\u201cEs Lo Que Respiro\u201d<\/strong>&nbsp;es el \u00faltimo estreno de&nbsp;<a href=\"https:\/\/www.instagram.com\/magodelaesencia\/\" target=\"_blank\" rel=\"noreferrer noopener\">Mago de la Esencia<\/a>, una de las estrellas del g\u00e9nero urbano chileno que sobresale por la conexi\u00f3n que establece con sus oyentes, a trav\u00e9s de sus canciones colmadas de inspiraci\u00f3n y aceptaci\u00f3n. Aquellas toman forma de&nbsp;<strong>\u201cconciencia musical\u201d<\/strong>, susurr\u00e1ndote:&nbsp;<em><strong>\u201cacepta lo que eres y dalo todo por alcanzar lo que deseas\u201d,<\/strong><\/em>&nbsp;en palabras del mismo autor.<\/p>\n\n\n\n<p>En su b\u00fasqueda de impactar a la humanidad, como se\u00f1ala Mago de la esencia<strong><em>&nbsp;\u201cpeque\u00f1os pero trascendentales cambios\u201d,<\/em><\/strong>&nbsp;y siguiendo la misma l\u00ednea de sus obras anteriores, lanz\u00f3 dicho single, que se corona como el cuarto adelanto de su primer \u00e1lbum de estudio, \u201c<strong>Planeta libre, volumen 1\u201d.<\/strong>&nbsp;Tras tremendos avances,<strong>&nbsp;<a href=\"https:\/\/www.instagram.com\/magodelaesencia\/\" target=\"_blank\" rel=\"noreferrer noopener\">Mago de la Esencia<\/a><\/strong>&nbsp;busca seguir cultivando su presencia en las plataformas de streaming musical y hacer resonar a\u00fan m\u00e1s &nbsp;su nombre en la escena musical latinoamericana.<\/p>\n\n\n\n<p>El artista, que destaca por su&nbsp;<strong>puesta en escena y&nbsp;reconocido por su poes\u00eda<\/strong>, compuso un beat cargado de fuertes&nbsp;<strong>percusiones, al estilo del rap<\/strong>, sin embargo, genera un equilibrio con la presencia de&nbsp;<strong>sonidos bohemios, propios de instrumentos de aire.<\/strong>&nbsp;Estas caracter\u00edsticas dotan de sensaciones \u00fanicas a&nbsp;<strong>\u201cEs Lo Que Respiro\u201d<\/strong>, que toman especial sentido en compa\u00f1\u00eda de la l\u00edrica.<\/p>\n\n\n\n<p>Al respecto, la letra te invita a fluir en medio de la existencia;\u00a0<em><strong>tal como el viento en los mencionados instrumentos, tal como el viento\u00a0en cada respiraci\u00f3n<\/strong><\/em>; y alude a la importancia de estar conectado consigo mismo, con las decisiones que se toman, siendo capaces de liderar la vida propia, pues, est\u00e1 pasando aqu\u00ed y ahora. No antes, ni despu\u00e9s, ya que, la vida es en este preciso instante.<\/p>\n\n\n\n<figure class=\"wp-block-embed is-type-video is-provider-youtube wp-block-embed-youtube wp-embed-aspect-16-9 wp-has-aspect-ratio\"><div class=\"wp-block-embed__wrapper\">\n<iframe loading=\"lazy\" title=\"Es lo que respiro - Mago de la Esencia &amp; David Bass video oficial \/\/ Rap Chileno Lautaro Araucan\u00eda\" width=\"500\" height=\"281\" src=\"https:\/\/www.youtube.com\/embed\/LdSM3OnhQss?feature=oembed\" frameborder=\"0\" allow=\"accelerometer; autoplay; clipboard-write; encrypted-media; gyroscope; picture-in-picture; web-share\" referrerpolicy=\"strict-origin-when-cross-origin\" allowfullscreen><\/iframe>\n<\/div><\/figure>\n\n\n\n<p>Como acto final,&nbsp;<a href=\"https:\/\/www.instagram.com\/magodelaesencia\/\" target=\"_blank\" rel=\"noreferrer noopener\"><strong>Mago de la Esencia<\/strong><\/a>&nbsp;agreg\u00f3 un elemento que enfatiza el mensaje y vuelve m\u00e1s po\u00e9tica la canci\u00f3n. Se trata de un suspiro, retrato fiel de la respiraci\u00f3n, que evoca la fragilidad del tiempo y resalta el sentido del presente.<br><br>Por otro lado, al igual que sus trabajos anteriores, el rapero us\u00f3 como escenario del videoclip los&nbsp;<strong>paisajes maravillosos del sur de Chile<\/strong>. Ecosistemas cargados de vida y poseedores de una energ\u00eda \u00fanica, que brinda alientos puros y llena el alma.<br><br>Para todos los amantes de la m\u00fasica y de la vida,&nbsp;<strong>\u201cEs lo que respiro\u201d<\/strong>&nbsp;se convertir\u00e1 en su himno personal, e ir\u00e1 cobrando cada vez m\u00e1s sentido en las mentes que viven el d\u00eda a d\u00eda de la mano del coraz\u00f3n. No te lo puedes perder.<\/p>\n\n\n\n<p><a href=\"https:\/\/open.spotify.com\/intl-es\/album\/0GXbvQkYPj2htOMxB83R6M?si=oqfZxP_yRGeaIkSNyaqj7Q\" target=\"_blank\" rel=\"noreferrer noopener\">Es Lo Que Respiro<\/a><strong>,&nbsp;<\/strong>cont\u00f3 con la producci\u00f3n musical y los beat de&nbsp;David Bass (David Rivas) grabado en&nbsp;BRS Estudio.<\/p>\n\n\n\n<p>Sigue a<a rel=\"noreferrer noopener\" href=\"https:\/\/www.instagram.com\/fran_ri\/\" target=\"_blank\"><\/a><strong>Mago de la Esencia\u00a0<\/strong>y conoce m\u00e1s sobre\u00a0<a rel=\"noreferrer noopener\" href=\"https:\/\/https\/\/open.spotify.com\/album\/2qQh3tdTsOhONQLwHKtzHP.spotify.com\/album\/2qQh3tdTsOhONQLwHKtzHP\" target=\"_blank\"><\/a>su promisoria carrera en redes sociales\u00a0<a rel=\"noreferrer noopener\" href=\"https:\/\/www.facebook.com\/magodelaesencia\" target=\"_blank\">Facebook<\/a><a rel=\"noreferrer noopener\" href=\"https:\/\/www.instagram.com\/magodelaesencia\/\" target=\"_blank\">\u00a0 Instagram<\/a><a rel=\"noreferrer noopener\" href=\"https:\/\/www.youtube.com\/@magodelaesencia\" target=\"_blank\"> Youtube<\/a><\/p>\n\n\n\n<figure class=\"wp-block-embed is-type-rich is-provider-spotify wp-block-embed-spotify wp-embed-aspect-21-9 wp-has-aspect-ratio\"><div class=\"wp-block-embed__wrapper\">\n<iframe title=\"Spotify Embed: Es Lo Que Respiro\" style=\"border-radius: 12px\" width=\"100%\" height=\"352\" frameborder=\"0\" allowfullscreen allow=\"autoplay; clipboard-write; encrypted-media; fullscreen; picture-in-picture\" loading=\"lazy\" src=\"https:\/\/open.spotify.com\/embed\/album\/0GXbvQkYPj2htOMxB83R6M?si=oqfZxP_yRGeaIkSNyaqj7Q&#038;nd=1&#038;utm_source=oembed\"><\/iframe>\n<\/div><\/figure>\n","protected":false},"excerpt":{"rendered":"<p>El reconocido cantautor&nbsp;proveniente de la regi\u00f3n de la Araucan\u00eda, en la zona sur de Chile,&nbsp;destaca por sus trabajos po\u00e9ticos y espont\u00e1neos, donde rescata desde lo m\u00e1s profundo de su interioridad&hellip;<\/p>\n","protected":false},"author":1,"featured_media":13954,"comment_status":"closed","ping_status":"closed","sticky":false,"template":"","format":"standard","meta":{"_monsterinsights_skip_tracking":false,"_monsterinsights_sitenote_active":false,"_monsterinsights_sitenote_note":"","_monsterinsights_sitenote_category":0,"footnotes":""},"categories":[3],"tags":[1685,8310,8311],"class_list":["post-13953","post","type-post","status-publish","format-standard","has-post-thumbnail","hentry","category-musica-chilena","tag-esencia","tag-mago","tag-vital"],"_links":{"self":[{"href":"https:\/\/antofapop.cl\/index.php\/wp-json\/wp\/v2\/posts\/13953"}],"collection":[{"href":"https:\/\/antofapop.cl\/index.php\/wp-json\/wp\/v2\/posts"}],"about":[{"href":"https:\/\/antofapop.cl\/index.php\/wp-json\/wp\/v2\/types\/post"}],"author":[{"embeddable":true,"href":"https:\/\/antofapop.cl\/index.php\/wp-json\/wp\/v2\/users\/1"}],"replies":[{"embeddable":true,"href":"https:\/\/antofapop.cl\/index.php\/wp-json\/wp\/v2\/comments?post=13953"}],"version-history":[{"count":1,"href":"https:\/\/antofapop.cl\/index.php\/wp-json\/wp\/v2\/posts\/13953\/revisions"}],"predecessor-version":[{"id":13955,"href":"https:\/\/antofapop.cl\/index.php\/wp-json\/wp\/v2\/posts\/13953\/revisions\/13955"}],"wp:featuredmedia":[{"embeddable":true,"href":"https:\/\/antofapop.cl\/index.php\/wp-json\/wp\/v2\/media\/13954"}],"wp:attachment":[{"href":"https:\/\/antofapop.cl\/index.php\/wp-json\/wp\/v2\/media?parent=13953"}],"wp:term":[{"taxonomy":"category","embeddable":true,"href":"https:\/\/antofapop.cl\/index.php\/wp-json\/wp\/v2\/categories?post=13953"},{"taxonomy":"post_tag","embeddable":true,"href":"https:\/\/antofapop.cl\/index.php\/wp-json\/wp\/v2\/tags?post=13953"}],"curies":[{"name":"wp","href":"https:\/\/api.w.org\/{rel}","templated":true}]}}