{"id":13975,"date":"2023-10-30T19:54:40","date_gmt":"2023-10-30T16:54:40","guid":{"rendered":"https:\/\/antofapop.cl\/?p=13975"},"modified":"2023-10-30T19:54:41","modified_gmt":"2023-10-30T16:54:41","slug":"gis11-la-nueva-voz-del-genero-urbano-emerge-desde-iquique","status":"publish","type":"post","link":"https:\/\/antofapop.cl\/index.php\/2023\/10\/30\/gis11-la-nueva-voz-del-genero-urbano-emerge-desde-iquique\/","title":{"rendered":"Gis11, la nueva voz del g\u00e9nero urbano emerge desde Iquique"},"content":{"rendered":"<div class='booster-block booster-read-block'>\n                <div class=\"twp-read-time\">\n                \t<i class=\"booster-icon twp-clock\"><\/i> <span>Tiempo de Lectura:<\/span>2 Minutos, 10 Segundos                <\/div>\n\n            <\/div>\n<p><strong><em>El cantante de 18 a\u00f1os estren\u00f3 su single \u201cOlvida ese weon\u201d en una presentaci\u00f3n en la Casa del Mojito Artesanal en el tradicional paseo Baquedano.<\/em><\/strong><\/p>\n\n\n\n<p>Disponible en las plataformas digitales de Spotify y Youtube, y tambi\u00e9n en las redes sociales de Instagram y TikTok, Gis11, la nueva voz del g\u00e9nero urbano que emerge desde Iquique, comparte con su p\u00fablico y con quienes se han sumado a su propuesta musical, el single \u201cOlvida ese weon\u201d.<\/p>\n\n\n\n<p>El artista nortino lanz\u00f3 su nuevo sencillo este mes junto con un movido videoclip, en una presentaci\u00f3n en la Casa del Mojito Artesanal, en el hist\u00f3rico paseo Baquedano en Iquique. En esa noche de octubre, Gis11, present\u00f3 en el escenario su \u00faltima canci\u00f3n, en un espect\u00e1culo que consider\u00f3 otros 8 temas que pronto estar\u00e1n disponibles para quienes son fieles al g\u00e9nero urbano.<\/p>\n\n\n\n<p>\u201cEstoy muy feliz con la recepci\u00f3n que ha tenido mi m\u00fasica en el \u00faltimo tiempo. Estoy trabajando, la mayor parte del tiempo de los siete d\u00edas de la semana en escribir, grabar y producir, para ir creciendo en el g\u00e9nero urbano. Al estrenar mi \u00faltimo tema y luego cantar otras canciones en el evento, compart\u00ed y agradec\u00ed uno a uno a mis seguidores\/as , y tambi\u00e9n a quienes me escucharon por primera vez\u201d, destac\u00f3 tras su presentaci\u00f3n.<\/p>\n\n\n\n<p>Gustavo Ignacio Zamorano Soto tiene 18 a\u00f1os. En 2021, en a\u00f1os de pandemia, comenz\u00f3 a dar sus primeros pasos en la m\u00fasica, principalmente haci\u00e9ndose conocido en las redes sociales de Instagram y TikTok. Esta respuesta en la audiencia adolescente y juvenil, hizo que diera un paso importante en su prominente carrera: mostrar sus canciones al mundo a trav\u00e9s de las plataformas digitales de Spotify y Youtube.<\/p>\n\n\n\n<p>\u201cDesde los 6 a\u00f1os ha sido un amor incondicional con la m\u00fasica. Empec\u00e9 en varios colegios a presentarme en espect\u00e1culos, principalmente haciendo covers de Justin Bieber y Romeo Santos\u201d, narr\u00f3 sobre sus inicios.<\/p>\n\n\n\n<p>Gis11 tuvo como inspiraci\u00f3n a la estrella mundial canadiense Justin Bieber, pero con el paso del tiempo fue cambiando su estilo musical adapt\u00e1ndose al g\u00e9nero urbano chileno, teniendo como referentes a Kidd Voodoo y Pailita.&nbsp;<\/p>\n\n\n\n<p>A los 17 a\u00f1os lanz\u00f3 su canci\u00f3n \u201cUn lunes\u201d, la que r\u00e1pidamente alcanz\u00f3 10 mil reproducciones en las plataformas digitales. Esto impuls\u00f3 su carrera art\u00edstica para poder seguir creando nuevos temas y conseguir su sue\u00f1o.&nbsp;<\/p>\n\n\n\n<p>\u201cQuiero lograr vivir de la m\u00fasica y transmitir una emoci\u00f3n al espectador cuando me escuchen\u201d, enfatiz\u00f3. Las redes sociales de Gis11 son @gis11music en Instagram y Tiktok.<\/p>\n\n\n\n<figure class=\"wp-block-embed is-type-video is-provider-youtube wp-block-embed-youtube wp-embed-aspect-16-9 wp-has-aspect-ratio\"><div class=\"wp-block-embed__wrapper\">\n<iframe loading=\"lazy\" title=\"Gis - Olvida Ese Weon (Video Oficial)\" width=\"500\" height=\"281\" src=\"https:\/\/www.youtube.com\/embed\/OFGYELg7e5Q?feature=oembed\" frameborder=\"0\" allow=\"accelerometer; autoplay; clipboard-write; encrypted-media; gyroscope; picture-in-picture; web-share\" referrerpolicy=\"strict-origin-when-cross-origin\" allowfullscreen><\/iframe>\n<\/div><\/figure>\n\n\n\n<figure class=\"wp-block-embed is-type-rich is-provider-spotify wp-block-embed-spotify wp-embed-aspect-21-9 wp-has-aspect-ratio\"><div class=\"wp-block-embed__wrapper\">\n<iframe title=\"Spotify Embed: Olvida Ese Weon\" style=\"border-radius: 12px\" width=\"100%\" height=\"152\" frameborder=\"0\" allowfullscreen allow=\"autoplay; clipboard-write; encrypted-media; fullscreen; picture-in-picture\" loading=\"lazy\" src=\"https:\/\/open.spotify.com\/embed\/track\/4NsZPgPLypTYtU673h09qx?si=9c33b0ee250f42c1&#038;nd=1&#038;utm_source=oembed\"><\/iframe>\n<\/div><\/figure>\n\n\n\n<p><strong>Instagram<\/strong>\u00a0<a rel=\"noreferrer noopener\" href=\"https:\/\/www.instagram.com\/gis11music\/\" target=\"_blank\">https:\/\/www.instagram.com\/gis11music\/<\/a><\/p>\n","protected":false},"excerpt":{"rendered":"<p>El cantante de 18 a\u00f1os estren\u00f3 su single \u201cOlvida ese weon\u201d en una presentaci\u00f3n en la Casa del Mojito Artesanal en el tradicional paseo Baquedano. Disponible en las plataformas digitales&hellip;<\/p>\n","protected":false},"author":1,"featured_media":13976,"comment_status":"closed","ping_status":"closed","sticky":false,"template":"","format":"standard","meta":{"_monsterinsights_skip_tracking":false,"_monsterinsights_sitenote_active":false,"_monsterinsights_sitenote_note":"","_monsterinsights_sitenote_category":0,"footnotes":""},"categories":[3],"tags":[829,8315,7331,196,597,331],"class_list":["post-13975","post","type-post","status-publish","format-standard","has-post-thumbnail","hentry","category-musica-chilena","tag-genero","tag-gis11","tag-iquique","tag-nueva","tag-urbano","tag-voz"],"_links":{"self":[{"href":"https:\/\/antofapop.cl\/index.php\/wp-json\/wp\/v2\/posts\/13975"}],"collection":[{"href":"https:\/\/antofapop.cl\/index.php\/wp-json\/wp\/v2\/posts"}],"about":[{"href":"https:\/\/antofapop.cl\/index.php\/wp-json\/wp\/v2\/types\/post"}],"author":[{"embeddable":true,"href":"https:\/\/antofapop.cl\/index.php\/wp-json\/wp\/v2\/users\/1"}],"replies":[{"embeddable":true,"href":"https:\/\/antofapop.cl\/index.php\/wp-json\/wp\/v2\/comments?post=13975"}],"version-history":[{"count":1,"href":"https:\/\/antofapop.cl\/index.php\/wp-json\/wp\/v2\/posts\/13975\/revisions"}],"predecessor-version":[{"id":13977,"href":"https:\/\/antofapop.cl\/index.php\/wp-json\/wp\/v2\/posts\/13975\/revisions\/13977"}],"wp:featuredmedia":[{"embeddable":true,"href":"https:\/\/antofapop.cl\/index.php\/wp-json\/wp\/v2\/media\/13976"}],"wp:attachment":[{"href":"https:\/\/antofapop.cl\/index.php\/wp-json\/wp\/v2\/media?parent=13975"}],"wp:term":[{"taxonomy":"category","embeddable":true,"href":"https:\/\/antofapop.cl\/index.php\/wp-json\/wp\/v2\/categories?post=13975"},{"taxonomy":"post_tag","embeddable":true,"href":"https:\/\/antofapop.cl\/index.php\/wp-json\/wp\/v2\/tags?post=13975"}],"curies":[{"name":"wp","href":"https:\/\/api.w.org\/{rel}","templated":true}]}}