{"id":14144,"date":"2023-11-07T18:15:45","date_gmt":"2023-11-07T15:15:45","guid":{"rendered":"https:\/\/antofapop.cl\/?p=14144"},"modified":"2023-11-07T18:15:46","modified_gmt":"2023-11-07T15:15:46","slug":"isla-alien-weathering-with-you-cineforo-y-mas-esta-semana-en-esquina-retornable","status":"publish","type":"post","link":"https:\/\/antofapop.cl\/index.php\/2023\/11\/07\/isla-alien-weathering-with-you-cineforo-y-mas-esta-semana-en-esquina-retornable\/","title":{"rendered":"ISLA ALIEN, WEATHERING WITH YOU, CINEFORO Y M\u00c1S&#8230; esta semana en Esquina Retornable"},"content":{"rendered":"<div class='booster-block booster-read-block'>\n                <div class=\"twp-read-time\">\n                \t<i class=\"booster-icon twp-clock\"><\/i> <span>Tiempo de Lectura:<\/span>3 Minutos, 29 Segundos                <\/div>\n\n            <\/div>\n<p><strong><em>Disfruta de dos nuevas funciones del exitoso estreno nacional ISLA ALIEN (2023).<\/em><\/strong><\/p>\n\n\n\n<p>En la d\u00e9cada de 1980, durante la dictadura militar chilena, un grupo de radioaficionados comenz\u00f3 a comunicarse con unos misteriosos seres que afirmaban vivir en la Isla Friendship y tener relaciones cercanas con una raza extraterrestre. Este es el inicio de un documental de ciencia ficci\u00f3n sobre uno de los casos de ovnis m\u00e1s intrigantes de los \u00faltimos tiempos. Una exploraci\u00f3n donde la verdad y la mentira crean un mitol\u00f3gico delirio con miles de seguidores, solo comprensible al analizar la mente y el enigm\u00e1tico pasado de su principal protagonista.<\/p>\n\n\n\n<p><img decoding=\"async\" alt=\"\ud83c\udf1f\" src=\"https:\/\/fonts.gstatic.com\/s\/e\/notoemoji\/15.0\/1f31f\/32.png\"> <strong>Estreno Nacional:<\/strong><\/p>\n\n\n\n<p><strong>ISLA ALIEN (2023)<\/strong><\/p>\n\n\n\n<p>Dir. Crist\u00f3bal Valenzuela \/ 87 min.<\/p>\n\n\n\n<p><img decoding=\"async\" alt=\"\ud83d\uddd3\" src=\"https:\/\/fonts.gstatic.com\/s\/e\/notoemoji\/15.0\/1f5d3\/32.png\"> Mi\u00e9rcoles 8 <img decoding=\"async\" alt=\"\u23f0\" src=\"https:\/\/fonts.gstatic.com\/s\/e\/notoemoji\/15.0\/23f0\/32.png\"> 18:00 hrs.<\/p>\n\n\n\n<p><img decoding=\"async\" src=\"https:\/\/fonts.gstatic.com\/s\/e\/notoemoji\/15.0\/1f5d3\/32.png\" alt=\"\ud83d\uddd3\"> Viernes 10 <img decoding=\"async\" src=\"https:\/\/fonts.gstatic.com\/s\/e\/notoemoji\/15.0\/23f0\/32.png\" alt=\"\u23f0\"> 20:00 hrs.<\/p>\n\n\n\n<p>El mi\u00e9rcoles 8 de noviembre, a las 20:00 hrs., <strong>COFFEE AND CIGARETTES (2003)<\/strong>, la pel\u00edcula de James Jarmusch, filmada a lo largo de 15 a\u00f1os.<\/p>\n\n\n\n<p>Un conjunto de episodios cortos, filmados a lo largo de 15 a\u00f1os. Esta historia, realizada por Jim Jarmusch, nos muestra retazos de once vidas diferentes que se sientan en torno a una mesa para compartir caf\u00e9, cigarros y di\u00e1logos no necesariamente trascendentales. La conversaci\u00f3n se sit\u00faa como eje vertebrador de estas personalidades tan distintas y tan iguales.<\/p>\n\n\n\n<p><img decoding=\"async\" alt=\"\ud83c\udfac\" src=\"https:\/\/fonts.gstatic.com\/s\/e\/notoemoji\/15.0\/1f3ac\/32.png\"><strong> COFFEE AND CIGARETTES (2003)<\/strong><\/p>\n\n\n\n<p>Dir. Jim Jarmusch\/ 96 min.<\/p>\n\n\n\n<p><img decoding=\"async\" src=\"https:\/\/fonts.gstatic.com\/s\/e\/notoemoji\/15.0\/1f5d3\/32.png\" alt=\"\ud83d\uddd3\"> Mi\u00e9rcoles 8 <img decoding=\"async\" src=\"https:\/\/fonts.gstatic.com\/s\/e\/notoemoji\/15.0\/23f0\/32.png\" alt=\"\u23f0\"> 20:00 hrs.<\/p>\n\n\n\n<p>Encantadora, rom\u00e1ntica e imprescindible. Esta semana tendremos dos funciones de una de las pel\u00edculas de anim\u00e9 m\u00e1s taquilleras de la historia, <strong>WEATHERING WITH YOU<\/strong>, del director Makoto Shinkai (Your Name, Suzume).<\/p>\n\n\n\n<p>Hodaka abandona la isla en la que vive y se traslada a Tokyo, donde comienza un trabajo como escritor en una extra\u00f1a revista. Desde que consigue su nuevo trabajo, el clima empieza a ser horrible. Un d\u00eda, conoce a una joven llamada Hina, poco a poco se van conociendo&#8230; hasta que Hodaka descubre algo asombroso: Hina puede controlar el clima.<\/p>\n\n\n\n<p><img decoding=\"async\" alt=\"\ud83c\udfac\" src=\"https:\/\/fonts.gstatic.com\/s\/e\/notoemoji\/15.0\/1f3ac\/32.png\"> <strong>WEATHERING WITH YOU (2019)<\/strong><\/p>\n\n\n\n<p>Dir. Makoto Shinkai \/ 106 min.<\/p>\n\n\n\n<p><img decoding=\"async\" alt=\"\ud83d\uddd3\" src=\"https:\/\/fonts.gstatic.com\/s\/e\/notoemoji\/15.0\/1f5d3\/32.png\"> Jueves 9 <img decoding=\"async\" alt=\"\u23f0\" src=\"https:\/\/fonts.gstatic.com\/s\/e\/notoemoji\/15.0\/23f0\/32.png\"> 18:00 hrs.<\/p>\n\n\n\n<p><img decoding=\"async\" src=\"https:\/\/fonts.gstatic.com\/s\/e\/notoemoji\/15.0\/1f5d3\/32.png\" alt=\"\ud83d\uddd3\"> S\u00e1bado 11 <img decoding=\"async\" src=\"https:\/\/fonts.gstatic.com\/s\/e\/notoemoji\/15.0\/23f0\/32.png\" alt=\"\u23f0\"> 18:00 hrs.<\/p>\n\n\n\n<p>El jueves 9, a las 20:00 hrs. El cl\u00e1sico de Stanley Kubrick, <strong>2001: ODISEA DEL ESPACIO<\/strong>, la pel\u00edcula de ciencia-ficci\u00f3n por excelencia de la historia del cine.<\/p>\n\n\n\n<p>En la noche de los tiempos, la presencia de un enigm\u00e1tico monolito, liso y de color negro, provoca en una tribu de primates el descubrimiento de las armas y las herramientas con las que el hombre dominar\u00e1 el mundo. Una elipsis nos traslada desde la era prehist\u00f3rica hasta la era espacial, donde un transbordador de la Agencia Espacial viaja a la Luna para estudiar el hallazgo de un monolito negro de origen extraterrestre, que ha permanecido enterrado desde hace millones de a\u00f1os.<\/p>\n\n\n\n<p><img decoding=\"async\" alt=\"\ud83c\udfac\" src=\"https:\/\/fonts.gstatic.com\/s\/e\/notoemoji\/15.0\/1f3ac\/32.png\"><strong> 2001: ODISEA DEL ESPACIO (1968)<\/strong><\/p>\n\n\n\n<p>Dir. Stanley Kubrick \/ 139 min.<\/p>\n\n\n\n<p><img decoding=\"async\" src=\"https:\/\/fonts.gstatic.com\/s\/e\/notoemoji\/15.0\/1f5d3\/32.png\" alt=\"\ud83d\uddd3\"> Jueves 9 <img decoding=\"async\" src=\"https:\/\/fonts.gstatic.com\/s\/e\/notoemoji\/15.0\/23f0\/32.png\" alt=\"\u23f0\"> 20:00 hrs.<\/p>\n\n\n\n<p>Este viernes a las 18:00 hrs. un thriller con tintes de terror, <strong>FROM DUSK TILL DAWN (1996)<\/strong><\/p>\n\n\n\n<p>Los hermanos Seth y Richard Gecko han protagonizado un sangriento atraco cerca de la frontera con M\u00e9xico. En su huida, han ido dejando un rastro de cad\u00e1veres a su paso que ha provocado que la polic\u00eda tome el asunto como algo personal. Para facilitar su huida, los dos hermanos deciden secuestrar a la familia Fuller, formada por un padre y sus dos hijos, y abandonar Estados Unidos en su autocaravana.<\/p>\n\n\n\n<p><img decoding=\"async\" alt=\"\ud83c\udfac\" src=\"https:\/\/fonts.gstatic.com\/s\/e\/notoemoji\/15.0\/1f3ac\/32.png\"> <strong>FROM DUSK TILL DAWN (1996) <\/strong><img decoding=\"async\" alt=\"\ud83c\uddfa\ud83c\uddf8\" src=\"https:\/\/fonts.gstatic.com\/s\/e\/notoemoji\/15.0\/1f1fa_1f1f8\/32.png\"><\/p>\n\n\n\n<p>Dir. Robert Rodriguez \/ 110 min.<\/p>\n\n\n\n<p><img decoding=\"async\" src=\"https:\/\/fonts.gstatic.com\/s\/e\/notoemoji\/15.0\/1f5d3\/32.png\" alt=\"\ud83d\uddd3\"> Viernes 10 <img decoding=\"async\" src=\"https:\/\/fonts.gstatic.com\/s\/e\/notoemoji\/15.0\/23f0\/32.png\" alt=\"\u23f0\"> 18:00 hrs.<\/p>\n\n\n\n<p>Para finalizar la semana, este s\u00e1bado a las 20:00 hrs. una funci\u00f3n gratuita de <strong>EL PINCEL COMO ARMA (2023).<\/strong><\/p>\n\n\n\n<p>Una pel\u00edcula in\u00e9dita que indaga en la historia del grupo muralista Brigada Ramona Parra, desde la voz de tres generaciones que han compuesto de manera hist\u00f3rica la agrupaci\u00f3n.<\/p>\n\n\n\n<p>El documental hist\u00f3rico, da cuenta de las tramas pol\u00edticas y militantes que entrecruzan a la Brigada, as\u00ed como tambi\u00e9n de sus v\u00ednculos afectivos y transgeneracionales, narrando desde sus propios miembros, fundacionales y actuales, el quehacer pol\u00edtico y art\u00edstico de la Brigada Ramona Parra en Chile.<\/p>\n\n\n\n<p>Al finalizar la funci\u00f3n, te invitamos a participar de un CINE FORO junto al director Benjam\u00edn Rojo.<\/p>\n\n\n\n<p><img decoding=\"async\" alt=\"\ud83c\udfac\" src=\"https:\/\/fonts.gstatic.com\/s\/e\/notoemoji\/15.0\/1f3ac\/32.png\"> <strong>EL PINCEL COMO ARMA (2023)<\/strong><\/p>\n\n\n\n<p>Dir. N\u00e9ma Van Raalte \/ 54 min.<\/p>\n\n\n\n<p><img decoding=\"async\" alt=\"\ud83d\uddd3\" src=\"https:\/\/fonts.gstatic.com\/s\/e\/notoemoji\/15.0\/1f5d3\/32.png\"> S\u00e1bado 11 <img decoding=\"async\" alt=\"\u23f0\" src=\"https:\/\/fonts.gstatic.com\/s\/e\/notoemoji\/15.0\/23f0\/32.png\"> 20:00 hrs. + Cine Foro junto a N\u00e9ma Van Raalte <img decoding=\"async\" alt=\"\ud83d\udde3\ufe0f\" src=\"https:\/\/fonts.gstatic.com\/s\/e\/notoemoji\/15.0\/1f5e3_fe0f\/32.png\"><img decoding=\"async\" alt=\"\ud83c\udfa6\" src=\"https:\/\/fonts.gstatic.com\/s\/e\/notoemoji\/15.0\/1f3a6\/32.png\"><\/p>\n\n\n\n<p>Obt\u00e9n tu entrada: <a href=\"https:\/\/forms.gle\/TbcTLwp3TEgrzdnP8\" target=\"_blank\" rel=\"noreferrer noopener\">https:\/\/forms.gle\/TbcTLwp3TEgrzdnP8<\/a><\/p>\n","protected":false},"excerpt":{"rendered":"<p>Disfruta de dos nuevas funciones del exitoso estreno nacional ISLA ALIEN (2023). En la d\u00e9cada de 1980, durante la dictadura militar chilena, un grupo de radioaficionados comenz\u00f3 a comunicarse con&hellip;<\/p>\n","protected":false},"author":1,"featured_media":14145,"comment_status":"closed","ping_status":"closed","sticky":false,"template":"","format":"standard","meta":{"_monsterinsights_skip_tracking":false,"_monsterinsights_sitenote_active":false,"_monsterinsights_sitenote_note":"","_monsterinsights_sitenote_category":0,"footnotes":""},"categories":[2,123],"tags":[8363,1252,5004,4511,1250,308,8364],"class_list":["post-14144","post","type-post","status-publish","format-standard","has-post-thumbnail","hentry","category-antofagasta","category-cine-tv-y-teatro","tag-alien","tag-cineforo","tag-esquina","tag-isla","tag-retornable","tag-semana","tag-weathering"],"_links":{"self":[{"href":"https:\/\/antofapop.cl\/index.php\/wp-json\/wp\/v2\/posts\/14144"}],"collection":[{"href":"https:\/\/antofapop.cl\/index.php\/wp-json\/wp\/v2\/posts"}],"about":[{"href":"https:\/\/antofapop.cl\/index.php\/wp-json\/wp\/v2\/types\/post"}],"author":[{"embeddable":true,"href":"https:\/\/antofapop.cl\/index.php\/wp-json\/wp\/v2\/users\/1"}],"replies":[{"embeddable":true,"href":"https:\/\/antofapop.cl\/index.php\/wp-json\/wp\/v2\/comments?post=14144"}],"version-history":[{"count":1,"href":"https:\/\/antofapop.cl\/index.php\/wp-json\/wp\/v2\/posts\/14144\/revisions"}],"predecessor-version":[{"id":14146,"href":"https:\/\/antofapop.cl\/index.php\/wp-json\/wp\/v2\/posts\/14144\/revisions\/14146"}],"wp:featuredmedia":[{"embeddable":true,"href":"https:\/\/antofapop.cl\/index.php\/wp-json\/wp\/v2\/media\/14145"}],"wp:attachment":[{"href":"https:\/\/antofapop.cl\/index.php\/wp-json\/wp\/v2\/media?parent=14144"}],"wp:term":[{"taxonomy":"category","embeddable":true,"href":"https:\/\/antofapop.cl\/index.php\/wp-json\/wp\/v2\/categories?post=14144"},{"taxonomy":"post_tag","embeddable":true,"href":"https:\/\/antofapop.cl\/index.php\/wp-json\/wp\/v2\/tags?post=14144"}],"curies":[{"name":"wp","href":"https:\/\/api.w.org\/{rel}","templated":true}]}}